{"id":105263,"date":"2026-01-15T09:11:08","date_gmt":"2026-01-15T09:11:08","guid":{"rendered":"https:\/\/www.europesays.com\/lv\/105263\/"},"modified":"2026-01-15T09:11:08","modified_gmt":"2026-01-15T09:11:08","slug":"danijas-arlietu-ministrs-skaidrs-ka-trampam-ir-velme-iekarot-grenlandi-1188-lv","status":"publish","type":"post","link":"https:\/\/www.europesays.com\/lv\/105263\/","title":{"rendered":"D\u0101nijas \u0101rlietu ministrs: Skaidrs, ka Trampam ir v\u0113lme iekarot Grenlandi &#8211; 1188.lv"},"content":{"rendered":"<ol>\n<li><a href=\"https:\/\/news.google.com\/rss\/articles\/CBMipAFBVV95cUxNaFIwWHZqQzhiQjlqa3pTOGdDZzZhc2F6djFaalYzbUdMa20xM05kT2lqZ1V6VU9qMmUyaGNLM0p4elFzREhyZ0s2MGlheUs4WFZfajdIQWJJOWdRVW5HcnFGdTFxV19Ya28wTnpsTTdQSWxRUmpEOUV2OWRvYUE0VkFuMnlBdjlBWFVIT2dObGVScW1tLUFUTVhMNi05YlZVNXFOMw?oc=5\" target=\"_blank\" rel=\"nofollow noopener\">D\u0101nijas \u0101rlietu ministrs: Skaidrs, ka Trampam ir v\u0113lme iekarot Grenlandi<\/a>&nbsp;&nbsp;1188.lv<\/li>\n<li><a href=\"https:\/\/news.google.com\/rss\/articles\/CBMipgNBVV95cUxNOTRDb1ZrZUx0V1N6REotWm5aQnFud21SeVdPNkMzdklRZXJfZTZENjNkeFBScDBLNlVYZ0Njdk91TlRWdHY2RjAzbkVJZHI3VG8wVHJIdWJ6Wkw0MlRVUWx3bFdUYmJ6Q0NucXJiWEtKZ28yeDlQSi1YLUpCSk9mSlpRczIyZDdBN3g2azFZRjlwQUEzbFVqS0tiWVJIaHhBR2NuR0NxR3hvZDFVNGVRS1NTMmRnYzhUYWVZd1JRUk5sVHcxVVRQQVl1WnhXRHl6V1JBLTRkc1hKa0hTY3ZUMXhmQlZTd2lnQTBmdlY4QVZZeVcwaml2QWQyc0E2eW54STd3VVJZbFVnWUlzLV93Rk5ScWc3aURhb2J1eU5wNTFvY1FCRWZ3c1VibXVReWdJRHNtWWdTenI0bUVtRHlRZjhuazlYLTEwaENzSDdaNG1PUkhQQUxQaHNJTDRxRXI3djFLYXRsS0NPcFdYWUY0bHljQmFLbURUTXViX1k4MTJ2Z1AycXdoeTNUaDRaNTdfWWlHOUt0QjlrSEVZX244cTBkVF8wQQ?oc=5\" target=\"_blank\" rel=\"nofollow noopener\">Tramps beidzot skaidri pasaka, k\u0101p\u0113c par katru cenu v\u0113las p\u0101r\u0146emt Grenlandi<\/a>&nbsp;&nbsp;Jauns.lv<\/li>\n<li><a href=\"https:\/\/news.google.com\/rss\/articles\/CBMi9AFBVV95cUxPdjBxMWpTSzVra2xsbGNiLXA1X2hRZHBJYzBOa293dktoWVc2VWU3YWZOaW5rOWZ5TEhzLTd6TjJqYWIwRHhDN2EzSlJiamZuc3Zab2M0SmlVVEtqNXVFUjVaVnZnUnZSaWZfdUZSbDlFQUJqSWJGSlZNTEJYLVZsT0EwcWRjZ3JYcm5MaWdxTVdfa3djY1FUZnU5ZWdHMS14YjBGZDM3RXBmeFB4S3VJd0w4dVNYdk80X2NrTlVlRE11c3dDQ2hzVXR0M3ZfMUQzalUtR181UHR2eEZ4WXJZdE5xbFdXVmJ5ZDE5Z3UxN2pFRWth?oc=5\" target=\"_blank\" rel=\"nofollow noopener\">Nav mazin\u0101ju\u0161\u0101s D\u0101nijas un ASV domstarp\u012bbas par Grenlandi \/ 15.01.2026<\/a>&nbsp;&nbsp;REplay.lv<\/li>\n<li><a href=\"https:\/\/news.google.com\/rss\/articles\/CBMiuAFBVV95cUxPd3czSEV2ckFiU1B3Wll5d1FGOHZva1pmZ2pDcVZzSW5jSHNVNHA5Zlc3blRua1AzSWtpZWVfTC1jMFlpN2hDbG9KWXJNSGlQUFpwbkxHb1pEZ3UyREhZY1BJTEF5cjRHZGo0OEdLcm43OFJqTmxFQ1kzTngyblRZYVlIUGI3SWJvVXB5bEpKNmlKelF6NGFVREVkQWlreVhGZDh4YnByMEVKRUg2LU1YNC0xcWF1cHNV?oc=5\" target=\"_blank\" rel=\"nofollow noopener\">\u201cRe\u0101l\u0101 paties\u012bba ir t\u0101da, ka \u013coti maz kuram Grenlande ir noz\u012bm\u012bga\u2026\u201d Vai \u0161\u012b sala ir liel\u0101ks drauds NATO sabrukumam nek\u0101 Ukraina?<\/a>&nbsp;&nbsp;LA.LV<\/li>\n<li><a href=\"https:\/\/news.google.com\/rss\/articles\/CBMingFBVV95cUxPWnZCNjIzalJMZkVlT1k2OGpaQmtWZDFkNmVQYlBFS1RfVVExTWpqWU5qWmtmX2wtR2Rwdlh6VTZ6SWdEcFlMOFBXMmRETDIweHliV2NhS1Q3Z1JPbkg4SFVlV01iajRFVDJwM0tWSTdmR0tfQVVURHNsUTlQSjBHMlo1aDBxSHFsYlY2V09nWDBDdWk1bWFLREV6TmxHQQ?oc=5\" target=\"_blank\" rel=\"nofollow noopener\">ASV P\u0101rst\u0101vju pal\u0101t\u0101 iesniedz likumprojektu par Grenlandes aneksiju<\/a>&nbsp;&nbsp;Apollo.lv<\/li>\n<\/ol>\n","protected":false},"excerpt":{"rendered":"D\u0101nijas \u0101rlietu ministrs: Skaidrs, ka Trampam ir v\u0113lme iekarot Grenlandi&nbsp;&nbsp;1188.lv Tramps beidzot skaidri pasaka, k\u0101p\u0113c par katru cenu&hellip;\n","protected":false},"author":2,"featured_media":105264,"comment_status":"","ping_status":"","sticky":false,"template":"","format":"standard","meta":{"footnotes":""},"categories":[14],"tags":[129,957,25245,23,57,28,29,32,33,22,30,31,35,39,38,36,37,34,40,20,26,27,958,25246,959,25247,24,25,54,55,56,21,58],"class_list":{"0":"post-105263","1":"post","2":"type-post","3":"status-publish","4":"format-standard","5":"has-post-thumbnail","7":"category-zinas-no-arvalstim","8":"tag-__typenameadvicekeyword","9":"tag-id597","10":"tag-id849","11":"tag-aktualitates","12":"tag-arvalstim","13":"tag-breaking-news","14":"tag-breakingnews","15":"tag-featured-news","16":"tag-featurednews","17":"tag-headlines","18":"tag-latest-news","19":"tag-latestnews","20":"tag-latvia","21":"tag-latvian","22":"tag-latviesu","23":"tag-latviesu-valoda","24":"tag-latviesuvaloda","25":"tag-latvija","26":"tag-lv","27":"tag-news","28":"tag-popularakas-zinas","29":"tag-popularakaszinas","30":"tag-slugasv","31":"tag-slugdanija","32":"tag-titleasv","33":"tag-titledanija","34":"tag-top-stories","35":"tag-topstories","36":"tag-world","37":"tag-world-news","38":"tag-worldnews","39":"tag-zinas","40":"tag-zinas-no-arvalstim"},"share_on_mastodon":{"url":"","error":"Validation failed: Text character limit of 500 exceeded"},"_links":{"self":[{"href":"https:\/\/www.europesays.com\/lv\/wp-json\/wp\/v2\/posts\/105263","targetHints":{"allow":["GET"]}}],"collection":[{"href":"https:\/\/www.europesays.com\/lv\/wp-json\/wp\/v2\/posts"}],"about":[{"href":"https:\/\/www.europesays.com\/lv\/wp-json\/wp\/v2\/types\/post"}],"author":[{"embeddable":true,"href":"https:\/\/www.europesays.com\/lv\/wp-json\/wp\/v2\/users\/2"}],"replies":[{"embeddable":true,"href":"https:\/\/www.europesays.com\/lv\/wp-json\/wp\/v2\/comments?post=105263"}],"version-history":[{"count":0,"href":"https:\/\/www.europesays.com\/lv\/wp-json\/wp\/v2\/posts\/105263\/revisions"}],"wp:featuredmedia":[{"embeddable":true,"href":"https:\/\/www.europesays.com\/lv\/wp-json\/wp\/v2\/media\/105264"}],"wp:attachment":[{"href":"https:\/\/www.europesays.com\/lv\/wp-json\/wp\/v2\/media?parent=105263"}],"wp:term":[{"taxonomy":"category","embeddable":true,"href":"https:\/\/www.europesays.com\/lv\/wp-json\/wp\/v2\/categories?post=105263"},{"taxonomy":"post_tag","embeddable":true,"href":"https:\/\/www.europesays.com\/lv\/wp-json\/wp\/v2\/tags?post=105263"}],"curies":[{"name":"wp","href":"https:\/\/api.w.org\/{rel}","templated":true}]}}