{"id":105265,"date":"2026-01-15T09:12:08","date_gmt":"2026-01-15T09:12:08","guid":{"rendered":"https:\/\/www.europesays.com\/lv\/105265\/"},"modified":"2026-01-15T09:12:08","modified_gmt":"2026-01-15T09:12:08","slug":"latvija-ieradisies-francijas-arlietu-ministrs-tvnet","status":"publish","type":"post","link":"https:\/\/www.europesays.com\/lv\/105265\/","title":{"rendered":"Latvij\u0101 ierad\u012bsies Francijas \u0101rlietu ministrs &#8211; TVNET"},"content":{"rendered":"<ol>\n<li><a href=\"https:\/\/news.google.com\/rss\/articles\/CBMif0FVX3lxTE5xb3dPZ1h1UFNZSEl2bTBnSDhEYTNuWGpRenZGN05iN2UtcUtQdElyZnZQOUt6Vmw0Q21YaC1lWWdyVm1zcDRLMV9XTklvVWQtc3FaRnlQRjA2SzBnY0lsbXFnSWFSMngtSnJSVXFzUFNlTHhFY2swUEdxUW1qQ1E?oc=5\" target=\"_blank\" rel=\"nofollow noopener\">Latvij\u0101 ierad\u012bsies Francijas \u0101rlietu ministrs<\/a>&nbsp;&nbsp;TVNET<\/li>\n<li><a href=\"https:\/\/news.google.com\/rss\/articles\/CBMidkFVX3lxTE1SX1czb0ROTUd3cGM4ekU5TmZjUXlyREpPMldqS1VkeXhISEd1TUxrUG5ReDhXS2V3cHRDc01sSm8xdUVYaDE1cldocUxUNEc2VnFwS0wxOEU1VGhRLVBDd2FGZ3R6LWltMW0zdDMyM1JBVHdhSFE?oc=5\" target=\"_blank\" rel=\"nofollow noopener\">15.janv\u0101r\u012b ierobe\u017eos satiksmi Vecr\u012bg\u0101<\/a>&nbsp;&nbsp;R\u012bgas valstspils\u0113tas pa\u0161vald\u012bba<\/li>\n<li><a href=\"https:\/\/news.google.com\/rss\/articles\/CBMi5gJBVV95cUxOU08yNlZRWWFYSXFiR2dOUkQ1aG9McVlCUHAyYjRTOEtvcm1DXzBXMHVQN0lkaGNOc3FzWTI2TF9UaFFXejYwX09hb0E5TXNacm5qM2ZENFJxTmJxN2kzQWNHckxnZUZBV3JxRmtzVk1mZUFZOVQwb3E2bkU4eldpSzl4Wk5jQzQwaVU1WXZkd1pTblVfUXhDSGc3NERSRFV2OVpXOURyOW1PVmpIdldMV0g3R2JHNXU3OWpHdmdTV1FEV0xWYVpwb1g4ZXJfb0NTMVptaFNzUW1ublpYWmVZcS0wcmthSmhHN05QYnBEWDA3ZW0zclZTQl9IT2Y5STJjbkx3bzdqUERoYnI2MzlZbTV3M2VaMkljVW1SQm1udTlsbFU3UnFCZnloNU9HWnBmSUttZzVlLXBpTFdYS3lWV29CQTJ4cEtSVUZGbU9ZQTMwVUJSV202YmFwY1I1VG9tU3Rud2hn?oc=5\" target=\"_blank\" rel=\"nofollow noopener\">Svinot 105 gadus kop\u0161 Latvijas starptautisk\u0101s atz\u012b\u0161anas, Francijas Eiropas un \u0101rlietu ministrs \u017dans Noels Baro ierad\u012bsies darba viz\u012bt\u0113 Latvij\u0101. B. Bra\u017ee r\u012bko ar\u012b Baltijas valstu un Francijas \u0101rlietu ministru tik\u0161anos<\/a>&nbsp;&nbsp;\u0100rlietu ministrija<\/li>\n<li><a href=\"https:\/\/news.google.com\/rss\/articles\/CBMiugFBVV95cUxNY0JmaW1yak1VTmJzekdjMWZ2UlE5UFlteURhT0NhUWlDS2w4SGUwYWxHX0FYeEg5QzQ2Q3VsZDI3c3VHUFV0MDUtblVHQ1poanYzYWdGeXNxMm1EM1dyRUFhV0NSTWVPMEtWeGw4cFZOQkRXOGdpUXFYMWRtSjZEZ052N2hqUnJFcXdMUkpWQkJtd1d3eHY4LUZQVDY0ZFlhejEteXpHVFNQYUo1RklpOC1TZzlSbmpPaWfSAb8BQVVfeXFMUDQySDJnSWVsUDRkd0hWSVByU3QxWUVtS2RJX1RYa1d3OEFkYnhtVzlkcGRhZU9XQ1N6aE00R0NCU1dYMG1sNVJOVnc2dkZuR1J4UU1xNUNZQTgyMHNJd3U5Ny1HVC1PWmVGcWpQMUQ2REx0SEhoYk1Oa0dNOXRJM3RNRFEtR2E4UkU2MGhvYWVxWjRSc3I1cm1xRlcxZ3pnMExSUzRwdnY5V2dYOEtoYU00czhibERzaG5yNkkyRWc?oc=5\" target=\"_blank\" rel=\"nofollow noopener\">Baiba Bra\u017ee r\u012bko Baltijas un Francijas \u0101rlietu ministru tik\u0161anos<\/a>&nbsp;&nbsp;bb.lv<\/li>\n<li><a href=\"https:\/\/news.google.com\/rss\/articles\/CBMiwwFBVV95cUxORlRrNXVYRks0WkFaOEgydzZWUFg4clVQaExSRURvWjkxaWtvMUhVMUwtZ1VxRzdWdGk4eVd1eGRmQ2tLLVBoUlhBenBoZk5JWnFXQmI1RVhyWk40ZW1sTUZzZWt4bElicFN1ZnlCTWc4WmpxMGlkcXF6aUFyNEVQUnA5VHlLdE5VV3ZCeXpGaE9QQkJfOUhDMW9RbVRZTU1tTEkxbXk3OVR5RnVxSk1jejJKTFNQd3hCc1RuRnE3MjBjM1k?oc=5\" target=\"_blank\" rel=\"nofollow noopener\">Izmai\u0146as darbak\u0101rt\u012bb\u0101: Latvij\u0101 darba viz\u012bt\u0113 ierad\u012bsies Francijas Eiropas un \u0101rlietu ministrs<\/a>&nbsp;&nbsp;\u0100rlietu ministrija<\/li>\n<\/ol>\n","protected":false},"excerpt":{"rendered":"Latvij\u0101 ierad\u012bsies Francijas \u0101rlietu ministrs&nbsp;&nbsp;TVNET 15.janv\u0101r\u012b ierobe\u017eos satiksmi Vecr\u012bg\u0101&nbsp;&nbsp;R\u012bgas valstspils\u0113tas pa\u0161vald\u012bba Svinot 105 gadus kop\u0161 Latvijas starptautisk\u0101s atz\u012b\u0161anas,&hellip;\n","protected":false},"author":2,"featured_media":105266,"comment_status":"","ping_status":"","sticky":false,"template":"","format":"standard","meta":{"footnotes":""},"categories":[12],"tags":[23,447,28,29,32,33,1309,22,30,31,35,39,38,36,37,34,40,20,26,27,24,25,21],"class_list":{"0":"post-105265","1":"post","2":"type-post","3":"status-publish","4":"format-standard","5":"has-post-thumbnail","7":"category-latvija","8":"tag-aktualitates","9":"tag-baiba-braze","10":"tag-breaking-news","11":"tag-breakingnews","12":"tag-featured-news","13":"tag-featurednews","14":"tag-francija","15":"tag-headlines","16":"tag-latest-news","17":"tag-latestnews","18":"tag-latvia","19":"tag-latvian","20":"tag-latviesu","21":"tag-latviesu-valoda","22":"tag-latviesuvaloda","23":"tag-latvija","24":"tag-lv","25":"tag-news","26":"tag-popularakas-zinas","27":"tag-popularakaszinas","28":"tag-top-stories","29":"tag-topstories","30":"tag-zinas"},"share_on_mastodon":{"url":"https:\/\/pubeurope.com\/@lv\/115898347963694171","error":""},"_links":{"self":[{"href":"https:\/\/www.europesays.com\/lv\/wp-json\/wp\/v2\/posts\/105265","targetHints":{"allow":["GET"]}}],"collection":[{"href":"https:\/\/www.europesays.com\/lv\/wp-json\/wp\/v2\/posts"}],"about":[{"href":"https:\/\/www.europesays.com\/lv\/wp-json\/wp\/v2\/types\/post"}],"author":[{"embeddable":true,"href":"https:\/\/www.europesays.com\/lv\/wp-json\/wp\/v2\/users\/2"}],"replies":[{"embeddable":true,"href":"https:\/\/www.europesays.com\/lv\/wp-json\/wp\/v2\/comments?post=105265"}],"version-history":[{"count":0,"href":"https:\/\/www.europesays.com\/lv\/wp-json\/wp\/v2\/posts\/105265\/revisions"}],"wp:featuredmedia":[{"embeddable":true,"href":"https:\/\/www.europesays.com\/lv\/wp-json\/wp\/v2\/media\/105266"}],"wp:attachment":[{"href":"https:\/\/www.europesays.com\/lv\/wp-json\/wp\/v2\/media?parent=105265"}],"wp:term":[{"taxonomy":"category","embeddable":true,"href":"https:\/\/www.europesays.com\/lv\/wp-json\/wp\/v2\/categories?post=105265"},{"taxonomy":"post_tag","embeddable":true,"href":"https:\/\/www.europesays.com\/lv\/wp-json\/wp\/v2\/tags?post=105265"}],"curies":[{"name":"wp","href":"https:\/\/api.w.org\/{rel}","templated":true}]}}