{"id":105270,"date":"2026-01-15T09:18:07","date_gmt":"2026-01-15T09:18:07","guid":{"rendered":"https:\/\/www.europesays.com\/lv\/105270\/"},"modified":"2026-01-15T09:18:07","modified_gmt":"2026-01-15T09:18:07","slug":"foto-vaira-vike-freberga-aicina-neuzkerties-un-bridina-par-loti-cinisku-krapnieku-gajienu","status":"publish","type":"post","link":"https:\/\/www.europesays.com\/lv\/105270\/","title":{"rendered":"FOTO. Vaira V\u012b\u0137e-Freberga aicina neuz\u0137erties un br\u012bdina par \u013coti cinisku kr\u0101pnieku g\u0101jienu"},"content":{"rendered":"<p>            Imanta Freiberga b\u0113res<\/p>\n<p>10:25, 15. janv\u0101ris 2026<\/p>\n<p>\u201cP\u0113d\u0113j\u0101s dien\u0101s soci\u0101lajos t\u012bklos par\u0101d\u012bju\u0161ies viltus ieraksti un rekl\u0101mas, kas izmanto Imanta Freiberga v\u0101rdu un fotogr\u0101fijas, lai maldin\u0101tu cilv\u0113kus un izkr\u0101ptu l\u012bdzek\u013cus. \u0160ie ieraksti ir nepatiesi, m\u016bsu \u0123imenei ar tiem nav nek\u0101das saist\u012bbas, un l\u016bdzam tos neizplat\u012bt un neveikt nek\u0101dus maks\u0101jumus.<\/p>\n<p>        Las\u012bt\u0101kie<br \/>\n        <a data-imagesrc=\"{&quot;300&quot;:&quot;https:\\\/\\\/lastatic.ams3.cdn.digitaloceanspaces.com\\\/2024\\\/04\\\/LET_24762978-1-300x199.jpg&quot;,&quot;768&quot;:&quot;https:\\\/\\\/lastatic.ams3.cdn.digitaloceanspaces.com\\\/2024\\\/04\\\/LET_24762978-1-768x510.jpg&quot;,&quot;200&quot;:&quot;https:\\\/\\\/lastatic.ams3.cdn.digitaloceanspaces.com\\\/2024\\\/04\\\/LET_24762978-1-200x133.jpg&quot;,&quot;400&quot;:&quot;https:\\\/\\\/lastatic.ams3.cdn.digitaloceanspaces.com\\\/2024\\\/04\\\/LET_24762978-1-400x266.jpg&quot;,&quot;500&quot;:&quot;https:\\\/\\\/lastatic.ams3.cdn.digitaloceanspaces.com\\\/2024\\\/04\\\/LET_24762978-1-500x332.jpg&quot;,&quot;800&quot;:&quot;https:\\\/\\\/lastatic.ams3.cdn.digitaloceanspaces.com\\\/2024\\\/04\\\/LET_24762978-1-800x531.jpg&quot;,&quot;1000&quot;:&quot;https:\\\/\\\/lastatic.ams3.cdn.digitaloceanspaces.com\\\/2024\\\/04\\\/LET_24762978-1.jpg&quot;}\" data-focuspoint=\"{&quot;x&quot;:&quot;47.38156399614123&quot;,&quot;y&quot;:&quot;33.25313680149975&quot;}\" data-p=\"2494626\" href=\"https:\/\/www.la.lv\/karmiska-vilkme-uz-lindam-pilseta-baumo-ka-hosams-abu-meri-ir-ar-jau-treso-lindu\" class=\"content-item lazy-load\" wp_automatic_readability=\"26.5\" rel=\"nofollow noopener\" target=\"_blank\"><\/p>\n<p>                                <img decoding=\"async\" src=\"\" alt=\"\" style=\"object-position: 47.38156399614123% 33.25313680149975%\" data-imageid=\"\"\/><\/p>\n<p>                                Kokteilis<\/p>\n<p>\n                                                \u201cKarmiska vilkme uz Lind\u0101m\u201d \u2013 pils\u0113t\u0101 baumo, ka Hosams Abu Meri ir ar jau tre\u0161o Lindu\n                            <\/p>\n<p><\/a><a data-imagesrc=\"{&quot;300&quot;:&quot;https:\\\/\\\/lastatic.ams3.cdn.digitaloceanspaces.com\\\/2026\\\/01\\\/afp_36n63th-300x200.jpg&quot;,&quot;1024&quot;:&quot;https:\\\/\\\/lastatic.ams3.cdn.digitaloceanspaces.com\\\/2026\\\/01\\\/afp_36n63th-1024x683.jpg&quot;,&quot;1536&quot;:&quot;https:\\\/\\\/lastatic.ams3.cdn.digitaloceanspaces.com\\\/2026\\\/01\\\/afp_36n63th-1536x1024.jpg&quot;,&quot;500&quot;:&quot;https:\\\/\\\/lastatic.ams3.cdn.digitaloceanspaces.com\\\/2026\\\/01\\\/afp_36n63th-500x333.jpg&quot;,&quot;800&quot;:&quot;https:\\\/\\\/lastatic.ams3.cdn.digitaloceanspaces.com\\\/2026\\\/01\\\/afp_36n63th-800x533.jpg&quot;,&quot;2560&quot;:&quot;https:\\\/\\\/lastatic.ams3.cdn.digitaloceanspaces.com\\\/2026\\\/01\\\/afp_36n63th-scaled.jpg&quot;}\" data-focuspoint=\"&quot;&quot;\" data-p=\"2492733\" href=\"https:\/\/www.la.lv\/tas-nav-normali-bet-ta-tas-ir-slaidins-atklaj-pratam-neaptveramas-lietas-kas-notiek-ar-rietumu-sankcijam-pret-krievijas-militaro-rupniecibu\" class=\"content-item lazy-load\" wp_automatic_readability=\"27.5\" rel=\"nofollow noopener\" target=\"_blank\"><\/p>\n<p>                                <img decoding=\"async\" src=\"\" alt=\"\" style=\"\" data-imageid=\"\"\/><\/p>\n<p>                                TV24<\/p>\n<p>                                            \u201cTas nav norm\u0101li, bet t\u0101 tas ir!\u201d Slaidi\u0146\u0161 atkl\u0101j pr\u0101tam neaptveramas lietas, kas notiek ar Rietumu sankcij\u0101m pret Krievijas milit\u0101ro r\u016bpniec\u012bbu\n                            <\/p>\n<p><\/a><a data-imagesrc=\"{&quot;300&quot;:&quot;https:\\\/\\\/lastatic.ams3.cdn.digitaloceanspaces.com\\\/2026\\\/01\\\/FotoJet-5-300x200.jpg&quot;,&quot;1024&quot;:&quot;https:\\\/\\\/lastatic.ams3.cdn.digitaloceanspaces.com\\\/2026\\\/01\\\/FotoJet-5-1024x683.jpg&quot;,&quot;1536&quot;:&quot;https:\\\/\\\/lastatic.ams3.cdn.digitaloceanspaces.com\\\/2026\\\/01\\\/FotoJet-5-1536x1024.jpg&quot;,&quot;500&quot;:&quot;https:\\\/\\\/lastatic.ams3.cdn.digitaloceanspaces.com\\\/2026\\\/01\\\/FotoJet-5-500x333.jpg&quot;,&quot;800&quot;:&quot;https:\\\/\\\/lastatic.ams3.cdn.digitaloceanspaces.com\\\/2026\\\/01\\\/FotoJet-5-800x533.jpg&quot;,&quot;1800&quot;:&quot;https:\\\/\\\/lastatic.ams3.cdn.digitaloceanspaces.com\\\/2026\\\/01\\\/FotoJet-5.jpg&quot;}\" data-focuspoint=\"&quot;&quot;\" data-p=\"2491277\" href=\"https:\/\/www.la.lv\/vecums-nav-spriedums-5-pazimes-kas-liecina-ka-jus-novecojat-loti-veiksmigi\" class=\"content-item lazy-load\" wp_automatic_readability=\"27\" rel=\"nofollow noopener\" target=\"_blank\"><\/p>\n<p>                                <img decoding=\"async\" src=\"\" alt=\"\" style=\"\" data-imageid=\"\"\/><\/p>\n<p>\n                                                Vecums nav spriedums: 5 paz\u012bmes, kas liecina, ka j\u016bs novecojat \u013coti veiksm\u012bgi\n                            <\/p>\n<p><\/a><br \/>\n        <a class=\"read-more\" href=\"https:\/\/www.la.lv\/top\" rel=\"nofollow noopener\" target=\"_blank\">Las\u012bt citas zi\u0146as<\/a><\/p>\n<p>Ja k\u0101ds v\u0113las godin\u0101t Imanta Freiberga piemi\u0146u, vien\u012bg\u0101 ofici\u0101l\u0101 iesp\u0113ja to dar\u012bt ir ar V\u012btola <a href=\"https:\/\/www.vairavikefreiberga.lv\/imanta-freiberga-pieminas-stipendija-vitolu-fonda\/?fbclid=IwY2xjawPVgDJleHRuA2FlbQIxMABicmlkETFTRXhXdlc2akZGbjVCcmhFc3J0YwZhcHBfaWQQMjIyMDM5MTc4ODIwMDg5MgABHnx2nvvIgft4V-KV5J5lVhjBwxLH0uda2JlMmxsr_ezFCc3mK5UvACwwpKc8_aem_bkqHOX-cbuB7TwbvZAnhfw\" rel=\"nofollow noopener\" target=\"_blank\">fonda<\/a> starpniec\u012bbu.<\/p>\n<p>L\u016bdzam par \u0161iem kr\u0101pnieciskajiem ierakstiem zi\u0146ot Facebook un blo\u0137\u0113t profilus, kas tos izplata. Paldies par sapratni un atbalstu \u0161aj\u0101 laik\u0101.\u201d<\/p>\n<p>    CITI \u0160OBR\u012aD LASA<\/p>\n<p> R\u012bgas Dom\u0101 10. janv\u0101r\u012b notika miru\u0161\u0101 biju\u0161\u0101s Valsts prezidentes Vairas V\u012b\u0137es-Freibergas v\u012bra, datorzin\u0101t\u0146u profesora Imanta Freiberga izvad\u012b\u0161ana. <\/p>\n<p>\u0122imene l\u016bdza b\u0113ru ziedu viet\u0101 veikt ziedojumus Freiberga piemi\u0146as stipendijai. Ziedojumus var p\u0101rskait\u012bt nodibin\u0101jumam \u201cV\u012btolu fonds\u201d, maks\u0101juma m\u0113r\u0137\u012b nor\u0101dot \u201cIn memory of Imants Freibergs\u201d vai \u201cImanta Freiberga piemi\u0146ai\u201d. Fonda m\u0113r\u0137is ir stipendiju veid\u0101 atbalst\u012bt sp\u0113j\u012bgus, cent\u012bgus, bet maznodro\u0161in\u0101tus jaunie\u0161us studij\u0101m Latvijas augstskol\u0101s.<\/p>\n<p>K\u0101 liecina a\u0123ent\u016bras LETA arh\u012bvs, Freibergs dzimis 1934. gada 12. mart\u0101 Valmier\u0101. 1944. gad\u0101 vi\u0146\u0161 b\u0113g\u013cu gait\u0101s non\u0101cis V\u0101cijas nometn\u0113s. 1948. gad\u0101 Freibergs p\u0101rc\u0113l\u0101s uz Franciju. Publiski pieejam\u0101 inform\u0101cija liecina, ka Freibergs un V\u012b\u0137e-Freiberga apprec\u0113j\u0101s 1960. gada 16. j\u016bnij\u0101.<\/p>\n<p>V\u012b\u0137e-Freiberga bija Latvijas Valsts prezidente divus termi\u0146us \u2013 no 1999. gada l\u012bdz 2003. gadam un no 2003. gada l\u012bdz 2007. gadam.<\/p>\n<p>Freibergs bija datorzin\u0101tnieks. Vi\u0146\u0161 str\u0101d\u0101jis Kvebekas universit\u0101t\u0113 Monre\u0101l\u0101, kur vad\u012bjis inform\u0101tikas studiju programmas, bijis profesors Monpelj\u0113 universit\u0101t\u0113 Francij\u0101 un Oksfordas universit\u0101t\u0113 Anglij\u0101 un str\u0101d\u0101jis ar\u012b Latvijas Universit\u0101t\u0113. Vi\u0146\u0161 bijis ar\u012b Latvijas Inform\u0101cijas tehnolo\u0123iju un telekomunik\u0101ciju asoci\u0101cijas prezidents.<\/p>\n<p>Freibergs piedal\u012bjies Pirmo latvie\u0161u jaunatnes sv\u0113tku organiz\u0101cijas padomes darb\u0101. Vi\u0146\u0161 bija Latvijas Zin\u0101t\u0146u akad\u0113mijas loceklis un sa\u0146\u0113mis pirm\u0101s \u0161\u0137iras Triju Zvaig\u017e\u0146u ordeni.<\/p>\n<p>\u2018<\/p>\n<p>            Eksprezidente Vaira V\u012b\u0137e-Freiberga da\u017e\u0101dos dz\u012bves posmos<\/p>\n<p>            Rotaslietu kapsulas kolekcija \u201cZelta saule aust\u201d, kuras l\u012bdzautore ir Vaira V\u012b\u0137e-Freiberga<\/p>\n<p>            K\u0101 karaliene Elizabete II viesoj\u0101s pie Vairas V\u012b\u0137es-Freibergas un laipni sasveicin\u0101j\u0101s ar latvie\u0161iem<\/p>\n<p>T\u0113mas<\/p>\n<p>    SAIST\u012aTIE RAKSTI<\/p>\n","protected":false},"excerpt":{"rendered":"Imanta Freiberga b\u0113res 10:25, 15. janv\u0101ris 2026 \u201cP\u0113d\u0113j\u0101s dien\u0101s soci\u0101lajos t\u012bklos par\u0101d\u012bju\u0161ies viltus ieraksti un rekl\u0101mas, kas izmanto&hellip;\n","protected":false},"author":2,"featured_media":92471,"comment_status":"","ping_status":"","sticky":false,"template":"","format":"standard","meta":{"footnotes":""},"categories":[12],"tags":[23,28,29,32,33,22,30,31,35,39,38,36,37,34,40,20,26,27,24,25,21],"class_list":{"0":"post-105270","1":"post","2":"type-post","3":"status-publish","4":"format-standard","5":"has-post-thumbnail","7":"category-latvija","8":"tag-aktualitates","9":"tag-breaking-news","10":"tag-breakingnews","11":"tag-featured-news","12":"tag-featurednews","13":"tag-headlines","14":"tag-latest-news","15":"tag-latestnews","16":"tag-latvia","17":"tag-latvian","18":"tag-latviesu","19":"tag-latviesu-valoda","20":"tag-latviesuvaloda","21":"tag-latvija","22":"tag-lv","23":"tag-news","24":"tag-popularakas-zinas","25":"tag-popularakaszinas","26":"tag-top-stories","27":"tag-topstories","28":"tag-zinas"},"share_on_mastodon":{"url":"https:\/\/pubeurope.com\/@lv\/115898371438466715","error":""},"_links":{"self":[{"href":"https:\/\/www.europesays.com\/lv\/wp-json\/wp\/v2\/posts\/105270","targetHints":{"allow":["GET"]}}],"collection":[{"href":"https:\/\/www.europesays.com\/lv\/wp-json\/wp\/v2\/posts"}],"about":[{"href":"https:\/\/www.europesays.com\/lv\/wp-json\/wp\/v2\/types\/post"}],"author":[{"embeddable":true,"href":"https:\/\/www.europesays.com\/lv\/wp-json\/wp\/v2\/users\/2"}],"replies":[{"embeddable":true,"href":"https:\/\/www.europesays.com\/lv\/wp-json\/wp\/v2\/comments?post=105270"}],"version-history":[{"count":0,"href":"https:\/\/www.europesays.com\/lv\/wp-json\/wp\/v2\/posts\/105270\/revisions"}],"wp:featuredmedia":[{"embeddable":true,"href":"https:\/\/www.europesays.com\/lv\/wp-json\/wp\/v2\/media\/92471"}],"wp:attachment":[{"href":"https:\/\/www.europesays.com\/lv\/wp-json\/wp\/v2\/media?parent=105270"}],"wp:term":[{"taxonomy":"category","embeddable":true,"href":"https:\/\/www.europesays.com\/lv\/wp-json\/wp\/v2\/categories?post=105270"},{"taxonomy":"post_tag","embeddable":true,"href":"https:\/\/www.europesays.com\/lv\/wp-json\/wp\/v2\/tags?post=105270"}],"curies":[{"name":"wp","href":"https:\/\/api.w.org\/{rel}","templated":true}]}}