{"id":105271,"date":"2026-01-15T09:20:07","date_gmt":"2026-01-15T09:20:07","guid":{"rendered":"https:\/\/www.europesays.com\/lv\/105271\/"},"modified":"2026-01-15T09:20:07","modified_gmt":"2026-01-15T09:20:07","slug":"vediskais-filozofs-ugis-kugis-pamet-sovu-gimene-burka","status":"publish","type":"post","link":"https:\/\/www.europesays.com\/lv\/105271\/","title":{"rendered":"V\u0113diskais filozofs U\u0123is Ku\u0123is pamet \u0161ovu \u201c\u0122imene burk\u0101\u201d &#8211;"},"content":{"rendered":"<p style=\"text-align: justify;\">\u201cPaldies par skaisto TV piedz\u012bvojumu, kas m\u016bsu dz\u012bv\u0113 ieilga uz veseliem \u010detriem ar pus gadiem. Tas bija izaicino\u0161i. Reiz\u0113m gr\u016bti. Viet\u0101m \u013coti atkl\u0101ti un pat s\u0101p\u012bgi. Bet tie\u0161i t\u0101p\u0113c \u2013 patiesi,\u201d soci\u0101laj\u0101 t\u012bkl\u0101 \u201cFacebook\u201d raksta v\u0113diskais filozofs U\u0123is Ku\u0123is, atkl\u0101jott, ka pamet \u0161ovu \u201c\u0122imene burk\u0101\u201d.<\/p>\n<p style=\"text-align: justify;\">\u201cM\u0113s iem\u0101c\u012bj\u0101mies vair\u0101k, nek\u0101 s\u0101kum\u0101 sp\u0113j\u0101m iedom\u0101ties. Par sevi. Par \u0123imeni. Par attiec\u012bb\u0101m. Par robe\u017e\u0101m. Par drosmi b\u016bt \u012bstiem \u2013 ar\u012b tad, kad tas nav \u0113rti,\u201d saj\u016bt\u0101s dal\u0101s v\u0113diskais filozofs.<\/p>\n<p style=\"text-align: justify;\">\u201c\u0160odien m\u0113s atvad\u0101mies no TV \u0161ova \u201c\u0122imene burk\u0101\u201d, bet ne no pieredzes, ko tas mums deva. T\u0101 paliek ar mums \u2013 k\u0101 v\u0113rt\u012bba, k\u0101 izaugsme, k\u0101 dz\u012bves skola,\u201d raksta U\u0123is Ku\u0123is.<\/p>\n<p style=\"text-align: justify;\">Vi\u0146\u0161 saka paldies visiem, kas bija da\u013ca no \u0161\u012b ce\u013ca \u2013 komandai, veidot\u0101jiem, producentiem, operatoriem, redaktoriem un ikvienam, kur\u0161 \u0161o st\u0101stu pal\u012bdz\u0113ja padar\u012bt dz\u012bvu. Ar\u012b skat\u012bt\u0101jiem \u2013 par kl\u0101tb\u016btni, viedok\u013ciem, atbalstu un god\u012bgumu.<\/p>\n<blockquote>\n<p style=\"text-align: center;\">\u201cM\u0113s ejam t\u0101l\u0101k \u2013 cit\u0101d\u0101ki, stipr\u0101ki un apzin\u0101t\u0101ki. Ar pateic\u012bbu sird\u012b un mieru par noieto ce\u013cu,\u201d t\u0101 U\u0123is Ku\u0123is.<\/p>\n<\/blockquote>\n<p style=\"text-align: justify;\">Koment\u0101ros las\u0101mi laba v\u0113l\u0113jumi turpm\u0101kaj\u0101 ce\u013c\u0101, no\u017e\u0113la, ka tik patiesa \u0123imene pamet \u0161ovu, k\u0101 ar\u012b cer\u012bba, ka varb\u016bt k\u0101dreiz U\u0123is Ku\u0123is ar sievu un b\u0113rniem v\u0113l atgriez\u012bsies \u0161ov\u0101.<\/p>\n<p style=\"text-align: justify;\">\u201cPateicoties Jums esmu main\u012bjusi domas par kri\u0161na\u012btiem, vi\u0146u pasaules uztveri un tic\u012bbu. Ir labi vienam otru izprast, pie\u0146emt at\u0161\u0137ir\u012bbas, atrast kop\u012bgo un draudz\u012bgi l\u012bdz\u0101s past\u0101v\u0113t.\u201d las\u0101ms vien\u0101 no koment\u0101riem pie U\u0123a Ku\u0123a ieraksta.<\/p>\n<p>\u00a0<\/p>\n<p style=\"text-align: justify;\">Lasiet ar\u012b:\u00a0<\/p>\n<p style=\"text-align: justify;\"><a href=\"https:\/\/bnn.lv\/silina-velas-noskaidrot-atbildigos-par-nepabeigto-rail-baltica-balstu-daugava-69055\" target=\"_blank\" rel=\"noopener nofollow\">Sili\u0146a v\u0113las noskaidrot atbild\u012bgos par nepabeigto \u201cRail Baltica\u201d balstu Daugav\u0101<\/a><\/p>\n<p style=\"text-align: justify;\"><a style=\"color: #800000;\" href=\"https:\/\/bnn.lv\/vinkele-iecelta-rehabilitacijas-centra-vaivari-valdes-priekssedetajas-amata-69060\" target=\"_blank\" rel=\"noopener nofollow\">Vi\u0146\u0137ele iecelta rehabilit\u0101cijas centra \u201cVaivari\u201d valdes priek\u0161s\u0113d\u0113t\u0101jas amat\u0101<\/a><\/p>\n<p style=\"text-align: justify;\"><a style=\"color: #800000;\" href=\"https:\/\/bnn.lv\/personala-trukuma-del-krievijas-dzemdibu-nama-masveida-mirst-zidaini-69002\" target=\"_blank\" rel=\"noopener nofollow\">Person\u0101la tr\u016bkuma d\u0113\u013c Krievijas dzemd\u012bbu nam\u0101 masveid\u0101 mirst z\u012bdai\u0146i<\/a><\/p>\n<p style=\"text-align: justify;\"><a style=\"color: #800000;\" href=\"https:\/\/bnn.lv\/diskutejot-par-kviru-filmam-rigas-domnieki-sastridas-un-iekarst-lidz-pat-kliegsanai-69043\" target=\"_blank\" rel=\"noopener nofollow\">Diskut\u0113jot par kv\u012bru film\u0101m, R\u012bgas domnieki sastr\u012bdas un iekarst l\u012bdz pat klieg\u0161anai<\/a><\/p>\n","protected":false},"excerpt":{"rendered":"\u201cPaldies par skaisto TV piedz\u012bvojumu, kas m\u016bsu dz\u012bv\u0113 ieilga uz veseliem \u010detriem ar pus gadiem. Tas bija izaicino\u0161i.&hellip;\n","protected":false},"author":2,"featured_media":105272,"comment_status":"","ping_status":"","sticky":false,"template":"","format":"standard","meta":{"footnotes":""},"categories":[19],"tags":[89,90,35,39,38,36,37,34,40],"class_list":{"0":"post-105271","1":"post","2":"type-post","3":"status-publish","4":"format-standard","5":"has-post-thumbnail","7":"category-izklaide","8":"tag-entertainment","9":"tag-izklaide","10":"tag-latvia","11":"tag-latvian","12":"tag-latviesu","13":"tag-latviesu-valoda","14":"tag-latviesuvaloda","15":"tag-latvija","16":"tag-lv"},"share_on_mastodon":{"url":"https:\/\/pubeurope.com\/@lv\/115898379362552542","error":""},"_links":{"self":[{"href":"https:\/\/www.europesays.com\/lv\/wp-json\/wp\/v2\/posts\/105271","targetHints":{"allow":["GET"]}}],"collection":[{"href":"https:\/\/www.europesays.com\/lv\/wp-json\/wp\/v2\/posts"}],"about":[{"href":"https:\/\/www.europesays.com\/lv\/wp-json\/wp\/v2\/types\/post"}],"author":[{"embeddable":true,"href":"https:\/\/www.europesays.com\/lv\/wp-json\/wp\/v2\/users\/2"}],"replies":[{"embeddable":true,"href":"https:\/\/www.europesays.com\/lv\/wp-json\/wp\/v2\/comments?post=105271"}],"version-history":[{"count":0,"href":"https:\/\/www.europesays.com\/lv\/wp-json\/wp\/v2\/posts\/105271\/revisions"}],"wp:featuredmedia":[{"embeddable":true,"href":"https:\/\/www.europesays.com\/lv\/wp-json\/wp\/v2\/media\/105272"}],"wp:attachment":[{"href":"https:\/\/www.europesays.com\/lv\/wp-json\/wp\/v2\/media?parent=105271"}],"wp:term":[{"taxonomy":"category","embeddable":true,"href":"https:\/\/www.europesays.com\/lv\/wp-json\/wp\/v2\/categories?post=105271"},{"taxonomy":"post_tag","embeddable":true,"href":"https:\/\/www.europesays.com\/lv\/wp-json\/wp\/v2\/tags?post=105271"}],"curies":[{"name":"wp","href":"https:\/\/api.w.org\/{rel}","templated":true}]}}