{"id":105273,"date":"2026-01-15T09:21:07","date_gmt":"2026-01-15T09:21:07","guid":{"rendered":"https:\/\/www.europesays.com\/lv\/105273\/"},"modified":"2026-01-15T09:21:07","modified_gmt":"2026-01-15T09:21:07","slug":"alona-ostapenko-izstajas-no-adelaidas-wta-500-turnira-pirmaja-karta-lente-lv","status":"publish","type":"post","link":"https:\/\/www.europesays.com\/lv\/105273\/","title":{"rendered":"A\u013cona Ostapenko izst\u0101jas no Adelaidas WTA 500 turn\u012bra pirmaj\u0101 k\u0101rt\u0101\u00a0\u2014\u00a0Lente.lv"},"content":{"rendered":"<p>Ostapenko priek\u0161laic\u012bgi nosl\u0113dz dal\u012bbu Adelaidas turn\u012br\u0101<\/p>\n<p>Latvijas vado\u0161\u0101 tenisiste A\u013cona Ostapenko ir spiesta izst\u0101ties no Adelaidas notieko\u0161\u0101 \u201cWTA 500\u201d s\u0113rijas turn\u012bra pirmaj\u0101 k\u0101rt\u0101. K\u0101 zi\u0146o telekan\u0101ls TV3, vi\u0146as sp\u0113le pret \u010dehieti Terezu Valentovu nosl\u0113dz\u0101s pirms laika, kad rezult\u0101ts bija 5:7, 2:3 Valentovas lab\u0101 Ostapenko izst\u0101\u0161an\u0101s br\u012bd\u012b.<\/p>\n<p>Prec\u012bzi iemesli nepabeigtajai sp\u0113lei v\u0113l nav piln\u012bb\u0101 zin\u0101mi, ta\u010du ir apstiprin\u0101ts, ka izst\u0101\u0161an\u0101s iemesls ir slim\u012bba, nevis savainojums. \u0160\u012b negaid\u012bt\u0101 izst\u0101\u0161an\u0101s rada ba\u017eas par Latvijas tenisistes gatav\u012bbu pirms sezonas pirm\u0101 \u201cGrand Slam\u201d turn\u012bra \u2013 Austr\u0101lijas atkl\u0101t\u0101 \u010dempion\u0101ta.<\/p>\n<p>Sp\u0113les gaita un izst\u0101\u0161an\u0101s iemesli<\/p>\n<p>Ma\u010ds pret 18 gadus veco Valentovu, kura WTA rang\u0101 ie\u0146em 60. poz\u012bciju, Ostapenko (WTA 24. numurs) s\u0101ka p\u0101rliecino\u0161i, pirmaj\u0101 set\u0101 ieg\u016bstot 5:0 p\u0101rsvaru. Tom\u0113r turpin\u0101jum\u0101 pretiniece sp\u0113ja atsp\u0113l\u0113ties, uzvarot n\u0101kamajos septi\u0146os geimos p\u0113c k\u0101rtas un izc\u012bnot pirmo setu ar 7:5. P\u0113c \u0161\u012b momenta Ostapenko bija nepiecie\u0161ams medic\u012bniskais p\u0101rtraukums.<\/p>\n<p>Otr\u0101 seta s\u0101kum\u0101 Latvijas tenisiste non\u0101ca iedzin\u0113jos ar 2:3, p\u0113c k\u0101 nol\u0113ma neturpin\u0101t sp\u0113li. \u0160\u012b negaid\u012bt\u0101 izst\u0101\u0161an\u0101s rada jaut\u0101jumus par Ostapenko pa\u0161reiz\u0113jo fizisko st\u0101vokli un gatav\u012bbu gaid\u0101majiem izaicin\u0101jumiem.<\/p>\n<p>Iepriek\u0146\u0113jie Adelaidas pan\u0101kumi un s\u0101kums sezonai<\/p>\n<p>\u0160is turn\u012brs Adelaid\u0101 Ostapenko ir ceturt\u0101 dal\u012bbas reize. 2024. gad\u0101 vi\u0146a triumf\u0113ja \u0161\u012b turn\u012bra viensp\u0113\u013cu sacens\u012bb\u0101s, bet iepriek\u0161\u0113j\u0101 gad\u0101 otraj\u0101 k\u0101rt\u0101 zaud\u0113ja amerik\u0101nietei Medisonai K\u012bzai. \u0160ogad Ostapenko sezonu s\u0101ka Brisbenas \u201cWTA 500\u201d turn\u012br\u0101, kur\u0101 zaud\u0113ja pirmaj\u0101 viensp\u0113\u013cu ma\u010d\u0101, ta\u010du kop\u0101 ar taiv\u0101nieti Suveju Sje izc\u012bn\u012bja dubultsp\u0113\u013cu titulu.<\/p>\n<p>Savuk\u0101rt vi\u0146as pretiniece Valentova Brisbenas turn\u012br\u0101 zaud\u0113ja pirmaj\u0101 ma\u010d\u0101, bet Adelaides sacens\u012bbas s\u0101ka kvalifik\u0101cij\u0101, kur\u0101 izc\u012bn\u012bja divas uzvaras. 18 gadus vec\u0101 \u010dehiete ir 2024. gada \u201cFrench Open\u201d junioru turn\u012bra uzvar\u0113t\u0101ja un l\u012bdz\u0161in\u0113j\u0101 karjer\u0101 izc\u012bn\u012bjusi divus \u201cWTA 125\u201d titulus.<\/p>\n<p>P\u0101r\u0113j\u0101s Latvijas tenisistes sacens\u012bb\u0101s<\/p>\n<p>Taj\u0101 pat dien\u0101 cita Latvijas tenisiste Anastasija Sevastova piedz\u012bvoja zaud\u0113jumu Austr\u0101lijas atkl\u0101t\u0101 \u010dempion\u0101ta (\u201cAustralian Open\u201d) kvalifik\u0101cijas pirmaj\u0101 k\u0101rt\u0101. WTA rang\u0101 185. viet\u0101 eso\u0161\u0101 Sevastova ar 2:6, 0:6 piek\u0101p\u0101s amerik\u0101nietei Vitnijai Osuigvei (WTA 152.). Lai iek\u013c\u016btu \u201cAustralian Open\u201d pamatturn\u012br\u0101, nepiecie\u0161ams p\u0101rvar\u0113t tr\u012bs kvalifik\u0101cijas k\u0101rtas.<\/p>\n<p>Pamatturn\u012br\u0101 gan Ostapenko, gan Darjai Seme\u0146istajai jau ir nodro\u0161in\u0101ta vieta. Austr\u0101lijas atkl\u0101tais \u010dempion\u0101ts, kas norisin\u0101s uz ciet\u0101 seguma kortiem, ir sezonas pirmais \u201cGrand Slam\u201d turn\u012brs un s\u0101ksies dr\u012bzum\u0101.<\/p>\n","protected":false},"excerpt":{"rendered":"Ostapenko priek\u0161laic\u012bgi nosl\u0113dz dal\u012bbu Adelaidas turn\u012br\u0101 Latvijas vado\u0161\u0101 tenisiste A\u013cona Ostapenko ir spiesta izst\u0101ties no Adelaidas notieko\u0161\u0101 \u201cWTA&hellip;\n","protected":false},"author":2,"featured_media":105274,"comment_status":"","ping_status":"","sticky":false,"template":"","format":"standard","meta":{"footnotes":""},"categories":[17],"tags":[14797,680,5635,35,39,38,36,37,34,40,67,683,23592],"class_list":{"0":"post-105273","1":"post","2":"type-post","3":"status-publish","4":"format-standard","5":"has-post-thumbnail","7":"category-sports","8":"tag-adelaida","9":"tag-alona-ostapenko","10":"tag-izstasanas","11":"tag-latvia","12":"tag-latvian","13":"tag-latviesu","14":"tag-latviesu-valoda","15":"tag-latviesuvaloda","16":"tag-latvija","17":"tag-lv","18":"tag-sports","19":"tag-teniss","20":"tag-wta-500"},"share_on_mastodon":{"url":"https:\/\/pubeurope.com\/@lv\/115898383238488108","error":""},"_links":{"self":[{"href":"https:\/\/www.europesays.com\/lv\/wp-json\/wp\/v2\/posts\/105273","targetHints":{"allow":["GET"]}}],"collection":[{"href":"https:\/\/www.europesays.com\/lv\/wp-json\/wp\/v2\/posts"}],"about":[{"href":"https:\/\/www.europesays.com\/lv\/wp-json\/wp\/v2\/types\/post"}],"author":[{"embeddable":true,"href":"https:\/\/www.europesays.com\/lv\/wp-json\/wp\/v2\/users\/2"}],"replies":[{"embeddable":true,"href":"https:\/\/www.europesays.com\/lv\/wp-json\/wp\/v2\/comments?post=105273"}],"version-history":[{"count":0,"href":"https:\/\/www.europesays.com\/lv\/wp-json\/wp\/v2\/posts\/105273\/revisions"}],"wp:featuredmedia":[{"embeddable":true,"href":"https:\/\/www.europesays.com\/lv\/wp-json\/wp\/v2\/media\/105274"}],"wp:attachment":[{"href":"https:\/\/www.europesays.com\/lv\/wp-json\/wp\/v2\/media?parent=105273"}],"wp:term":[{"taxonomy":"category","embeddable":true,"href":"https:\/\/www.europesays.com\/lv\/wp-json\/wp\/v2\/categories?post=105273"},{"taxonomy":"post_tag","embeddable":true,"href":"https:\/\/www.europesays.com\/lv\/wp-json\/wp\/v2\/tags?post=105273"}],"curies":[{"name":"wp","href":"https:\/\/api.w.org\/{rel}","templated":true}]}}