{"id":105279,"date":"2026-01-15T09:26:07","date_gmt":"2026-01-15T09:26:07","guid":{"rendered":"https:\/\/www.europesays.com\/lv\/105279\/"},"modified":"2026-01-15T09:26:07","modified_gmt":"2026-01-15T09:26:07","slug":"grupa-audiokvartals-izdod-jaunu-videoklipu-un-izzino-koncertu-seriju-cilveki","status":"publish","type":"post","link":"https:\/\/www.europesays.com\/lv\/105279\/","title":{"rendered":"Grupa &#8220;Audiokvart\u0101ls&#8221; izdod jaunu videoklipu un izzi\u0146o koncertu s\u0113riju &#8220;Cilv\u0113ki&#8221;"},"content":{"rendered":"<p>Dziesma &#8220;Turi mani cie\u0161i kl\u0101t&#8221; iek\u013cauta pag\u0101ju\u0161\u0101 gada maij\u0101 izdotaj\u0101 album\u0101 &#8220;M\u0113s skait\u0101mies cilv\u0113ki&#8221;, un ar \u0161o videoklipu grupa izzi\u0146o ar\u012b koncertu s\u0113riju &#8220;Cilv\u0113ki&#8221;, ar kuru tiks nosl\u0113gts \u0161\u012b albuma posms.<\/p>\n<p>\u0160obr\u012bd izzi\u0146oti koncerti:<\/p>\n<p>\u2022 27. marts \u2013 Liep\u0101ja, &#8221;Fontaine Palace&#8221;;<\/p>\n<p>\u2022 11. apr\u012blis \u2013 R\u012bga, Laska V21.<\/p>\n<p>Dr\u012bzum\u0101 sekos inform\u0101cija ar\u012b par maz\u0101kiem koncertiem \u0101rpus R\u012bgas.<\/p>\n<p>Koncertos izskan\u0113s jaun\u0101 albuma dziesmas, k\u0101 ar\u012b klaus\u012bt\u0101ju iem\u012b\u013cot\u0101kie &#8221;Audiokvart\u0101la&#8221; h\u012bti no iepriek\u0161\u0113jiem gadiem. Tie b\u016bs koncerti ar jaudu un tuvumu vienlaikus \u2013 ar dziesm\u0101m, kas iedro\u0161ina, aizkustina un liek kust\u0113ties l\u012bdzi.<\/p>\n<blockquote class=\"quote ck-widget\" contenteditable=\"false\">\n<p>&#8220;Cilv\u0113ki&#8221; neb\u016bs tikai koncerti \u2013 tie b\u016bs notikumi ar p\u0101rsteigumiem, \u012bpa\u0161iem viesiem un neparedzamiem mirk\u013ciem, kuros katrs vakars b\u016bs mazliet cit\u0101ds.<\/p>\n<\/blockquote>\n<p>Grupa Audiokvart\u0101ls dibin\u0101ta 2014. gad\u0101. Pla\u0161\u0101ku atpaz\u012bstam\u012bbu t\u0101 ieguva p\u0113c dziesm\u0101m &#8220;N\u0101c ar mani sp\u0113l\u0113ties&#8221;, &#8220;Runa nav par naudu&#8221; un &#8220;Sorry, maz\u0101&#8221;, k\u0101 ar\u012b p\u0113c dal\u012bbas \u0161ov\u0101 &#8220;X Faktors&#8221;, kur t\u0101 k\u013cuva par pirmo dz\u012bv\u0101s m\u016bzikas grupu, kurai izdev\u0101s iek\u013c\u016bt tie\u0161rai\u017eu etap\u0101. Grupas sast\u0101v\u0101 darbojas br\u0101\u013ci Ivars un Arnis Ozoli\u0146i, k\u0101 ar\u012b M\u0101ris Skrodis.<\/p>\n","protected":false},"excerpt":{"rendered":"Dziesma &#8220;Turi mani cie\u0161i kl\u0101t&#8221; iek\u013cauta pag\u0101ju\u0161\u0101 gada maij\u0101 izdotaj\u0101 album\u0101 &#8220;M\u0113s skait\u0101mies cilv\u0113ki&#8221;, un ar \u0161o videoklipu&hellip;\n","protected":false},"author":2,"featured_media":105280,"comment_status":"","ping_status":"","sticky":false,"template":"","format":"standard","meta":{"footnotes":""},"categories":[19],"tags":[25248,89,90,35,39,38,36,37,34,40],"class_list":{"0":"post-105279","1":"post","2":"type-post","3":"status-publish","4":"format-standard","5":"has-post-thumbnail","7":"category-izklaide","8":"tag-audiokvartals","9":"tag-entertainment","10":"tag-izklaide","11":"tag-latvia","12":"tag-latvian","13":"tag-latviesu","14":"tag-latviesu-valoda","15":"tag-latviesuvaloda","16":"tag-latvija","17":"tag-lv"},"share_on_mastodon":{"url":"https:\/\/pubeurope.com\/@lv\/115898403019207794","error":""},"_links":{"self":[{"href":"https:\/\/www.europesays.com\/lv\/wp-json\/wp\/v2\/posts\/105279","targetHints":{"allow":["GET"]}}],"collection":[{"href":"https:\/\/www.europesays.com\/lv\/wp-json\/wp\/v2\/posts"}],"about":[{"href":"https:\/\/www.europesays.com\/lv\/wp-json\/wp\/v2\/types\/post"}],"author":[{"embeddable":true,"href":"https:\/\/www.europesays.com\/lv\/wp-json\/wp\/v2\/users\/2"}],"replies":[{"embeddable":true,"href":"https:\/\/www.europesays.com\/lv\/wp-json\/wp\/v2\/comments?post=105279"}],"version-history":[{"count":0,"href":"https:\/\/www.europesays.com\/lv\/wp-json\/wp\/v2\/posts\/105279\/revisions"}],"wp:featuredmedia":[{"embeddable":true,"href":"https:\/\/www.europesays.com\/lv\/wp-json\/wp\/v2\/media\/105280"}],"wp:attachment":[{"href":"https:\/\/www.europesays.com\/lv\/wp-json\/wp\/v2\/media?parent=105279"}],"wp:term":[{"taxonomy":"category","embeddable":true,"href":"https:\/\/www.europesays.com\/lv\/wp-json\/wp\/v2\/categories?post=105279"},{"taxonomy":"post_tag","embeddable":true,"href":"https:\/\/www.europesays.com\/lv\/wp-json\/wp\/v2\/tags?post=105279"}],"curies":[{"name":"wp","href":"https:\/\/api.w.org\/{rel}","templated":true}]}}