{"id":105283,"date":"2026-01-15T09:29:07","date_gmt":"2026-01-15T09:29:07","guid":{"rendered":"https:\/\/www.europesays.com\/lv\/105283\/"},"modified":"2026-01-15T09:29:07","modified_gmt":"2026-01-15T09:29:07","slug":"krievijas-izlukdienests-apsudz-bartolomeju-par-skeltniecibu-baltija","status":"publish","type":"post","link":"https:\/\/www.europesays.com\/lv\/105283\/","title":{"rendered":"Krievijas izl\u016bkdienests aps\u016bdz Bartolomeju par \u0161\u0137eltniec\u012bbu Baltij\u0101"},"content":{"rendered":"<p class=\"descr\">Krievijas \u0100rlietu ministrija sav\u0101 \u201cFacebook\u201d lap\u0101 ievietojusi zi\u0146ojumu, kur\u0101 apgalvots, ka Konstantinopoles patriarhs Bartolomejs turpina savas aktivit\u0101tes pareiztic\u012bgo bazn\u012bc\u0101 un &#8220;ir piev\u0113rsis tum\u0161o skatienu Baltijas valst\u012bm&#8221;, raksta \u201cpostimees.ee\u201d.<\/p>\n<p>&#8220;Konstantinopoles patriarhs Bartolomejs, kur\u0161 sadal\u012bja pareiztic\u012bgo Ukrainu, turpina savas \u0161\u0137eltniecisk\u0101s darb\u012bbas pareiztic\u012bgo bazn\u012bc\u0101. Tagad vi\u0146\u0161 savu tum\u0161o skatienu ir piev\u0113rsis Baltijas valst\u012bm. \u0160is \u201cvelns cilv\u0113ka \u0101d\u0101\u201d ir aps\u0113sts ar ideju padz\u012bt krievu pareiztic\u012bbu no Baltijas valst\u012bm, t\u0101s viet\u0101 izveidojot bazn\u012bcas strukt\u016bras, kas piln\u012bb\u0101 pak\u013cautas vi\u0146a kontrolei,&#8221; teikts pazi\u0146ojum\u0101.<\/p>\n<p>Taj\u0101 ar\u012b teikts, ka iepriek\u0161min\u0113taj\u0101 vi\u0146u &#8220;piln\u012bb\u0101 atbalsta Lielbrit\u0101nijas izl\u016bkdienesti, kas akt\u012bvi kurina rusofobiskas noska\u0146as Eiropas valst\u012bs. P\u0113c vi\u0146u iniciat\u012bvas Bartolomejs, iegrimis \u0161\u0137el\u0161an\u0101s n\u0101v\u012bgaj\u0101 gr\u0113k\u0101, ir atradis kop\u012bgu valodu ar Baltijas valstu varas iest\u0101d\u0113m, cen\u0161oties s\u0113t nesaska\u0146as krievu pareiztic\u012bgo pasaul\u0113.&#8221;<\/p>\n<p>Zi\u0146ojum\u0101 apgalvots, ka, pa\u013caujoties uz ideolo\u0123iskiem sabiedrotajiem viet\u0113jo nacion\u0101listu un neonacistu person\u0101, vi\u0146\u0161 m\u0113\u0123ina atraut Lietuvas, Latvijas un Igaunijas pareiztic\u012bgo bazn\u012bcas no Maskavas patriarh\u0101ta, ievilinot to priesterus un gan\u0101mpulkus &#8220;Konstantinopoles m\u0101ksl\u012bgi rad\u012bt\u0101s marionetes reli\u0123iskaj\u0101s strukt\u016br\u0101s&#8221;.<\/p>\n<p>&#8220;Bazn\u012bcas aprind\u0101s ir atz\u012bm\u0113ts, ka <a href=\"https:\/\/nra.lv\/pasaule\/500926-pareizticigo-ekumeniskais-patriarhs-latvija-tiksanas-un-dievkalpojums-riga.htm\" data-item-link=\"true\" data-item-id=\"500926\" rel=\"nofollow noopener\" target=\"_blank\">Bartolomejs<\/a> burtiski plosa dz\u012bvo Bazn\u012bcas miesu. T\u0101d\u0113j\u0101di vi\u0146\u0161 atg\u0101dina viltus pravie\u0161us, kas n\u0101k pie jums avju dr\u0113b\u0113s, bet iek\u0161\u0113ji ir pl\u0113s\u012bgi vilki. P\u0113c vi\u0146u aug\u013ciem j\u016bs tos paz\u012bsiet,&#8221; secina Krievijas izl\u016bkdienests.<\/p>\n<p>Atg\u0101din\u0101m, ka Igaunij\u0101 2025. gada 18. j\u016bnij\u0101 tre\u0161aj\u0101 las\u012bjum\u0101 pie\u0146\u0113ma jaunu Bazn\u012bcu un draud\u017eu likuma redakciju, kas cita starp\u0101 rada pamatu piespiedu attiec\u012bbu p\u0101rtrauk\u0161anai starp Igaunijas Pareiztic\u012bgo Krist\u012bgo Bazn\u012bcu un Maskavas Patriarh\u0101tu.<\/p>\n<p>\t\t\t\t\t\tinfo<\/p>\n<p>Uzzini pirmais<br \/>kas interesants noticis Latvij\u0101 un pasaul\u0113,<br \/>pievienojoties mums <a href=\"https:\/\/t.me\/neatkariga\" rel=\"nofollow\">Telegram<\/a> vai <a href=\"https:\/\/whatsapp.com\/channel\/0029VaMLFUH5K3zLU5s4wm3y\" rel=\"nofollow noopener\" target=\"_blank\">Whatsapp<\/a> kan\u0101l\u0101<\/p>\n","protected":false},"excerpt":{"rendered":"Krievijas \u0100rlietu ministrija sav\u0101 \u201cFacebook\u201d lap\u0101 ievietojusi zi\u0146ojumu, kur\u0101 apgalvots, ka Konstantinopoles patriarhs Bartolomejs turpina savas aktivit\u0101tes pareiztic\u012bgo&hellip;\n","protected":false},"author":2,"featured_media":105284,"comment_status":"","ping_status":"","sticky":false,"template":"","format":"standard","meta":{"footnotes":""},"categories":[14],"tags":[23,57,28,29,32,33,22,30,31,35,39,38,36,37,34,40,20,26,27,24,25,54,55,56,21,58],"class_list":{"0":"post-105283","1":"post","2":"type-post","3":"status-publish","4":"format-standard","5":"has-post-thumbnail","7":"category-zinas-no-arvalstim","8":"tag-aktualitates","9":"tag-arvalstim","10":"tag-breaking-news","11":"tag-breakingnews","12":"tag-featured-news","13":"tag-featurednews","14":"tag-headlines","15":"tag-latest-news","16":"tag-latestnews","17":"tag-latvia","18":"tag-latvian","19":"tag-latviesu","20":"tag-latviesu-valoda","21":"tag-latviesuvaloda","22":"tag-latvija","23":"tag-lv","24":"tag-news","25":"tag-popularakas-zinas","26":"tag-popularakaszinas","27":"tag-top-stories","28":"tag-topstories","29":"tag-world","30":"tag-world-news","31":"tag-worldnews","32":"tag-zinas","33":"tag-zinas-no-arvalstim"},"share_on_mastodon":{"url":"https:\/\/pubeurope.com\/@lv\/115898414782495201","error":""},"_links":{"self":[{"href":"https:\/\/www.europesays.com\/lv\/wp-json\/wp\/v2\/posts\/105283","targetHints":{"allow":["GET"]}}],"collection":[{"href":"https:\/\/www.europesays.com\/lv\/wp-json\/wp\/v2\/posts"}],"about":[{"href":"https:\/\/www.europesays.com\/lv\/wp-json\/wp\/v2\/types\/post"}],"author":[{"embeddable":true,"href":"https:\/\/www.europesays.com\/lv\/wp-json\/wp\/v2\/users\/2"}],"replies":[{"embeddable":true,"href":"https:\/\/www.europesays.com\/lv\/wp-json\/wp\/v2\/comments?post=105283"}],"version-history":[{"count":0,"href":"https:\/\/www.europesays.com\/lv\/wp-json\/wp\/v2\/posts\/105283\/revisions"}],"wp:featuredmedia":[{"embeddable":true,"href":"https:\/\/www.europesays.com\/lv\/wp-json\/wp\/v2\/media\/105284"}],"wp:attachment":[{"href":"https:\/\/www.europesays.com\/lv\/wp-json\/wp\/v2\/media?parent=105283"}],"wp:term":[{"taxonomy":"category","embeddable":true,"href":"https:\/\/www.europesays.com\/lv\/wp-json\/wp\/v2\/categories?post=105283"},{"taxonomy":"post_tag","embeddable":true,"href":"https:\/\/www.europesays.com\/lv\/wp-json\/wp\/v2\/tags?post=105283"}],"curies":[{"name":"wp","href":"https:\/\/api.w.org\/{rel}","templated":true}]}}