{"id":105285,"date":"2026-01-15T09:30:10","date_gmt":"2026-01-15T09:30:10","guid":{"rendered":"https:\/\/www.europesays.com\/lv\/105285\/"},"modified":"2026-01-15T09:30:10","modified_gmt":"2026-01-15T09:30:10","slug":"francijas-alpos-ikgadejas-sunu-pajugu-sacikstes-sada-veida-sarezgitakas-eiropa-raksts","status":"publish","type":"post","link":"https:\/\/www.europesays.com\/lv\/105285\/","title":{"rendered":"Francijas Alpos ikgad\u0113j\u0101s su\u0146u paj\u016bgu sac\u012bkstes \u2013 \u0161\u0101da veida sare\u017e\u0123\u012bt\u0101k\u0101s Eirop\u0101 \/ Raksts"},"content":{"rendered":"<p>Francijas Over\u0146as-Ronas-Alpu re\u0123ion\u0101 s\u0101ku\u0161as ikgad\u0113j\u0101s su\u0146u paj\u016bgu sacens\u012bbas. T\u0101s ir sare\u017e\u0123\u012bt\u0101k\u0101s \u0161\u0101da veida sac\u012bkstes Eirop\u0101, t\u0101p\u0113c t\u0101s \u012bpa\u0161i iecien\u012bju\u0161i brauc\u0113ji, kuriem pat\u012bk ar\u012b cita veida fiziskas aktivit\u0101tes.<\/p>\n<p style=\"margin-left:0cm; margin-right:0cm\">Pirms 21 gada dibin\u0101taj\u0101s sacens\u012bbas piedal\u0101s 60 brauc\u0113ji un vi\u0146u 600 su\u0146i. 12 dienu laik\u0101 paj\u016bgi veiks 400 kilometrus garu distanci kalnain\u0101 apvid\u016b, un 20 Alpu k\u016brortos tos v\u0113ros vair\u0101k nek\u0101 50 t\u016bksto\u0161i skat\u012bt\u0101ju.<\/p>\n<p style=\"margin-left:0cm; margin-right:0cm\">Sacens\u012bbu sare\u017e\u0123\u012bt\u012bbas d\u0113\u013c \u012bpa\u0161u uzman\u012bbu piev\u0113r\u0161 dro\u0161\u012bbai, katrs paj\u016bgs apg\u0101d\u0101ts ar GPS raid\u012bt\u0101ju. Tas \u013cauj sekot sacens\u012bbu dal\u012bbniekiem datoru ekr\u0101nos un nomald\u012b\u0161an\u0101s gad\u012bjum\u0101 nos\u016bt\u012bt pal\u012bdz\u012bbu.\u00a0<\/p>\n<p style=\"margin-left:0cm; margin-right:0cm\">Uzvar\u0113t\u0101ju \u0161ogad noskaidros 22. janv\u0101r\u012b, ta\u010du svar\u012bg\u0101ka par balv\u0101m ir iesp\u0113ja nodoties iem\u012b\u013cotajam va\u013caspriekam. K\u0101da brauc\u0113ja atzina, ka l\u012bdz\u012bgi j\u016btas ar\u012b su\u0146i, jo dz\u012bvnieku nevar piespiest vilkt paj\u016bgu, ja tas to nev\u0113las.<\/p>\n<p style=\"margin-left:0cm; margin-right:0cm\">Su\u0146u paj\u016bga brauc\u0113js Mateo Fosati skaidroja: &#8220;Visa \u0161\u012b trase nebija \u013coti \u0101tra. Puse bija \u0101tra, bet otraj\u0101 pus\u0113 sunim bija j\u0101iet. T\u0101p\u0113c man t\u0101 pat\u012bk. Man pat\u012bk skriet pa Alpiem, jo, kad ir k\u0101pums, es ar\u012b skrienu ar savu suni. Tas ir man pat\u012bkam\u0101kais \u0161aj\u0101 sporta veid\u0101.&#8221;<\/p>\n<p style=\"margin-left:0cm; margin-right:0cm\">Brauk\u0161ana ar su\u0146u paj\u016bgiem ir popul\u0101ra ar\u012b Latvij\u0101, un laika apst\u0101k\u013ci \u0161aj\u0101 ziem\u0101 dod iesp\u0113ju ar to nodarboties gan speci\u0101listiem, gan vienk\u0101r\u0161iem interesentiem.<\/p>\n<p>                    Valodas k\u013c\u016bda rakst\u0101?<\/p>\n<p class=\"d-none d-md-block\">Iez\u012bm\u0113jiet tekstu un spiediet Ctrl+Enter, lai nos\u016bt\u012btu labojamo teksta fragmentu redaktoram! Par faktu k\u013c\u016bd\u0101m l\u016bdzam zi\u0146ot e-past\u0101 <a href=\"https:\/\/www.lsm.lv\/cdn-cgi\/l\/email-protection\" class=\"__cf_email__\" data-cfemail=\"780a1d1c19131b11121938140b1556140e\" rel=\"nofollow noopener\" target=\"_blank\">[email\u00a0protected]<\/a>.<\/p>\n<p class=\"d-md-none\">Iez\u012bm\u0113jiet tekstu un spiediet uz Zi\u0146ot par k\u013c\u016bdu pogas, lai nos\u016bt\u012btu labojamo teksta fragmentu redaktoram!<\/p>\n<p>\n                    Zi\u0146ot par k\u013c\u016bdu\n                <\/p>\n","protected":false},"excerpt":{"rendered":"Francijas Over\u0146as-Ronas-Alpu re\u0123ion\u0101 s\u0101ku\u0161as ikgad\u0113j\u0101s su\u0146u paj\u016bgu sacens\u012bbas. T\u0101s ir sare\u017e\u0123\u012bt\u0101k\u0101s \u0161\u0101da veida sac\u012bkstes Eirop\u0101, t\u0101p\u0113c t\u0101s \u012bpa\u0161i&hellip;\n","protected":false},"author":2,"featured_media":105286,"comment_status":"","ping_status":"","sticky":false,"template":"","format":"standard","meta":{"footnotes":""},"categories":[12],"tags":[23,28,29,32,33,22,30,31,35,39,38,36,37,34,40,20,26,27,24,25,21],"class_list":{"0":"post-105285","1":"post","2":"type-post","3":"status-publish","4":"format-standard","5":"has-post-thumbnail","7":"category-latvija","8":"tag-aktualitates","9":"tag-breaking-news","10":"tag-breakingnews","11":"tag-featured-news","12":"tag-featurednews","13":"tag-headlines","14":"tag-latest-news","15":"tag-latestnews","16":"tag-latvia","17":"tag-latvian","18":"tag-latviesu","19":"tag-latviesu-valoda","20":"tag-latviesuvaloda","21":"tag-latvija","22":"tag-lv","23":"tag-news","24":"tag-popularakas-zinas","25":"tag-popularakaszinas","26":"tag-top-stories","27":"tag-topstories","28":"tag-zinas"},"share_on_mastodon":{"url":"https:\/\/pubeurope.com\/@lv\/115898418623338617","error":""},"_links":{"self":[{"href":"https:\/\/www.europesays.com\/lv\/wp-json\/wp\/v2\/posts\/105285","targetHints":{"allow":["GET"]}}],"collection":[{"href":"https:\/\/www.europesays.com\/lv\/wp-json\/wp\/v2\/posts"}],"about":[{"href":"https:\/\/www.europesays.com\/lv\/wp-json\/wp\/v2\/types\/post"}],"author":[{"embeddable":true,"href":"https:\/\/www.europesays.com\/lv\/wp-json\/wp\/v2\/users\/2"}],"replies":[{"embeddable":true,"href":"https:\/\/www.europesays.com\/lv\/wp-json\/wp\/v2\/comments?post=105285"}],"version-history":[{"count":0,"href":"https:\/\/www.europesays.com\/lv\/wp-json\/wp\/v2\/posts\/105285\/revisions"}],"wp:featuredmedia":[{"embeddable":true,"href":"https:\/\/www.europesays.com\/lv\/wp-json\/wp\/v2\/media\/105286"}],"wp:attachment":[{"href":"https:\/\/www.europesays.com\/lv\/wp-json\/wp\/v2\/media?parent=105285"}],"wp:term":[{"taxonomy":"category","embeddable":true,"href":"https:\/\/www.europesays.com\/lv\/wp-json\/wp\/v2\/categories?post=105285"},{"taxonomy":"post_tag","embeddable":true,"href":"https:\/\/www.europesays.com\/lv\/wp-json\/wp\/v2\/tags?post=105285"}],"curies":[{"name":"wp","href":"https:\/\/api.w.org\/{rel}","templated":true}]}}