{"id":105288,"date":"2026-01-15T09:33:07","date_gmt":"2026-01-15T09:33:07","guid":{"rendered":"https:\/\/www.europesays.com\/lv\/105288\/"},"modified":"2026-01-15T09:33:07","modified_gmt":"2026-01-15T09:33:07","slug":"jauna-trenera-debija-madrides-real-piedzivo-pamatigu-fiasko","status":"publish","type":"post","link":"https:\/\/www.europesays.com\/lv\/105288\/","title":{"rendered":"Jaun\u0101 trenera debij\u0101 Madrides &#8220;Real&#8221; piedz\u012bvo pamat\u012bgu fiasko"},"content":{"rendered":"<p>Arveloa pirmaj\u0101 ma\u010d\u0101 Madrides &#8220;Real&#8221; viesos Sp\u0101nijas Kara\u013ca kausa (&#8220;Copa del Rey&#8221;) izc\u012b\u0146as astotda\u013cfin\u0101l\u0101 ar 2:3 (0:1) piek\u0101p\u0101s p\u0113c sp\u0113ka otr\u0101s l\u012bgas klubam &#8220;Albacete&#8221;.<\/p>\n<p>Jau zi\u0146ots, ka pirmdien &#8220;Real&#8221; no galven\u0101 trenera amata atlaida \u0160avjeru Alonso, vi\u0146a viet\u0101 iece\u013cot Arveloa, kur\u0161 l\u012bdz tam vad\u012bja otro komandu.<\/p>\n<p>Sp\u0113l\u0113 pret &#8220;Albacete&#8221; madridie\u0161i 42. min\u016bt\u0113 non\u0101ca zaud\u0113t\u0101jos, m\u0101jinieku rind\u0101s v\u0101rtus g\u016bstot biju\u0161ajam &#8220;Real&#8221; audz\u0113knim Havjeram Villaram.<\/p>\n<p>Otr\u0101 puslaika tre\u0161aj\u0101 min\u016bt\u0113 neiz\u0161\u0137irtu pan\u0101ca Franko Mastantuono, bet 82. min\u016bt\u0113 &#8220;Albacete&#8221; v\u0113lreiz vad\u012bb\u0101 izvirz\u012bja Hefte Betankors. Kompens\u0101cijas laika pirmaj\u0101 min\u016bt\u0113 &#8220;Real&#8221; \u0161\u0137ietami pagl\u0101b\u0101s no zaud\u0113juma, ta\u010du v\u0113l p\u0113c trim min\u016bt\u0113m Betankors izr\u0101va m\u0101jiniekiem uzvaru.<\/p>\n<p>Madridie\u0161i sv\u0113tdien Sp\u0101nijas Superkaus\u0101 zaud\u0113ja principi\u0101lajai s\u0101ncensei &#8220;Barcelona&#8221;. Sp\u0101nijas meistarsac\u012bkst\u0113s komanda ie\u0146em otro vietu, \u010detrus punktus atpaliekot no barselonie\u0161iem, bet UEFA \u010cempionu l\u012bg\u0101 atrodas sept\u012btaj\u0101 poz\u012bcij\u0101.<\/p>\n","protected":false},"excerpt":{"rendered":"Arveloa pirmaj\u0101 ma\u010d\u0101 Madrides &#8220;Real&#8221; viesos Sp\u0101nijas Kara\u013ca kausa (&#8220;Copa del Rey&#8221;) izc\u012b\u0146as astotda\u013cfin\u0101l\u0101 ar 2:3 (0:1) piek\u0101p\u0101s&hellip;\n","protected":false},"author":2,"featured_media":105289,"comment_status":"","ping_status":"","sticky":false,"template":"","format":"standard","meta":{"footnotes":""},"categories":[17],"tags":[714,676,1375,35,39,38,36,37,34,40,67],"class_list":{"0":"post-105288","1":"post","2":"type-post","3":"status-publish","4":"format-standard","5":"has-post-thumbnail","7":"category-sports","8":"tag-futbola-jaunumi","9":"tag-futbols","10":"tag-futbols-pasaule","11":"tag-latvia","12":"tag-latvian","13":"tag-latviesu","14":"tag-latviesu-valoda","15":"tag-latviesuvaloda","16":"tag-latvija","17":"tag-lv","18":"tag-sports"},"share_on_mastodon":{"url":"https:\/\/pubeurope.com\/@lv\/115898430441910357","error":""},"_links":{"self":[{"href":"https:\/\/www.europesays.com\/lv\/wp-json\/wp\/v2\/posts\/105288","targetHints":{"allow":["GET"]}}],"collection":[{"href":"https:\/\/www.europesays.com\/lv\/wp-json\/wp\/v2\/posts"}],"about":[{"href":"https:\/\/www.europesays.com\/lv\/wp-json\/wp\/v2\/types\/post"}],"author":[{"embeddable":true,"href":"https:\/\/www.europesays.com\/lv\/wp-json\/wp\/v2\/users\/2"}],"replies":[{"embeddable":true,"href":"https:\/\/www.europesays.com\/lv\/wp-json\/wp\/v2\/comments?post=105288"}],"version-history":[{"count":0,"href":"https:\/\/www.europesays.com\/lv\/wp-json\/wp\/v2\/posts\/105288\/revisions"}],"wp:featuredmedia":[{"embeddable":true,"href":"https:\/\/www.europesays.com\/lv\/wp-json\/wp\/v2\/media\/105289"}],"wp:attachment":[{"href":"https:\/\/www.europesays.com\/lv\/wp-json\/wp\/v2\/media?parent=105288"}],"wp:term":[{"taxonomy":"category","embeddable":true,"href":"https:\/\/www.europesays.com\/lv\/wp-json\/wp\/v2\/categories?post=105288"},{"taxonomy":"post_tag","embeddable":true,"href":"https:\/\/www.europesays.com\/lv\/wp-json\/wp\/v2\/tags?post=105288"}],"curies":[{"name":"wp","href":"https:\/\/api.w.org\/{rel}","templated":true}]}}