{"id":105290,"date":"2026-01-15T09:35:13","date_gmt":"2026-01-15T09:35:13","guid":{"rendered":"https:\/\/www.europesays.com\/lv\/105290\/"},"modified":"2026-01-15T09:35:13","modified_gmt":"2026-01-15T09:35:13","slug":"tramps-pazinojis-ka-miera-vienosanas-noslegsanu-kavejot-zelenskis-nevis-putins-jauns-lv","status":"publish","type":"post","link":"https:\/\/www.europesays.com\/lv\/105290\/","title":{"rendered":"Tramps pazi\u0146ojis, ka miera vieno\u0161an\u0101s nosl\u0113g\u0161anu kav\u0113jot Zelenskis, nevis Putins &#8211; Jauns.lv"},"content":{"rendered":"<ol>\n<li><a href=\"https:\/\/news.google.com\/rss\/articles\/CBMiuAFBVV95cUxOZEw2LUdDWHNsdGxDMVB4Vl8zeHFjek51Y2NWTzRUYU95NjMzMXhUM180TEVYNmRDSGxjRWpRckxlT29CMGZMOXI2R1dZejhUemttZVpjVEZhNmYzcDdJZlBQQjRXZjQ0VzV2OUxYRVNVaGEwX296RFl4aEhPTmpFS1E5S21lMmNDOFVaY19wdTR2TG55VWVqNkFycjBZWVVUOFlaajItQkhGUmV5OGc0WFdQQnVUeHFq?oc=5\" target=\"_blank\" rel=\"nofollow noopener\">Tramps pazi\u0146ojis, ka miera vieno\u0161an\u0101s nosl\u0113g\u0161anu kav\u0113jot Zelenskis, nevis Putins<\/a>&nbsp;&nbsp;Jauns.lv<\/li>\n<li><a href=\"https:\/\/news.google.com\/rss\/articles\/CBMinAFBVV95cUxPN3NQdk44MjZ3c3ZoUzYzRlh3blN6N19VVE5EdGszeGxqbk9fOW8yQkxQcWljc0pXWEpoMGo2cndiOEZDNm9iV1h4SmRjMVBGUXpGSEdkaWJ2UWRRZXUtZ2dvTldPZGs1MzRVWHdkNFplc240VkFVV2tEWGJkQlUxc3Jtcm5aWXkzdGpTLVpCN2dZZFdZODRXN0hGMUg?oc=5\" target=\"_blank\" rel=\"nofollow noopener\">Tramps: Putins ir vair\u0101k gatavs sl\u0113gt miera dar\u012bjumu nek\u0101 Zelenskis<\/a>&nbsp;&nbsp;Apollo.lv<\/li>\n<li><a href=\"https:\/\/news.google.com\/rss\/articles\/CBMijAFBVV95cUxQbGoycVBQQVhreGVqTWIyeDRHakRjSVowRUhHVjhDQXh1SHhxeF9QcVNfRGFmbGUxcWJCcFNpeEtHTFNTLUlDOXZvUlJ1OER0dnBXWTZxM2J6ZGNMRl9aYll4c1Z3d1I0cUVFS2VaMVo5YmN6ZjZXa012QW53cno0UVd2OHBiWE53UUs1MQ?oc=5\" target=\"_blank\" rel=\"nofollow noopener\">Tramps ir \u013coti dusm\u012bgs: par k\u0101du lielu k\u013c\u016bdu Putins var\u0113tu samaks\u0101t?<\/a>&nbsp;&nbsp;LA.LV<\/li>\n<li><a href=\"https:\/\/news.google.com\/rss\/articles\/CBMi0AFBVV95cUxOTmlMM1pVaE1hclJOLUhJbnhldVdCdUlRWDhNOXZXaGozSXZad3VQRHNSMU1wdkxtN0xESDlQVU9HRUVsbUc0ZkNaMTBkZFBIZkloTlFrYlJRaVUzdUN2UTMyZ3dVeGkxandiMDY4dW05OWs2b2VjYmNIb2NmYVRtdzNFeGNYYV8zRHNoTFFGcUc0UjdUWDhqTVBfNGE0aE1NbWNqaE1pNVdOdExEUjU0bm45NEpUVFRRZVJTdWhyU0V3dkhMRmdyMVVTcDJxYW4x?oc=5\" target=\"_blank\" rel=\"nofollow noopener\">ASV prezidents noraida iesp\u0113ju sag\u016bst\u012bt Putinu l\u012bdz\u012bgi k\u0101 Venecu\u0113las l\u012bderi \/ Raksts<\/a>&nbsp;&nbsp;LSM<\/li>\n<li><a href=\"https:\/\/news.google.com\/rss\/articles\/CBMijgFBVV95cUxQYTN2TXpRbThteG1sNDdiRVEzd0RXYVRueHhoblVqSEtrTG9WQkdYZWR3ZkVDQ2d2RmZBUVN1Ty00djE1alNDX1A2cFVaM3ZLbUw1RG5LOVEwZ0dOc0ZHYUE0N0IwQUtyaXVudGtjdW1UQl9SaWIyY2FIekJ1b01lM2tfUUd6TU9XRk5QUjNR?oc=5\" target=\"_blank\" rel=\"nofollow noopener\">Tramps: &#8220;Zelenskim nav trumpju. Tikai es&#8221;<\/a>&nbsp;&nbsp;NRA<\/li>\n<\/ol>\n","protected":false},"excerpt":{"rendered":"Tramps pazi\u0146ojis, ka miera vieno\u0161an\u0101s nosl\u0113g\u0161anu kav\u0113jot Zelenskis, nevis Putins&nbsp;&nbsp;Jauns.lv Tramps: Putins ir vair\u0101k gatavs sl\u0113gt miera dar\u012bjumu&hellip;\n","protected":false},"author":2,"featured_media":105291,"comment_status":"","ping_status":"","sticky":false,"template":"","format":"standard","meta":{"footnotes":""},"categories":[14],"tags":[23,57,28,29,32,33,22,30,31,35,39,38,36,37,34,40,20,26,27,24,25,54,55,56,21,58],"class_list":{"0":"post-105290","1":"post","2":"type-post","3":"status-publish","4":"format-standard","5":"has-post-thumbnail","7":"category-zinas-no-arvalstim","8":"tag-aktualitates","9":"tag-arvalstim","10":"tag-breaking-news","11":"tag-breakingnews","12":"tag-featured-news","13":"tag-featurednews","14":"tag-headlines","15":"tag-latest-news","16":"tag-latestnews","17":"tag-latvia","18":"tag-latvian","19":"tag-latviesu","20":"tag-latviesu-valoda","21":"tag-latviesuvaloda","22":"tag-latvija","23":"tag-lv","24":"tag-news","25":"tag-popularakas-zinas","26":"tag-popularakaszinas","27":"tag-top-stories","28":"tag-topstories","29":"tag-world","30":"tag-world-news","31":"tag-worldnews","32":"tag-zinas","33":"tag-zinas-no-arvalstim"},"share_on_mastodon":{"url":"https:\/\/pubeurope.com\/@lv\/115898438403807240","error":""},"_links":{"self":[{"href":"https:\/\/www.europesays.com\/lv\/wp-json\/wp\/v2\/posts\/105290","targetHints":{"allow":["GET"]}}],"collection":[{"href":"https:\/\/www.europesays.com\/lv\/wp-json\/wp\/v2\/posts"}],"about":[{"href":"https:\/\/www.europesays.com\/lv\/wp-json\/wp\/v2\/types\/post"}],"author":[{"embeddable":true,"href":"https:\/\/www.europesays.com\/lv\/wp-json\/wp\/v2\/users\/2"}],"replies":[{"embeddable":true,"href":"https:\/\/www.europesays.com\/lv\/wp-json\/wp\/v2\/comments?post=105290"}],"version-history":[{"count":0,"href":"https:\/\/www.europesays.com\/lv\/wp-json\/wp\/v2\/posts\/105290\/revisions"}],"wp:featuredmedia":[{"embeddable":true,"href":"https:\/\/www.europesays.com\/lv\/wp-json\/wp\/v2\/media\/105291"}],"wp:attachment":[{"href":"https:\/\/www.europesays.com\/lv\/wp-json\/wp\/v2\/media?parent=105290"}],"wp:term":[{"taxonomy":"category","embeddable":true,"href":"https:\/\/www.europesays.com\/lv\/wp-json\/wp\/v2\/categories?post=105290"},{"taxonomy":"post_tag","embeddable":true,"href":"https:\/\/www.europesays.com\/lv\/wp-json\/wp\/v2\/tags?post=105290"}],"curies":[{"name":"wp","href":"https:\/\/api.w.org\/{rel}","templated":true}]}}