{"id":105300,"date":"2026-01-15T09:46:07","date_gmt":"2026-01-15T09:46:07","guid":{"rendered":"https:\/\/www.europesays.com\/lv\/105300\/"},"modified":"2026-01-15T09:46:07","modified_gmt":"2026-01-15T09:46:07","slug":"marks-zakerbergs-beidzot-sak-saprast-ka-metaverss-nevienam-nav-vajadzigs","status":"publish","type":"post","link":"https:\/\/www.europesays.com\/lv\/105300\/","title":{"rendered":"Marks Zakerbergs beidzot s\u0101k saprast, ka metaverss nevienam nav vajadz\u012bgs"},"content":{"rendered":"<p>Marka Zakerberga vad\u012bt\u0101 komp\u0101nija \u201c<a href=\"https:\/\/kursors.lv\/2026\/01\/08\/meta-ray-ban-display-maksliga-intelekta-brilles-eiropa-tik-driz-neieraudzisim\/\" rel=\"nofollow noopener\" target=\"_blank\">Meta<\/a>\u201d beidzot s\u0101k saprast, ka <a href=\"https:\/\/kursors.lv\/2021\/11\/16\/kas-ir-metaverss-un-ka-tas-mainis-interneta-izmantosanas-pieredzi\/\" rel=\"nofollow noopener\" target=\"_blank\">metaverss<\/a> vismaz \u0161obr\u012bd ir <a href=\"https:\/\/kursors.lv\/2024\/08\/04\/meta-kops-2019-gada-metaversa-projektos-izskiedusi-teju-60-miljardus-dolaru\/\" rel=\"nofollow noopener\" target=\"_blank\">piln\u012bga naudas iz\u0161\u0137\u0113rd\u0113\u0161ana<\/a>. Jau gada izska\u0146\u0101 tika zi\u0146ots, ka komp\u0101nija <a href=\"https:\/\/kursors.lv\/2025\/12\/08\/meta-apsver-butiski-samazinat-investicijas-metaversa-investori-par-to-ir-sajusma\/\" rel=\"nofollow noopener\" target=\"_blank\">apsver samazin\u0101t invest\u012bcijas<\/a> \u0161aj\u0101 jom\u0101. T\u0101 tas tie\u0161\u0101 ir, ko apstiprina fakts, ka \u201cMeta\u201d atlaid\u012bs vair\u0101k nek\u0101 1000 darbinieku no \u201cReality Labs\u201d noda\u013cas, kas fokus\u0113jas uz virtu\u0101l\u0101s realit\u0101tes (VR) un metaversa projektiem. T\u0101 viet\u0101 uz\u0146\u0113mums liel\u0101ku ener\u0123iju velt\u012bs m\u0101ksl\u012bg\u0101 intelekta (MI) aparat\u016bras izstr\u0101dei.\n<\/p>\n<p>\u201cReality Labs\u201d noda\u013c\u0101 str\u0101d\u0101 vair\u0101k nek\u0101 15 000 darbinieku, no kuriem ap 10 % zaud\u0113s darbu. Papildus darbinieku atlai\u0161anai \u201cMeta\u201d jau ir sl\u0113gusi tr\u012bs savas VR studijas \u201cArmature\u201d, \u201cSanzaru\u201d un \u201cTwisted Pixel\u201d. Ar\u012b popul\u0101r\u0101 VR fitnesa lietotne \u201cSupernatural\u201d vairs nesa\u0146ems atjaunin\u0101jumus. Izskat\u0101s, ka jaunas virtu\u0101l\u0101s realit\u0101tes brilles tuv\u0101kaj\u0101 laik\u0101 ar\u012b nesagaid\u012bsim. P\u0113d\u0113j\u0101s no t\u0101m ir \u201cQuest 3S\u201d, ko \u201cMeta\u201d izlaida 2024. gad\u0101.\n<\/p>\n<p>Komp\u0101nija pazi\u0146ojusi, ka savu darb\u012bbu p\u0101rorient\u0113s uz MI aparat\u016bras un mobilo ier\u012b\u010du izstr\u0101di. \u201cMeta\u201d tehnolo\u0123iju departamenta vad\u012bt\u0101js Endrj\u016b Bosvorts pazi\u0146ojum\u0101 darbiniekiem nor\u0101d\u012bjis, ka mobilajai platformai \u0161obr\u012bd ir potenci\u0101li strauj\u0101k\u0101 izaugsme, t\u0101p\u0113c komp\u0101nija nol\u0113musi p\u0101rvirz\u012bt komandas un resursus uz \u0161o jomu.<\/p>\n","protected":false},"excerpt":{"rendered":"Marka Zakerberga vad\u012bt\u0101 komp\u0101nija \u201cMeta\u201d beidzot s\u0101k saprast, ka metaverss vismaz \u0161obr\u012bd ir piln\u012bga naudas iz\u0161\u0137\u0113rd\u0113\u0161ana. Jau gada&hellip;\n","protected":false},"author":2,"featured_media":105301,"comment_status":"","ping_status":"","sticky":false,"template":"","format":"standard","meta":{"footnotes":""},"categories":[16],"tags":[77,76,35,39,38,36,37,34,40],"class_list":{"0":"post-105300","1":"post","2":"type-post","3":"status-publish","4":"format-standard","5":"has-post-thumbnail","7":"category-bizness","8":"tag-bizness","9":"tag-business","10":"tag-latvia","11":"tag-latvian","12":"tag-latviesu","13":"tag-latviesu-valoda","14":"tag-latviesuvaloda","15":"tag-latvija","16":"tag-lv"},"share_on_mastodon":{"url":"https:\/\/pubeurope.com\/@lv\/115898481699622101","error":""},"_links":{"self":[{"href":"https:\/\/www.europesays.com\/lv\/wp-json\/wp\/v2\/posts\/105300","targetHints":{"allow":["GET"]}}],"collection":[{"href":"https:\/\/www.europesays.com\/lv\/wp-json\/wp\/v2\/posts"}],"about":[{"href":"https:\/\/www.europesays.com\/lv\/wp-json\/wp\/v2\/types\/post"}],"author":[{"embeddable":true,"href":"https:\/\/www.europesays.com\/lv\/wp-json\/wp\/v2\/users\/2"}],"replies":[{"embeddable":true,"href":"https:\/\/www.europesays.com\/lv\/wp-json\/wp\/v2\/comments?post=105300"}],"version-history":[{"count":0,"href":"https:\/\/www.europesays.com\/lv\/wp-json\/wp\/v2\/posts\/105300\/revisions"}],"wp:featuredmedia":[{"embeddable":true,"href":"https:\/\/www.europesays.com\/lv\/wp-json\/wp\/v2\/media\/105301"}],"wp:attachment":[{"href":"https:\/\/www.europesays.com\/lv\/wp-json\/wp\/v2\/media?parent=105300"}],"wp:term":[{"taxonomy":"category","embeddable":true,"href":"https:\/\/www.europesays.com\/lv\/wp-json\/wp\/v2\/categories?post=105300"},{"taxonomy":"post_tag","embeddable":true,"href":"https:\/\/www.europesays.com\/lv\/wp-json\/wp\/v2\/tags?post=105300"}],"curies":[{"name":"wp","href":"https:\/\/api.w.org\/{rel}","templated":true}]}}