{"id":105302,"date":"2026-01-15T09:47:11","date_gmt":"2026-01-15T09:47:11","guid":{"rendered":"https:\/\/www.europesays.com\/lv\/105302\/"},"modified":"2026-01-15T09:47:11","modified_gmt":"2026-01-15T09:47:11","slug":"trampa-uzvediba-uz-skatuves-izraisijusi-pirmas-ledijas-dusmas-vai-melanija-patiesam-nevar-paciest-to-jauns-lv","status":"publish","type":"post","link":"https:\/\/www.europesays.com\/lv\/105302\/","title":{"rendered":"Trampa uzved\u012bba uz skatuves izrais\u012bjusi pirm\u0101s l\u0113dijas dusmas &#8211; vai Mel\u0101nija patie\u0161\u0101m nevar paciest to? &#8211; Jauns.lv"},"content":{"rendered":"<ol>\n<li><a href=\"https:\/\/news.google.com\/rss\/articles\/CBMi1wFBVV95cUxPakRJTzJxMENOaDRldVZ6WlAtVjBoYW5QZS1VbVl6LWlDZTdxN3pGa2ZJMXdUZjJ3TVVuTzZZVUZzM3h1cDkxWWhGNlRiUkYzNFI3NF8yS3BUNVdMZEpwWnZheDgxZWpQbW9ZRTNOYUE4d2pScE9wanQxU2cyOUNJZ25IOFQwdzFQZ09SQTY1Q3MzbklaTWx5UjhkYVJFbVdlaHhHLUdXMmdJWndsZW9IUXNNdGQzVm9HV3NYdWxWaDNWN2M5cllCRmZ3Q0hsenZ4Y1BoX3lSMA?oc=5\" target=\"_blank\" rel=\"nofollow noopener\">Trampa uzved\u012bba uz skatuves izrais\u012bjusi pirm\u0101s l\u0113dijas dusmas &#8211; vai Mel\u0101nija patie\u0161\u0101m nevar paciest to?<\/a>&nbsp;&nbsp;Jauns.lv<\/li>\n<li><a href=\"https:\/\/news.google.com\/rss\/articles\/CBMisAFBVV95cUxOcUZfUHIzYzg4aUdMeW1mczVHWjc1Q3RmOHVua1hDUkdEYXZLc1o0WEt4ZWYxelphNG45cUhuLTdWc1R1bktuS2YzbGV2UW1nZ1JkRFJ2QTYzeVloTG00Yy1fMXJZR3RDQmlEcUZvTzlKWnFLcWE4NTJhcmdCMHE3OVphYVRWUmxQQ0swSWdCMjhLVDBmVmU5c3REV3Fxc1JLWTROT1R2OW9xdXV6RU1UTA?oc=5\" target=\"_blank\" rel=\"nofollow noopener\">Mel\u0101nija Trampa atkl\u0101j, ko patiesi ien\u012bst sav\u0101 v\u012br\u0101<\/a>&nbsp;&nbsp;NRA<\/li>\n<li><a href=\"https:\/\/news.google.com\/rss\/articles\/CBMikAFBVV95cUxQM1M1Tl9HT3FJN0g1dlIxeHQzTXdlU0lYdFMtdkFaVE5uR1pkWk9jQ05YSjhOUU1tYzNmVUY1ZmZ5T2p6X1pVM3JlUEJJZFg3WllzV0doZ0JNeUJYbnZXNnpmYmJ0YlRaZzBIY0xvRW5ENlZDNlR1eS1vNi1WQ1ZCODB2b1pNbmFJYnlCS3FOekE?oc=5\" target=\"_blank\" rel=\"nofollow noopener\">Video: Donalds Tramps izm\u0113da neparastu svarc\u0113l\u0101ju \u2013 Sp\u0113ka sports<\/a>&nbsp;&nbsp;Sportacentrs.com<\/li>\n<li><a href=\"https:\/\/news.google.com\/rss\/articles\/CBMiswFBVV95cUxNQ0praVc0d1doZEV2eF80M2FuaXRuMWhja2Z1NEhvbks5bkZlUDdHTEFFOG9MeWI4R1FMemZFVmlnMGZMajdITnRXUlpmNTRuV3diQnFFU1JpYTY0NmRpUENaTWt0Ujd2cVkxMnRtMEgwTm1NSEZ1NU03azMxSTR5elFhU1JfcnNwTmtuVjJDYVZEMDg5NEJUSXUzM2E4MXJxSzY5cGNPblk0ZXVSZjV1U0VQY9IBuAFBVV95cUxNZnotaEJadzBCdzB0TWd4UDlvbE5iZUMwelpMbmhIVDlrLS1rcmFlQjloZHFiUVAxQVV4ZlNHY3JYbDY1eTliODR6alJvQ2lOWENrN3Bya0xpVGY4eGw3Y2l3OVNsVlMwR09LU1ltdnlacThncVY3VGNQUHdtN2JuWjdhal9hb0s5N2Z2YVFqRE4wSFpkSGlBV0hRakk1a1MyOUVieXpoM1pOdlRlZmRBWkZMU01vWGRG?oc=5\" target=\"_blank\" rel=\"nofollow noopener\">Donalds Tramps st\u0101sta par sievas neparasto aizliegumu<\/a>&nbsp;&nbsp;bb.lv<\/li>\n<\/ol>\n","protected":false},"excerpt":{"rendered":"Trampa uzved\u012bba uz skatuves izrais\u012bjusi pirm\u0101s l\u0113dijas dusmas &#8211; vai Mel\u0101nija patie\u0161\u0101m nevar paciest to?&nbsp;&nbsp;Jauns.lv Mel\u0101nija Trampa atkl\u0101j,&hellip;\n","protected":false},"author":2,"featured_media":105303,"comment_status":"","ping_status":"","sticky":false,"template":"","format":"standard","meta":{"footnotes":""},"categories":[14],"tags":[23,57,28,29,32,33,22,30,31,35,39,38,36,37,34,40,20,26,27,24,25,54,55,56,21,58],"class_list":{"0":"post-105302","1":"post","2":"type-post","3":"status-publish","4":"format-standard","5":"has-post-thumbnail","7":"category-zinas-no-arvalstim","8":"tag-aktualitates","9":"tag-arvalstim","10":"tag-breaking-news","11":"tag-breakingnews","12":"tag-featured-news","13":"tag-featurednews","14":"tag-headlines","15":"tag-latest-news","16":"tag-latestnews","17":"tag-latvia","18":"tag-latvian","19":"tag-latviesu","20":"tag-latviesu-valoda","21":"tag-latviesuvaloda","22":"tag-latvija","23":"tag-lv","24":"tag-news","25":"tag-popularakas-zinas","26":"tag-popularakaszinas","27":"tag-top-stories","28":"tag-topstories","29":"tag-world","30":"tag-world-news","31":"tag-worldnews","32":"tag-zinas","33":"tag-zinas-no-arvalstim"},"share_on_mastodon":{"url":"https:\/\/pubeurope.com\/@lv\/115898485530826556","error":""},"_links":{"self":[{"href":"https:\/\/www.europesays.com\/lv\/wp-json\/wp\/v2\/posts\/105302","targetHints":{"allow":["GET"]}}],"collection":[{"href":"https:\/\/www.europesays.com\/lv\/wp-json\/wp\/v2\/posts"}],"about":[{"href":"https:\/\/www.europesays.com\/lv\/wp-json\/wp\/v2\/types\/post"}],"author":[{"embeddable":true,"href":"https:\/\/www.europesays.com\/lv\/wp-json\/wp\/v2\/users\/2"}],"replies":[{"embeddable":true,"href":"https:\/\/www.europesays.com\/lv\/wp-json\/wp\/v2\/comments?post=105302"}],"version-history":[{"count":0,"href":"https:\/\/www.europesays.com\/lv\/wp-json\/wp\/v2\/posts\/105302\/revisions"}],"wp:featuredmedia":[{"embeddable":true,"href":"https:\/\/www.europesays.com\/lv\/wp-json\/wp\/v2\/media\/105303"}],"wp:attachment":[{"href":"https:\/\/www.europesays.com\/lv\/wp-json\/wp\/v2\/media?parent=105302"}],"wp:term":[{"taxonomy":"category","embeddable":true,"href":"https:\/\/www.europesays.com\/lv\/wp-json\/wp\/v2\/categories?post=105302"},{"taxonomy":"post_tag","embeddable":true,"href":"https:\/\/www.europesays.com\/lv\/wp-json\/wp\/v2\/tags?post=105302"}],"curies":[{"name":"wp","href":"https:\/\/api.w.org\/{rel}","templated":true}]}}