{"id":105304,"date":"2026-01-15T09:51:04","date_gmt":"2026-01-15T09:51:04","guid":{"rendered":"https:\/\/www.europesays.com\/lv\/105304\/"},"modified":"2026-01-15T09:51:04","modified_gmt":"2026-01-15T09:51:04","slug":"mikelis-redlihs-par-os-tur-nebus-laika-ieskrieties-un-no-pirma-iemetiena-ir-vienkarsi-jamauc","status":"publish","type":"post","link":"https:\/\/www.europesays.com\/lv\/105304\/","title":{"rendered":"Mi\u0137elis R\u0113dlihs par OS: Tur neb\u016bs laika ieskrieties un no pirm\u0101 iemetiena ir vienk\u0101r\u0161i j\u0101mauc"},"content":{"rendered":"<p>                                <img decoding=\"async\" src=\"https:\/\/www.europesays.com\/lv\/wp-content\/uploads\/2026\/01\/let_24782842-750x450.jpg\"   alt=\"Mi\u0137elis R\u0113dlihs\" class=\"post-featured-image\"\/><\/p>\n<p>Mi\u0137elis R\u0113dlihs | Foto: Edijs P\u0101lens\/LETA<\/p>\n<p>Biju\u0161ais hokejists un tagad treneris <a href=\"https:\/\/www.sportazinas.com\/atsl%C4%93gv%C4%81rdi\/mikelis-redlihs\/\" rel=\"nofollow noopener\" target=\"_blank\">Mi\u0137elis R\u0113dlihs<\/a> sarun\u0101 \u201cRadio SWH\u201d raid\u012bjum\u0101 \u201c<a href=\"https:\/\/www.youtube.com\/watch?v=2TCkaUPXDWs\" target=\"_blank\" rel=\"noreferrer noopener nofollow\">Olimpisk\u0101 otrdiena<\/a>\u201d izteicis viedokli par gaid\u0101maj\u0101m olimpiskaj\u0101m sp\u0113l\u0113m.<\/p>\n<p>Latvija olimpisko turn\u012bru s\u0101ks ar sp\u0113li pret ASV 12. febru\u0101r\u012b, turpin\u0101s ar ma\u010du pret V\u0101ciju 14. febru\u0101r\u012b, savuk\u0101rt punkts grupu turn\u012bram tiks pielikts ar sp\u0113li pret D\u0101niju 15. febru\u0101r\u012b.<\/p>\n<p>\u201cLaikam nav kaut kas t\u0101ds, kas \u013coti p\u0101rsteigtu,\u201d par Latvijas izlases olimpisko sp\u0113\u013cu sast\u0101vu izteic\u0101s R\u0113dlihs. \u201cPiln\u012bb\u0101 saprotu trenera domu un viss ir saprotams. Viss ir lo\u0123iski olimpi\u0101des form\u0101tam, kad pret\u012b ir lab\u0101kie, kur \u0101trumi b\u016bs me\u017eon\u012bgi. \u013boti labs balanss starp jaun\u012bbu un pieredzi. Tur neb\u016bs laika ieskrieties un uzreiz no pirm\u0101 iemetiena ir vienk\u0101r\u0161i j\u0101mauc.\u201d<\/p>\n<p>T\u0101pat R\u0113dlihs izteica savas domas par Latvijas valstsvien\u012bbas treneru korpusa olimpiskaj\u0101m sp\u0113l\u0113m. \u201c\u013boti sp\u0113c\u012bgs. Liels prieks, ka ar\u012b Sandis [Ozoli\u0146\u0161] ir piekritis un iek\u013c\u0101vies, mazliet atgrie\u017eoties trenera arod\u0101. Vi\u0146\u0161 tom\u0113r ar\u012b ar savu pieredzi, mieru un p\u0101rliec\u012bbu var\u0113tu \u013coti ienest.\u201d<\/p>\n","protected":false},"excerpt":{"rendered":"Mi\u0137elis R\u0113dlihs | Foto: Edijs P\u0101lens\/LETA Biju\u0161ais hokejists un tagad treneris Mi\u0137elis R\u0113dlihs sarun\u0101 \u201cRadio SWH\u201d raid\u012bjum\u0101 \u201cOlimpisk\u0101&hellip;\n","protected":false},"author":2,"featured_media":105305,"comment_status":"","ping_status":"","sticky":false,"template":"","format":"standard","meta":{"footnotes":""},"categories":[17],"tags":[35,39,38,36,37,34,40,67],"class_list":{"0":"post-105304","1":"post","2":"type-post","3":"status-publish","4":"format-standard","5":"has-post-thumbnail","7":"category-sports","8":"tag-latvia","9":"tag-latvian","10":"tag-latviesu","11":"tag-latviesu-valoda","12":"tag-latviesuvaloda","13":"tag-latvija","14":"tag-lv","15":"tag-sports"},"share_on_mastodon":{"url":"https:\/\/pubeurope.com\/@lv\/115898501207633322","error":""},"_links":{"self":[{"href":"https:\/\/www.europesays.com\/lv\/wp-json\/wp\/v2\/posts\/105304","targetHints":{"allow":["GET"]}}],"collection":[{"href":"https:\/\/www.europesays.com\/lv\/wp-json\/wp\/v2\/posts"}],"about":[{"href":"https:\/\/www.europesays.com\/lv\/wp-json\/wp\/v2\/types\/post"}],"author":[{"embeddable":true,"href":"https:\/\/www.europesays.com\/lv\/wp-json\/wp\/v2\/users\/2"}],"replies":[{"embeddable":true,"href":"https:\/\/www.europesays.com\/lv\/wp-json\/wp\/v2\/comments?post=105304"}],"version-history":[{"count":0,"href":"https:\/\/www.europesays.com\/lv\/wp-json\/wp\/v2\/posts\/105304\/revisions"}],"wp:featuredmedia":[{"embeddable":true,"href":"https:\/\/www.europesays.com\/lv\/wp-json\/wp\/v2\/media\/105305"}],"wp:attachment":[{"href":"https:\/\/www.europesays.com\/lv\/wp-json\/wp\/v2\/media?parent=105304"}],"wp:term":[{"taxonomy":"category","embeddable":true,"href":"https:\/\/www.europesays.com\/lv\/wp-json\/wp\/v2\/categories?post=105304"},{"taxonomy":"post_tag","embeddable":true,"href":"https:\/\/www.europesays.com\/lv\/wp-json\/wp\/v2\/tags?post=105304"}],"curies":[{"name":"wp","href":"https:\/\/api.w.org\/{rel}","templated":true}]}}