{"id":105306,"date":"2026-01-15T09:53:20","date_gmt":"2026-01-15T09:53:20","guid":{"rendered":"https:\/\/www.europesays.com\/lv\/105306\/"},"modified":"2026-01-15T09:53:20","modified_gmt":"2026-01-15T09:53:20","slug":"dienvidkorejas-eksprezidentam-junam-sukjolam-pieprasits-navessods-par-meginajumu-izsludinat-karastavokli-lente-lv","status":"publish","type":"post","link":"https:\/\/www.europesays.com\/lv\/105306\/","title":{"rendered":"Dienvidkorejas eksprezidentam Junam Sukjolam piepras\u012bts n\u0101vessods par m\u0113\u0123in\u0101jumu izsludin\u0101t karast\u0101vokli\u00a0\u2014\u00a0Lente.lv"},"content":{"rendered":"<p>Prokurat\u016bra pieprasa n\u0101vessodu<\/p>\n<p>Dienvidkorejas prokurori ir piepras\u012bju\u0161i n\u0101vessodu biju\u0161ajam valsts prezidentam Junam Sukjolam. \u0160is pras\u012bjums izvirz\u012bts saist\u012bb\u0101 ar vi\u0146a m\u0113\u0123in\u0101jumu 2024. gada decembr\u012b uz \u012bsu br\u012bdi izsludin\u0101t karast\u0101vokli valst\u012b. Prokurat\u016bra aps\u016bdz Junu sacel\u0161an\u0101s sar\u012bko\u0161an\u0101, kas saska\u0146\u0101 ar Dienvidkorejas likumiem ir sod\u0101ms ar n\u0101vessodu vai m\u016b\u017ea ieslodz\u012bjumu. Lai gan n\u0101vessods joproj\u0101m ir sp\u0113k\u0101, Dienvidkorej\u0101 kop\u0161 1997. gada past\u0101v neofici\u0101ls moratorijs t\u0101 izpildei. Spriedums \u0161aj\u0101 liet\u0101 gaid\u0101ms janv\u0101ra beig\u0101s vai febru\u0101ra s\u0101kum\u0101.<\/p>\n<p>Karast\u0101vok\u013ca izsludin\u0101\u0161anas apst\u0101k\u013ci<\/p>\n<p>2024. gada 3. decembr\u012b prezidents Juns Sukjols telev\u012bzijas uzrun\u0101 pazi\u0146oja par karast\u0101vok\u013ca izsludin\u0101\u0161anu, apgalvojot, ka tas nepiecie\u0161ams valsts aizsardz\u012bbai pret &#8220;komunistiskajiem Zieme\u013ckorejas sp\u0113kiem&#8221; un &#8220;pretvalstiskiem sp\u0113kiem&#8221;. Vi\u0146\u0161 aps\u016bdz\u0113ja opoz\u012bcij\u0101 eso\u0161o Demokr\u0101tisko partiju par &#8220;pretvalstisk\u0101m darb\u012bb\u0101m&#8221; un sadarb\u012bbu ar Zieme\u013ckoreju, lai v\u0101jin\u0101tu valsti, nod\u0113v\u0113jot t\u0101s dominanci par &#8220;likumdo\u0161anas diktat\u016bru&#8221;. Karast\u0101vok\u013ca izsludin\u0101\u0161ana aizliedza visas politisk\u0101s aktivit\u0101tes, ieskaitot Nacion\u0101l\u0101s asamblejas un viet\u0113jo likumdo\u0161anas org\u0101nu s\u0113des, k\u0101 ar\u012b noteica ierobe\u017eojumus presei. Zi\u0146ots ar\u012b, ka Juns pav\u0113l\u0113jis aiztur\u0113t vair\u0101kus politiskos oponentus.<\/p>\n<p>Sekas un politisk\u0101 kr\u012bze<\/p>\n<p>Juna Sukjola l\u0113mums izrais\u012bja pla\u0161us protestus gan valsts iek\u0161ien\u0113, gan starptautisk\u0101 l\u012bmen\u012b. Nacion\u0101l\u0101 asambleja jau 2024. gada 14. decembr\u012b balsoja par Juna atst\u0101din\u0101\u0161anu no prezidenta amata imp\u012b\u010dmenta ce\u013c\u0101, un \u0161\u012b gada apr\u012bl\u012b Konstitucion\u0101l\u0101 tiesa vi\u0146u ofici\u0101li atc\u0113la no amata. Juns tika apcietin\u0101ts 19. janv\u0101r\u012b par \u012bslaic\u012bgo karast\u0101vok\u013ca izsludin\u0101\u0161anu, ta\u010du v\u0113l\u0101k atbr\u012bvots no pirmstiesas apcietin\u0101juma. Vi\u0146\u0161 joproj\u0101m noliedz aps\u016bdz\u012bbas, apgalvojot, ka vi\u0146a r\u012bc\u012bba bija nepiecie\u0161ama, lai piev\u0113rstu uzman\u012bbu politisko pretinieku rad\u012btajiem \u0161\u0137\u0113r\u0161\u013ciem.<\/p>\n<p>V\u0113sturiskais konteksts un pa\u0161reiz\u0113j\u0101 situ\u0101cija<\/p>\n<p>\u0160\u012b bija pirm\u0101 reize kop\u0161 1979. gada, kad Dienvidkorej\u0101 tika izsludin\u0101ts karast\u0101voklis. Juna advok\u0101ti tiesas s\u0113d\u0113s ir centu\u0161ies p\u0101rliecin\u0101t, ka karast\u0101vok\u013ca izsludin\u0101\u0161ana atbildusi varas dal\u012b\u0161anas principiem un nav uzskat\u0101ma par noziegumu, atsaucoties uz Rietumu politiskajiem teor\u0113ti\u0137iem. Juna vad\u012bbas laik\u0101 valsts sask\u0101r\u0101s ar politisko spriedzi, ko izrais\u012bja vi\u0146a m\u0113\u0123in\u0101jumi \u012bstenot savu politisko darba k\u0101rt\u012bbu, saskaroties ar opoz\u012bcijas vair\u0101kumu Nacion\u0101laj\u0101 asamblej\u0101. Tiek uzskat\u012bts, ka karast\u0101vok\u013ca izsludin\u0101\u0161ana bija saist\u012bta ar politiskaj\u0101m domstarp\u012bb\u0101m, opoz\u012bcijas m\u0113\u0123in\u0101jumiem imp\u012b\u010d\u0113t vi\u0146a kabineta locek\u013cus un vi\u0146a pa\u0161a un vi\u0146a sievas skand\u0101liem.<\/p>\n<p>N\u0101kotnes perspekt\u012bvas<\/p>\n<p>Papildus aps\u016bdz\u012bbai par sacel\u0161anos, pret Junu norisin\u0101s v\u0113l tr\u012bs tiesas pr\u0101vas. Viens no aps\u016bdz\u012bbas punktiem ietver ar\u012b tiesiskuma kav\u0113\u0161anu, par ko prokurat\u016bra piepras\u012bjusi desmit gadu cietumsodu. Aps\u016bdz\u012bba nor\u0101da, ka Juns &#8220;privatiz\u0113jis&#8221; valsts instit\u016bcijas, lai sl\u0113ptu un attaisnotu savas darb\u012bbas. Valsti kop\u0161 pag\u0101ju\u0161\u0101 gada vidus vada prezidents Li D\u017eemjuns, kur\u0161 ir ilggad\u0113js Juna politiskais s\u0101ncensis.<\/p>\n","protected":false},"excerpt":{"rendered":"Prokurat\u016bra pieprasa n\u0101vessodu Dienvidkorejas prokurori ir piepras\u012bju\u0161i n\u0101vessodu biju\u0161ajam valsts prezidentam Junam Sukjolam. \u0160is pras\u012bjums izvirz\u012bts saist\u012bb\u0101 ar&hellip;\n","protected":false},"author":2,"featured_media":105307,"comment_status":"","ping_status":"","sticky":false,"template":"","format":"standard","meta":{"footnotes":""},"categories":[14],"tags":[23,57,28,29,2378,32,33,22,22662,22663,30,31,35,39,38,36,37,34,40,19778,20,4132,26,27,24,25,54,55,56,21,58],"class_list":{"0":"post-105306","1":"post","2":"type-post","3":"status-publish","4":"format-standard","5":"has-post-thumbnail","7":"category-zinas-no-arvalstim","8":"tag-aktualitates","9":"tag-arvalstim","10":"tag-breaking-news","11":"tag-breakingnews","12":"tag-dienvidkoreja","13":"tag-featured-news","14":"tag-featurednews","15":"tag-headlines","16":"tag-juns-sukjols","17":"tag-karastavoklis","18":"tag-latest-news","19":"tag-latestnews","20":"tag-latvia","21":"tag-latvian","22":"tag-latviesu","23":"tag-latviesu-valoda","24":"tag-latviesuvaloda","25":"tag-latvija","26":"tag-lv","27":"tag-navessods","28":"tag-news","29":"tag-politiska-krize","30":"tag-popularakas-zinas","31":"tag-popularakaszinas","32":"tag-top-stories","33":"tag-topstories","34":"tag-world","35":"tag-world-news","36":"tag-worldnews","37":"tag-zinas","38":"tag-zinas-no-arvalstim"},"share_on_mastodon":{"url":"","error":"Validation failed: Text character limit of 500 exceeded"},"_links":{"self":[{"href":"https:\/\/www.europesays.com\/lv\/wp-json\/wp\/v2\/posts\/105306","targetHints":{"allow":["GET"]}}],"collection":[{"href":"https:\/\/www.europesays.com\/lv\/wp-json\/wp\/v2\/posts"}],"about":[{"href":"https:\/\/www.europesays.com\/lv\/wp-json\/wp\/v2\/types\/post"}],"author":[{"embeddable":true,"href":"https:\/\/www.europesays.com\/lv\/wp-json\/wp\/v2\/users\/2"}],"replies":[{"embeddable":true,"href":"https:\/\/www.europesays.com\/lv\/wp-json\/wp\/v2\/comments?post=105306"}],"version-history":[{"count":0,"href":"https:\/\/www.europesays.com\/lv\/wp-json\/wp\/v2\/posts\/105306\/revisions"}],"wp:featuredmedia":[{"embeddable":true,"href":"https:\/\/www.europesays.com\/lv\/wp-json\/wp\/v2\/media\/105307"}],"wp:attachment":[{"href":"https:\/\/www.europesays.com\/lv\/wp-json\/wp\/v2\/media?parent=105306"}],"wp:term":[{"taxonomy":"category","embeddable":true,"href":"https:\/\/www.europesays.com\/lv\/wp-json\/wp\/v2\/categories?post=105306"},{"taxonomy":"post_tag","embeddable":true,"href":"https:\/\/www.europesays.com\/lv\/wp-json\/wp\/v2\/tags?post=105306"}],"curies":[{"name":"wp","href":"https:\/\/api.w.org\/{rel}","templated":true}]}}