{"id":105308,"date":"2026-01-15T09:54:09","date_gmt":"2026-01-15T09:54:09","guid":{"rendered":"https:\/\/www.europesays.com\/lv\/105308\/"},"modified":"2026-01-15T09:54:09","modified_gmt":"2026-01-15T09:54:09","slug":"aseradens-vk-veikto-reviziju-par-valsts-pieeju-enu-ekonomikas-ierobezosanai-verte-ka-loti-vaju-un-pavirsu","status":"publish","type":"post","link":"https:\/\/www.europesays.com\/lv\/105308\/","title":{"rendered":"A\u0161eradens VK veikto rev\u012bziju par valsts pieeju \u0113nu ekonomikas ierobe\u017eo\u0161anai v\u0113rt\u0113 k\u0101 \u013coti v\u0101ju un pavir\u0161u"},"content":{"rendered":"<p>&#8220;Laik\u0101, kad valst\u012b lielas p\u016bles velta birokr\u0101tijas un administrat\u012bv\u0101 sloga mazin\u0101\u0161anas iesp\u0113ju apzin\u0101\u0161anai un sagaid\u0101ms &#8211; ar\u012b \u012bsteno\u0161anai, \u0113nu ekonomikas ierobe\u017eo\u0161anas pl\u0101n\u0101 da\u013ca pas\u0101kumu ir v\u0113rsti pret\u0113j\u0101 virzien\u0101, proti, stiprin\u0101t pras\u012bbas un kontroles meh\u0101nismu. T\u0101 jau ir c\u012b\u0146a ar sek\u0101m, nevis c\u0113lo\u0146iem. P\u0113t\u012bjumi r\u0101da, ka augot labkl\u0101j\u012bbai un uztic\u0113\u0161an\u0101s l\u012bmenim, \u0113nu ekonomika parasti samazin\u0101s,&#8221; nor\u0101da Valsts kontroles padomes locekle Inga Vilka.<\/p>\n<p>Revidenti ar\u012b uzsver, ka \u0113nu ekonomikas ierobe\u017eo\u0161ana ir horizont\u0101la politika un t\u0101s \u012bsteno\u0161an\u0101 iesaist\u012btas daudzas instit\u016bcijas. Tom\u0113r rev\u012bzij\u0101 secin\u0101ts, ka institucion\u0101l\u0101 sist\u0113ma ir sare\u017e\u0123\u012bta, atbild\u012bba sadrumstalota un uzsvars ir uz procesiem, nevis uz skaidri sasniedzamiem rezult\u0101tiem.<\/p>\n<p>Valsts kontrole uzsver, ka vado\u0161\u0101 loma \u0161aj\u0101 jaut\u0101jum\u0101 ir FM, kur ir izveidota \u012bpa\u0161a strukt\u016brvien\u012bba \u0113nu ekonomikas ierobe\u017eo\u0161anas koordin\u0113\u0161anai. Revidentu ieskat\u0101, pirms asto\u0146iem gadiem FM strukt\u016bru papla\u0161in\u0101t ar jaunu valsts sekret\u0101ra vietnieku un departamentu \u0113nu ekonomikas ierobe\u017eo\u0161anai bija nesam\u0113r\u012bgi un neracion\u0101li. Tom\u0113r revidenti atz\u012bm\u0113, ka rev\u012bzijas laik\u0101 2025. gada apr\u012bl\u012b \u012bstenot\u0101s struktur\u0101l\u0101s izmai\u0146as ministrij\u0101, atgrie\u017eoties pie vienotas atbild\u012bbas par nodok\u013cu politiku un \u0113nu ekonomikas p\u0101rvald\u012bbu, kas ir solis racionaliz\u0101cijas virzien\u0101, un ir j\u0101turpina.<\/p>\n","protected":false},"excerpt":{"rendered":"&#8220;Laik\u0101, kad valst\u012b lielas p\u016bles velta birokr\u0101tijas un administrat\u012bv\u0101 sloga mazin\u0101\u0161anas iesp\u0113ju apzin\u0101\u0161anai un sagaid\u0101ms &#8211; ar\u012b \u012bsteno\u0161anai,&hellip;\n","protected":false},"author":2,"featured_media":46878,"comment_status":"","ping_status":"","sticky":false,"template":"","format":"standard","meta":{"footnotes":""},"categories":[12],"tags":[23,3025,28,29,25249,32,33,22,30,31,35,39,38,36,37,34,40,20,26,27,24,25,786,21],"class_list":{"0":"post-105308","1":"post","2":"type-post","3":"status-publish","4":"format-standard","5":"has-post-thumbnail","7":"category-latvija","8":"tag-aktualitates","9":"tag-arvils-aseradens","10":"tag-breaking-news","11":"tag-breakingnews","12":"tag-enu-ekonomika","13":"tag-featured-news","14":"tag-featurednews","15":"tag-headlines","16":"tag-latest-news","17":"tag-latestnews","18":"tag-latvia","19":"tag-latvian","20":"tag-latviesu","21":"tag-latviesu-valoda","22":"tag-latviesuvaloda","23":"tag-latvija","24":"tag-lv","25":"tag-news","26":"tag-popularakas-zinas","27":"tag-popularakaszinas","28":"tag-top-stories","29":"tag-topstories","30":"tag-valsts-kontrole","31":"tag-zinas"},"share_on_mastodon":{"url":"https:\/\/pubeurope.com\/@lv\/115898512997104116","error":""},"_links":{"self":[{"href":"https:\/\/www.europesays.com\/lv\/wp-json\/wp\/v2\/posts\/105308","targetHints":{"allow":["GET"]}}],"collection":[{"href":"https:\/\/www.europesays.com\/lv\/wp-json\/wp\/v2\/posts"}],"about":[{"href":"https:\/\/www.europesays.com\/lv\/wp-json\/wp\/v2\/types\/post"}],"author":[{"embeddable":true,"href":"https:\/\/www.europesays.com\/lv\/wp-json\/wp\/v2\/users\/2"}],"replies":[{"embeddable":true,"href":"https:\/\/www.europesays.com\/lv\/wp-json\/wp\/v2\/comments?post=105308"}],"version-history":[{"count":0,"href":"https:\/\/www.europesays.com\/lv\/wp-json\/wp\/v2\/posts\/105308\/revisions"}],"wp:featuredmedia":[{"embeddable":true,"href":"https:\/\/www.europesays.com\/lv\/wp-json\/wp\/v2\/media\/46878"}],"wp:attachment":[{"href":"https:\/\/www.europesays.com\/lv\/wp-json\/wp\/v2\/media?parent=105308"}],"wp:term":[{"taxonomy":"category","embeddable":true,"href":"https:\/\/www.europesays.com\/lv\/wp-json\/wp\/v2\/categories?post=105308"},{"taxonomy":"post_tag","embeddable":true,"href":"https:\/\/www.europesays.com\/lv\/wp-json\/wp\/v2\/tags?post=105308"}],"curies":[{"name":"wp","href":"https:\/\/api.w.org\/{rel}","templated":true}]}}