{"id":105315,"date":"2026-01-15T10:02:07","date_gmt":"2026-01-15T10:02:07","guid":{"rendered":"https:\/\/www.europesays.com\/lv\/105315\/"},"modified":"2026-01-15T10:02:07","modified_gmt":"2026-01-15T10:02:07","slug":"izdots-jauns-raimonda-paula-melodiju-albums-saksofonam-lr2-latvijas-radio","status":"publish","type":"post","link":"https:\/\/www.europesays.com\/lv\/105315\/","title":{"rendered":"Izdots jauns Raimonda Paula melodiju albums saksofonam \/ LR2 \/ \/ Latvijas Radio"},"content":{"rendered":"<p style=\"text-align: justify;\">Album\u0101 &#8220;Nenotiku\u0161ais koncerts&#8221; paz\u012bstamais saksofonists Zintis \u017dvarts ieska\u0146ojis pavisam 12 piln\u012bgi jaunas Maestro melodijas. Aran\u017e\u0113jumus veidojis un albumu produc\u0113jis Art\u016brs Palkevi\u010ds.\u00a0<\/p>\n<p style=\"text-align: justify;\">Album\u0101 iek\u013cauti 12 ska\u0146darbi, kas s\u0101kotn\u0113ji tiku\u0161i rakst\u012bti k\u0101 dziesmas koncertuzvedumam &#8220;Lips Tulians&#8221;, kas l\u012bdz \u0161im izskan\u0113jis tikai vienu reizi. T\u0101p\u0113c ar\u012b Maestro rad\u0101s ideja, \u0161im albumam dot nosaukumu &#8220;Nenotiku\u0161ais koncerts&#8221;, jo v\u0113l citas \u0161\u012b uzveduma izr\u0101des t\u0101 ar\u012b nenotika.<\/p>\n<p style=\"text-align: justify;\">L\u012bdz \u0161im sadarb\u012bb\u0101 ar Zinti \u017dvartu jau bija izdots instrument\u0101l\u0101s m\u016bzikas albums &#8220;Rudens. Saksofons&#8221; ierakstu s\u0113rij\u0101 &#8220;Gadalaiki&#8221;.<\/p>\n<p>Jaunaj\u0101 album\u0101 iek\u013cauti sekojo\u0161i ska\u0146darbi:<\/p>\n<p>1. M\u012blas melodija<\/p>\n<p>2. Hedviga<\/p>\n<p>3. Hilda<\/p>\n<p>4. C\u012b\u0146as gar\u0161a<\/p>\n<p>5. Piedo\u0161ana<\/p>\n<p>6. Prieks<\/p>\n<p>7. Sapnis par k\u0101z\u0101m<\/p>\n<p>8. Sievietes m\u016b\u017es<\/p>\n<p>9. Siksp\u0101rnis<\/p>\n<p>10. Venus templis<\/p>\n<p>11. Zelta pav\u0101rs<\/p>\n<p>12. Nabagu pateic\u012bba<\/p>\n<p>Klausies: <a href=\"https:\/\/orcd.co\/nenotikusaiskoncerts\" rel=\"nofollow noopener\" target=\"_blank\">https:\/\/orcd.co\/nenotikusaiskoncerts<\/a> \u00a0<\/p>\n<p>Ieteikt<\/p>\n<p>    Latvijas Radio aicina izteikt savu viedokli par raid\u012bjum\u0101 dzird\u0113to un atbalsta diskusijas klaus\u012bt\u0101ju starp\u0101, tom\u0113r patur ties\u012bbas dz\u0113st koment\u0101rus, kas p\u0101rk\u0101pj cie\u0146pilnas attieksmes un \u0113tiskas r\u012bc\u012bbas robe\u017eas.<a name=\"comments\"\/><\/p>\n","protected":false},"excerpt":{"rendered":"Album\u0101 &#8220;Nenotiku\u0161ais koncerts&#8221; paz\u012bstamais saksofonists Zintis \u017dvarts ieska\u0146ojis pavisam 12 piln\u012bgi jaunas Maestro melodijas. Aran\u017e\u0113jumus veidojis un albumu&hellip;\n","protected":false},"author":2,"featured_media":105316,"comment_status":"","ping_status":"","sticky":false,"template":"","format":"standard","meta":{"footnotes":""},"categories":[19],"tags":[89,90,35,39,38,36,37,34,40],"class_list":{"0":"post-105315","1":"post","2":"type-post","3":"status-publish","4":"format-standard","5":"has-post-thumbnail","7":"category-izklaide","8":"tag-entertainment","9":"tag-izklaide","10":"tag-latvia","11":"tag-latvian","12":"tag-latviesu","13":"tag-latviesu-valoda","14":"tag-latviesuvaloda","15":"tag-latvija","16":"tag-lv"},"share_on_mastodon":{"url":"https:\/\/pubeurope.com\/@lv\/115898544509913664","error":""},"_links":{"self":[{"href":"https:\/\/www.europesays.com\/lv\/wp-json\/wp\/v2\/posts\/105315","targetHints":{"allow":["GET"]}}],"collection":[{"href":"https:\/\/www.europesays.com\/lv\/wp-json\/wp\/v2\/posts"}],"about":[{"href":"https:\/\/www.europesays.com\/lv\/wp-json\/wp\/v2\/types\/post"}],"author":[{"embeddable":true,"href":"https:\/\/www.europesays.com\/lv\/wp-json\/wp\/v2\/users\/2"}],"replies":[{"embeddable":true,"href":"https:\/\/www.europesays.com\/lv\/wp-json\/wp\/v2\/comments?post=105315"}],"version-history":[{"count":0,"href":"https:\/\/www.europesays.com\/lv\/wp-json\/wp\/v2\/posts\/105315\/revisions"}],"wp:featuredmedia":[{"embeddable":true,"href":"https:\/\/www.europesays.com\/lv\/wp-json\/wp\/v2\/media\/105316"}],"wp:attachment":[{"href":"https:\/\/www.europesays.com\/lv\/wp-json\/wp\/v2\/media?parent=105315"}],"wp:term":[{"taxonomy":"category","embeddable":true,"href":"https:\/\/www.europesays.com\/lv\/wp-json\/wp\/v2\/categories?post=105315"},{"taxonomy":"post_tag","embeddable":true,"href":"https:\/\/www.europesays.com\/lv\/wp-json\/wp\/v2\/tags?post=105315"}],"curies":[{"name":"wp","href":"https:\/\/api.w.org\/{rel}","templated":true}]}}