{"id":105317,"date":"2026-01-15T10:03:07","date_gmt":"2026-01-15T10:03:07","guid":{"rendered":"https:\/\/www.europesays.com\/lv\/105317\/"},"modified":"2026-01-15T10:03:07","modified_gmt":"2026-01-15T10:03:07","slug":"atvadisanas-no-basketbola-legendas-uljanas-semjonovas-notiks-riga-15-janvari-lente-lv","status":"publish","type":"post","link":"https:\/\/www.europesays.com\/lv\/105317\/","title":{"rendered":"Atvad\u012b\u0161an\u0101s no basketbola le\u0123endas U\u013cjanas Semjonovas notiks R\u012bg\u0101 15. janv\u0101r\u012b\u00a0\u2014\u00a0Lente.lv"},"content":{"rendered":"<p>Atvad\u012b\u0161an\u0101s notiks R\u012bgas Latvie\u0161u biedr\u012bbas nam\u0101<\/p>\n<p>\u0160odien, 15. janv\u0101r\u012b, R\u012bg\u0101 notiks publisk\u0101 atvad\u012b\u0161an\u0101s no le\u0123end\u0101r\u0101s latvie\u0161u basketbolistes U\u013cjanas Semjonovas, kura m\u016b\u017e\u012bb\u0101 dev\u0101s 8. janv\u0101r\u012b 73 gadu vecum\u0101. K\u0101 zi\u0146o av\u012bze Diena, ceremonija norisin\u0101sies R\u012bgas Latvie\u0161u biedr\u012bbas nama Lielaj\u0101 z\u0101l\u0113 no pulksten 12:00 l\u012bdz 13:30. P\u0113c tam U\u013cjana Semjonova tiks guld\u012bta zemes kl\u0113p\u012b R\u012bgas 1. Me\u017ea kapos pulksten 14:00. L\u012bdzjut\u0113ji un tuvinieki aicin\u0101ti ziedot ziedus, kas tiks nog\u0101d\u0101ti uz kapiem.<\/p>\n<p>Basketbola karjera un iev\u0113rojamie sasniegumi<\/p>\n<p>U\u013cjana Semjonova, paz\u012bstama ar\u012b k\u0101 U\u013ca, tiek uzskat\u012bta par vienu no visu laiku izcil\u0101kaj\u0101m basketbolist\u0113m pasaul\u0113. Vi\u0146as karjera bija izcila, un vi\u0146a ieguvusi divk\u0101rt\u0113jas olimpisk\u0101s, tr\u012bsk\u0101rt\u0113jas pasaules un desmitk\u0101rt\u0113jas Eiropas \u010dempiones titulus. Semjonova sp\u0113l\u0113ja galvenok\u0101rt R\u012bgas TTT komand\u0101 un Latvijas izlas\u0113, k\u0101 ar\u012b Padomju Savien\u012bbas izlas\u0113. Vi\u0146a vienpadsmit reizes ieguvusi Eiropas \u010dempionvien\u012bbu kausu, kas apliecina vi\u0146as dominanci gan kluba, gan starptautisk\u0101 l\u012bmen\u012b. Vi\u0146as iespaid\u012bgais augums (ofici\u0101li 210 cm) kop\u0101 ar izcilu fizisko sagatavot\u012bbu, tehniku un sp\u0113les izpratni padar\u012bja vi\u0146u par nep\u0101rsp\u0113jamu sp\u0113l\u0113t\u0101ju laukum\u0101.<\/p>\n<p>Starptautisk\u0101 atzin\u012bba un mantojums<\/p>\n<p>U\u013cjanas Semjonovas ieguld\u012bjums basketbol\u0101 ir pla\u0161i atz\u012bts ne tikai Latvij\u0101, bet ar\u012b starptautisk\u0101 m\u0113rog\u0101. Vi\u0146a bija pirm\u0101 eiropiete, kas 1993. gad\u0101 tika uz\u0146emta Pasaules basketbola Slavas z\u0101l\u0113 Springf\u012bld\u0101. V\u0113l\u0101k vi\u0146a sa\u0146\u0113musi ar\u012b vietu Sievie\u0161u basketbola Slavas z\u0101l\u0113 (1999) un FIBA Slavas z\u0101l\u0113 (2007). P\u0113c sportistes karjeras beig\u0101m Semjonova akt\u012bvi darboj\u0101s, vadot Latvijas Olimpie\u0161u soci\u0101lo fondu, sniedzot atbalstu sporta veter\u0101niem, apliecinot savu r\u016bp\u012bbu un sabiedrisko aktivit\u0101ti.<\/p>\n<p>Piemi\u0146as vieta<\/p>\n<p>U\u013cjana Semjonova tiks guld\u012bta R\u012bgas 1. Me\u017ea kapos. \u0160ie kapi ir viens no kult\u016brv\u0113sturiski v\u0113rt\u012bg\u0101kajiem piemi\u0146as ansamb\u013ciem Latvij\u0101, kas tika atkl\u0101ti 1913. gad\u0101 un atrodas starp R\u012bgas Me\u017eaparku un \u010ciekurkalnu. \u0160\u012b ainavisk\u0101 un v\u0113sturiski noz\u012bm\u012bg\u0101 vieta kalpos k\u0101 p\u0113d\u0113j\u0101 atdusas vieta le\u0123end\u0101rajai sportistei.<\/p>\n","protected":false},"excerpt":{"rendered":"Atvad\u012b\u0161an\u0101s notiks R\u012bgas Latvie\u0161u biedr\u012bbas nam\u0101 \u0160odien, 15. janv\u0101r\u012b, R\u012bg\u0101 notiks publisk\u0101 atvad\u012b\u0161an\u0101s no le\u0123end\u0101r\u0101s latvie\u0161u basketbolistes U\u013cjanas&hellip;\n","protected":false},"author":2,"featured_media":105318,"comment_status":"","ping_status":"","sticky":false,"template":"","format":"standard","meta":{"footnotes":""},"categories":[17],"tags":[14062,145,35,39,38,36,37,34,40,172,67,11634],"class_list":{"0":"post-105317","1":"post","2":"type-post","3":"status-publish","4":"format-standard","5":"has-post-thumbnail","7":"category-sports","8":"tag-atvadisanas","9":"tag-basketbols","10":"tag-latvia","11":"tag-latvian","12":"tag-latviesu","13":"tag-latviesu-valoda","14":"tag-latviesuvaloda","15":"tag-latvija","16":"tag-lv","17":"tag-riga","18":"tag-sports","19":"tag-uljana-semjonova"},"share_on_mastodon":{"url":"https:\/\/pubeurope.com\/@lv\/115898548398547624","error":""},"_links":{"self":[{"href":"https:\/\/www.europesays.com\/lv\/wp-json\/wp\/v2\/posts\/105317","targetHints":{"allow":["GET"]}}],"collection":[{"href":"https:\/\/www.europesays.com\/lv\/wp-json\/wp\/v2\/posts"}],"about":[{"href":"https:\/\/www.europesays.com\/lv\/wp-json\/wp\/v2\/types\/post"}],"author":[{"embeddable":true,"href":"https:\/\/www.europesays.com\/lv\/wp-json\/wp\/v2\/users\/2"}],"replies":[{"embeddable":true,"href":"https:\/\/www.europesays.com\/lv\/wp-json\/wp\/v2\/comments?post=105317"}],"version-history":[{"count":0,"href":"https:\/\/www.europesays.com\/lv\/wp-json\/wp\/v2\/posts\/105317\/revisions"}],"wp:featuredmedia":[{"embeddable":true,"href":"https:\/\/www.europesays.com\/lv\/wp-json\/wp\/v2\/media\/105318"}],"wp:attachment":[{"href":"https:\/\/www.europesays.com\/lv\/wp-json\/wp\/v2\/media?parent=105317"}],"wp:term":[{"taxonomy":"category","embeddable":true,"href":"https:\/\/www.europesays.com\/lv\/wp-json\/wp\/v2\/categories?post=105317"},{"taxonomy":"post_tag","embeddable":true,"href":"https:\/\/www.europesays.com\/lv\/wp-json\/wp\/v2\/tags?post=105317"}],"curies":[{"name":"wp","href":"https:\/\/api.w.org\/{rel}","templated":true}]}}