{"id":105319,"date":"2026-01-15T10:06:08","date_gmt":"2026-01-15T10:06:08","guid":{"rendered":"https:\/\/www.europesays.com\/lv\/105319\/"},"modified":"2026-01-15T10:06:08","modified_gmt":"2026-01-15T10:06:08","slug":"jurmala-tiek-parstaveta-somijas-turisma-izstade-matka-2026","status":"publish","type":"post","link":"https:\/\/www.europesays.com\/lv\/105319\/","title":{"rendered":"J\u016brmala tiek p\u0101rst\u0101v\u0113ta Somijas t\u016brisma izst\u0101d\u0113 \u201cMATKA 2026\u201d"},"content":{"rendered":"<p>No 2026. gada 15. l\u012bdz 18. janv\u0101rim J\u016brmalas T\u016brisma inform\u0101cijas centrs un t\u016brisma uz\u0146\u0113m\u0113ji piedal\u012bsies liel\u0101kaj\u0101 Zieme\u013ceiropas t\u016brisma gadatirg\u016b &#8211; \u201cMATKA 2026\u201d Helsinkos. J\u016brmala tiks prezent\u0113ta Latvijas stend\u0101, kuru organiz\u0113 Latvijas Invest\u012bciju un att\u012bst\u012bbas a\u0123ent\u016bra.<\/p>\n<p>Izst\u0101des laik\u0101 apmekl\u0113t\u0101ji var\u0113s uzzin\u0101t par atp\u016btas iesp\u0113j\u0101m, popul\u0101r\u0101kaj\u0101m apskates viet\u0101m J\u016brmal\u0101, sa\u0146emt t\u016brisma kartes somu valod\u0101, k\u0101 ar\u012b piedal\u012bties ori\u0123in\u0101laj\u0101 viktor\u012bn\u0101 un ieg\u016bt \u012bpa\u0161us piemi\u0146as suven\u012brus. <\/p>\n<p>Dal\u012bba gadatirg\u016b tiek organiz\u0113ta, lai veicin\u0101tu t\u016bristu skaita pieaugumu no Somijas. P\u0113d\u0113jo gadu laik\u0101 viesu skaits no Somijas J\u016brmal\u0101 stabili pieaug: \u0161\u012b br\u012b\u017ea ofici\u0101lie statistikas dati par nak\u0161\u0146ojo\u0161o t\u016bristu skaitu uzr\u0101da, ka 2025. gad\u0101 somu t\u016bristu skaits J\u016brmal\u0101 bija par vid\u0113ji 15\u201320 % liel\u0101ks nek\u0101 pirms pand\u0113mijas. \u0160o pieaugumu ir veicin\u0101jis gan m\u0113r\u0137tiec\u012bgas m\u0101rketinga aktivit\u0101tes, gan att\u012bst\u012btas transporta iesp\u0113jas, gan ar\u012b konkur\u0113tsp\u0113j\u012bgs t\u016brisma pied\u0101v\u0101jums. Somi J\u016brmal\u0101 ierodas gan ar lidma\u0161\u012bn\u0101m, gan automa\u0161\u012bn\u0101m, bie\u017ei vien kop\u0101 ar draugiem un \u0123imen\u0113m, lai izbaud\u012btu skaisto smil\u0161u pludmali, dabas t\u016brisma pied\u0101v\u0101jumus un vesel\u012bbas uzlabo\u0161anas programmas, pavadot J\u016brmalas naktsm\u012btn\u0113s vid\u0113ji divas naktis.<\/p>\n","protected":false},"excerpt":{"rendered":"No 2026. gada 15. l\u012bdz 18. janv\u0101rim J\u016brmalas T\u016brisma inform\u0101cijas centrs un t\u016brisma uz\u0146\u0113m\u0113ji piedal\u012bsies liel\u0101kaj\u0101 Zieme\u013ceiropas t\u016brisma&hellip;\n","protected":false},"author":2,"featured_media":105320,"comment_status":"","ping_status":"","sticky":false,"template":"","format":"standard","meta":{"footnotes":""},"categories":[12],"tags":[23,28,29,32,33,22,30,31,35,39,38,36,37,34,40,20,26,27,24,25,21],"class_list":{"0":"post-105319","1":"post","2":"type-post","3":"status-publish","4":"format-standard","5":"has-post-thumbnail","7":"category-latvija","8":"tag-aktualitates","9":"tag-breaking-news","10":"tag-breakingnews","11":"tag-featured-news","12":"tag-featurednews","13":"tag-headlines","14":"tag-latest-news","15":"tag-latestnews","16":"tag-latvia","17":"tag-latvian","18":"tag-latviesu","19":"tag-latviesu-valoda","20":"tag-latviesuvaloda","21":"tag-latvija","22":"tag-lv","23":"tag-news","24":"tag-popularakas-zinas","25":"tag-popularakaszinas","26":"tag-top-stories","27":"tag-topstories","28":"tag-zinas"},"share_on_mastodon":{"url":"https:\/\/pubeurope.com\/@lv\/115898560229089669","error":""},"_links":{"self":[{"href":"https:\/\/www.europesays.com\/lv\/wp-json\/wp\/v2\/posts\/105319","targetHints":{"allow":["GET"]}}],"collection":[{"href":"https:\/\/www.europesays.com\/lv\/wp-json\/wp\/v2\/posts"}],"about":[{"href":"https:\/\/www.europesays.com\/lv\/wp-json\/wp\/v2\/types\/post"}],"author":[{"embeddable":true,"href":"https:\/\/www.europesays.com\/lv\/wp-json\/wp\/v2\/users\/2"}],"replies":[{"embeddable":true,"href":"https:\/\/www.europesays.com\/lv\/wp-json\/wp\/v2\/comments?post=105319"}],"version-history":[{"count":0,"href":"https:\/\/www.europesays.com\/lv\/wp-json\/wp\/v2\/posts\/105319\/revisions"}],"wp:featuredmedia":[{"embeddable":true,"href":"https:\/\/www.europesays.com\/lv\/wp-json\/wp\/v2\/media\/105320"}],"wp:attachment":[{"href":"https:\/\/www.europesays.com\/lv\/wp-json\/wp\/v2\/media?parent=105319"}],"wp:term":[{"taxonomy":"category","embeddable":true,"href":"https:\/\/www.europesays.com\/lv\/wp-json\/wp\/v2\/categories?post=105319"},{"taxonomy":"post_tag","embeddable":true,"href":"https:\/\/www.europesays.com\/lv\/wp-json\/wp\/v2\/tags?post=105319"}],"curies":[{"name":"wp","href":"https:\/\/api.w.org\/{rel}","templated":true}]}}