{"id":105321,"date":"2026-01-15T10:07:09","date_gmt":"2026-01-15T10:07:09","guid":{"rendered":"https:\/\/www.europesays.com\/lv\/105321\/"},"modified":"2026-01-15T10:07:09","modified_gmt":"2026-01-15T10:07:09","slug":"tresdien-ugunsgrekos-cietusi-tris-cilveki","status":"publish","type":"post","link":"https:\/\/www.europesays.com\/lv\/105321\/","title":{"rendered":"Tre\u0161dien ugunsgr\u0113kos cietu\u0161i tr\u012bs cilv\u0113ki"},"content":{"rendered":"<p>Plkst. 17.59 gl\u0101b\u0113ji dev\u0101s uz Pasta ielu J\u0113kabpil\u012b, kur divst\u0101vu dz\u012bvojam\u0101s m\u0101jas otr\u0101 st\u0101va dz\u012bvokl\u012b dega sadz\u012bves mantas. Pirms <a href=\"https:\/\/www.tvnet.lv\/term\/555464\/vugd\" class=\"topicLink\" target=\"_blank\" rel=\"nofollow noopener\">VUGD<\/a> iera\u0161an\u0101s no m\u0101jas evaku\u0113j\u0101s viens cilv\u0113ks, kur\u0161 negad\u012bjum\u0101 cieta. Ugunsdz\u0113s\u0113ji no dego\u0161\u0101 dz\u012bvok\u013ca izgl\u0101ba ka\u0137i.<\/p>\n<p>Plkst. 18.47 VUGD sa\u0146\u0113ma izsaukumu uz \u0136ekavas pagastu, kur kravas automa\u0161\u012bna no ce\u013ca braucam\u0101s da\u013cas bija iesl\u012bd\u0113jusi gr\u0101v\u012b. Ar hidraulisko instrumentu pal\u012bdz\u012bbu gl\u0101b\u0113ji atv\u0113ra automa\u0161\u012bnas durvis un cilv\u0113ku, kur\u0161 atrad\u0101s automa\u0161\u012bn\u0101, nodeva medi\u0137iem.<\/p>\n<p>\u012asi p\u0113c plkst. 21 ugunsdz\u0113s\u0113ji dev\u0101s uz Tvaika ielu R\u012bg\u0101, kur vienst\u0101va ang\u0101ra tipa \u0113k\u0101 dega sadz\u012bves mantas un koka paletes desmit kvadr\u0101tmetru plat\u012bb\u0101. Dz\u0113\u0161ot liesmas pa\u0161a sp\u0113kiem pirms VUGD iera\u0161an\u0101s, ugunsgr\u0113k\u0101 cieta divi cilv\u0113ki.<\/p>\n<p>Plkst. 21.12 VUGD sa\u0146\u0113ma izsaukumu uz Gan\u012bbu dambi R\u012bg\u0101, kur daudzdz\u012bvok\u013cu dz\u012bvojam\u0101s m\u0101jas sestaj\u0101 st\u0101v\u0101 dega balkons un siena septi\u0146u kvadr\u0101tmetru plat\u012bb\u0101. Pirms gl\u0101b\u0113ju iera\u0161an\u0101s no \u0113kas evaku\u0113j\u0101s 30 cilv\u0113ki.<\/p>\n<p>Aizvad\u012btaj\u0101 diennakt\u012b VUGD sa\u0146\u0113ma 43 izsaukumus &#8211; 16 uz ugunsgr\u0113ku dz\u0113\u0161anu, 21 uz gl\u0101b\u0161anas darbiem, bet se\u0161i izsaukumi bija maldin\u0101jumi.<\/p>\n","protected":false},"excerpt":{"rendered":"Plkst. 17.59 gl\u0101b\u0113ji dev\u0101s uz Pasta ielu J\u0113kabpil\u012b, kur divst\u0101vu dz\u012bvojam\u0101s m\u0101jas otr\u0101 st\u0101va dz\u012bvokl\u012b dega sadz\u012bves mantas.&hellip;\n","protected":false},"author":2,"featured_media":105322,"comment_status":"","ping_status":"","sticky":false,"template":"","format":"standard","meta":{"footnotes":""},"categories":[5],"tags":[23,28,29,32,33,22,30,31,35,39,38,36,37,34,40,20,26,27,24,25,377,4908,21],"class_list":{"0":"post-105321","1":"post","2":"type-post","3":"status-publish","4":"format-standard","5":"has-post-thumbnail","7":"category-aktualitates","8":"tag-aktualitates","9":"tag-breaking-news","10":"tag-breakingnews","11":"tag-featured-news","12":"tag-featurednews","13":"tag-headlines","14":"tag-latest-news","15":"tag-latestnews","16":"tag-latvia","17":"tag-latvian","18":"tag-latviesu","19":"tag-latviesu-valoda","20":"tag-latviesuvaloda","21":"tag-latvija","22":"tag-lv","23":"tag-news","24":"tag-popularakas-zinas","25":"tag-popularakaszinas","26":"tag-top-stories","27":"tag-topstories","28":"tag-ugunsgreks","29":"tag-vugd","30":"tag-zinas"},"share_on_mastodon":{"url":"https:\/\/pubeurope.com\/@lv\/115898564197888095","error":""},"_links":{"self":[{"href":"https:\/\/www.europesays.com\/lv\/wp-json\/wp\/v2\/posts\/105321","targetHints":{"allow":["GET"]}}],"collection":[{"href":"https:\/\/www.europesays.com\/lv\/wp-json\/wp\/v2\/posts"}],"about":[{"href":"https:\/\/www.europesays.com\/lv\/wp-json\/wp\/v2\/types\/post"}],"author":[{"embeddable":true,"href":"https:\/\/www.europesays.com\/lv\/wp-json\/wp\/v2\/users\/2"}],"replies":[{"embeddable":true,"href":"https:\/\/www.europesays.com\/lv\/wp-json\/wp\/v2\/comments?post=105321"}],"version-history":[{"count":0,"href":"https:\/\/www.europesays.com\/lv\/wp-json\/wp\/v2\/posts\/105321\/revisions"}],"wp:featuredmedia":[{"embeddable":true,"href":"https:\/\/www.europesays.com\/lv\/wp-json\/wp\/v2\/media\/105322"}],"wp:attachment":[{"href":"https:\/\/www.europesays.com\/lv\/wp-json\/wp\/v2\/media?parent=105321"}],"wp:term":[{"taxonomy":"category","embeddable":true,"href":"https:\/\/www.europesays.com\/lv\/wp-json\/wp\/v2\/categories?post=105321"},{"taxonomy":"post_tag","embeddable":true,"href":"https:\/\/www.europesays.com\/lv\/wp-json\/wp\/v2\/tags?post=105321"}],"curies":[{"name":"wp","href":"https:\/\/api.w.org\/{rel}","templated":true}]}}