{"id":105323,"date":"2026-01-15T10:08:07","date_gmt":"2026-01-15T10:08:07","guid":{"rendered":"https:\/\/www.europesays.com\/lv\/105323\/"},"modified":"2026-01-15T10:08:07","modified_gmt":"2026-01-15T10:08:07","slug":"raimonda-vazdika-sova-pardziedi-maniatkal-uz-vilna-bet-ir-pieticiga-par-savam-izredzem","status":"publish","type":"post","link":"https:\/\/www.europesays.com\/lv\/105323\/","title":{"rendered":"Raimonda Vazdika \u0161ov\u0101 &#8220;P\u0101rdziedi mani!&#8221;atkal uz vi\u013c\u0146a, bet ir pietic\u012bga par sav\u0101m izredz\u0113m"},"content":{"rendered":"<p><img fetchpriority=\"high\" decoding=\"async\" class=\"lazy lazy-hidden alignnone size-full wp-image-240130\" src=\"data:image\/gif;base64,R0lGODlhAQABAIAAAAAAAP\/\/\/yH5BAEAAAAALAAAAAABAAEAAAIBRAA7\" data-lazy-type=\"image\" data-lazy-src=\"https:\/\/www.europesays.com\/lv\/wp-content\/uploads\/2026\/01\/1-130.jpg\" alt=\"\" width=\"900\" height=\"599\" data-lazy- data-lazy-\/><\/p>\n<p>Aktrise un dzejniece Raimonda Vazdika \u0161obr\u012bd priec\u0113 skat\u012bt\u0101jus telev\u012bzijas \u0161ov\u0101 \u201cP\u0101rdziedi mani!\u201d. Lai gan uz skatuves vi\u0146a atdod visu sirdi, pati m\u0101ksliniece pret sav\u0101m izredz\u0113m uzvar\u0113t izturas \u013coti mier\u012bgi un re\u0101listiski. <\/p>\n<p>Vi\u0146a atkl\u0101ti saka, ka punktu zi\u0146\u0101 diez vai b\u016bs pirm\u0101, un nemaz p\u0113c t\u0101 netiecas.<\/p>\n<p>Raimondai \u0161\u012b dal\u012bba ir dr\u012bz\u0101k person\u012bgs izaicin\u0101jums un iesp\u0113ja iem\u0101c\u012bties ko jaunu, nevis sportiska sacens\u012bba. Vi\u0146a j\u016btas gandar\u012bta par iesp\u0113ju b\u016bt uz vienas skatuves ar jauniem un talant\u012bgiem kol\u0113\u0123iem, kurus pati \u013coti apbr\u012bno.<\/p>\n<p>Jaunie\u0161iem j\u0101dod ce\u013c\u0161<\/p>\n<p>Sarun\u0101 ar \u017eurn\u0101lu \u201cKas Jauns\u201d aktrise nesl\u0113pj, ka ir vec\u0101k\u0101 \u0161\u012b \u0161ova dal\u012bbniece, un vi\u0146ai nav nek\u0101du iebildumu palaist jaunos m\u0101ksliniekus pa priek\u0161u. Vi\u0146a uzskata, ka sacens\u012bba un c\u012b\u0146a par pirmaj\u0101m viet\u0101m piest\u0101v tie\u0161i jaun\u012bbai. Raimonda seko l\u012bdzi jaunajiem talantiem un priec\u0101jas par vi\u0146u pan\u0101kumiem \u2013 vi\u0146ai par atkl\u0101jumu k\u013cuvusi gan Alise Haijima, gan rolands \u010de.<\/p>\n<p>Interesanti, ka ar Antru Stafecku ce\u013ci krustoju\u0161ies jau sen, kad Antra v\u0113l tikai s\u0101ka savas gaitas m\u016bzik\u0101, bet Raimonda s\u0113d\u0113ja \u017e\u016brij\u0101. Tagad abas ir kol\u0113\u0123es uz vienas skatuves, un aktrise atz\u012bst, ka Antra \u0161obr\u012bd ir sav\u0101 lab\u0101kaj\u0101 form\u0101.<\/p>\n<p>Aizkulis\u0113s valda sirsn\u012bba<\/p>\n<p>Lai gan no malas tas izskat\u0101s p\u0113c konkursa, aizkulis\u0113s attiec\u012bbas esot \u013coti draudz\u012bgas. M\u0101kslinieki viens otru atbalsta, saka komplimentus un kop\u0101 joko. Raimondai ir svar\u012bgi nevis sav\u0101kt vair\u0101k punktu, bet gan rad\u012bt priek\u0161nesumus, ko skat\u012bt\u0101ji atcer\u0113sies.<\/p>\n<p>Citi lasa<a class=\"monsterinsights-inline-popular-posts-title\" href=\"https:\/\/dzentlmenis.lv\/tikai-3-pilieni-katlina-un-zupa-nesaskabs-pat-karsta-laika-dzives-iemanas-tiem-kas-aizmirst-zupu-uz-plits\/240038\/\" rel=\"nofollow noopener\" target=\"_blank\">Tikai 3 pilieni katli\u0146\u0101 un zupa nesask\u0101bs pat karst\u0101 laik\u0101; dz\u012bves iema\u0146as tiem, kas aizmirst zupu uz pl\u012bts<\/a><\/p>\n<p>Kop\u0101 ar stila meistariem vi\u0146a katru reizi m\u0113\u0123ina main\u012bt savu t\u0113lu \u2013 te vi\u0146ai ir balti mati, te kro\u0146i vai neparastas cepures. Vi\u0146a v\u0113las, lai katra uzst\u0101\u0161an\u0101s b\u016btu k\u0101 mazs st\u0101sts varav\u012bksnes kr\u0101s\u0101s, un pie t\u0101 str\u0101d\u0101 vesela komanda, s\u0101kot no re\u017eisoriem un beidzot ar vok\u0101lajiem pedagogiem.<\/p>\n<p><img loading=\"lazy\" decoding=\"async\" class=\"lazy lazy-hidden alignnone size-full wp-image-240131\" src=\"data:image\/gif;base64,R0lGODlhAQABAIAAAAAAAP\/\/\/yH5BAEAAAAALAAAAAABAAEAAAIBRAA7\" data-lazy-type=\"image\" data-lazy-src=\"https:\/\/www.europesays.com\/lv\/wp-content\/uploads\/2026\/01\/1-131.jpg\" alt=\"\" width=\"900\" height=\"536\" data-lazy- data-lazy-\/><\/p>\n<p>\u201cJaud\u012bg\u0101 vecm\u0101mi\u0146a\u201d<\/p>\n<p>M\u0101j\u0101s par Raimondu visvair\u0101k fano vi\u0146as \u0123imene \u2013 d\u0113ls Reinis ar sievu un abi mazb\u0113rni. Septi\u0146us gadus vecais Hermanis un maz\u0101 Ronja var\u0113s v\u0113rot vecm\u0101mi\u0146as sniegumu ar\u012b v\u0113l\u0101k, jo visi ieraksti paliek internet\u0101. Aktrise smejas, ka s\u0101kum\u0101 d\u0113la \u0123imene pat nedaudz ba\u017e\u012bjusies, vai vi\u0146ai neb\u016bs bail piedal\u012bties t\u0101d\u0101 saspringt\u0101 projekt\u0101.<\/p>\n<p>Tom\u0113r Raimonda ir p\u0101rliecin\u0101ta \u2013 dar\u012bt un piedal\u012bties ir daudz lab\u0101k nek\u0101 s\u0113d\u0113t uz d\u012bv\u0101na un no\u017e\u0113lot neizmantot\u0101s iesp\u0113jas. Vi\u0146as mazb\u0113rni jau zina, ka \u201c\u0101mi\u201d (t\u0101 vi\u0146u sauc p\u0113c pa\u0161as iniciat\u012bvas) ir jaud\u012bga un uz skatuves var gan dzied\u0101t, gan k\u0101ju gais\u0101 paspert.<\/p>\n<p>Citi lasa<a class=\"monsterinsights-inline-popular-posts-title\" href=\"https:\/\/dzentlmenis.lv\/laiks-modinat-geranijas-ko-es-daru-jau-janvari-lai-panaktu-kuplu-un-ilgstosu-ziedesanu\/239942\/\" rel=\"nofollow noopener\" target=\"_blank\">Laiks modin\u0101t \u0123er\u0101nijas: ko es daru jau janv\u0101r\u012b, lai pan\u0101ktu kuplu un ilgsto\u0161u zied\u0113\u0161anu<\/a><br \/>\n\u0122imenes loks un br\u012bvdienas<\/p>\n<p>Ikdien\u0101 Raimonda dz\u012bvo J\u016brmal\u0101, bet d\u0113ls ar \u0123imeni \u2013 R\u012bg\u0101. T\u0101p\u0113c vi\u0146a sevi sauc par \u201csv\u0113tdienas vecm\u0101mi\u0146u\u201d, kura visvair\u0101k laika ar mazajiem pavada br\u012bvdien\u0101s un vasar\u0101s pie j\u016bras vai Lielupes. Vi\u0146u \u0123imene nav liela, ta\u010du taj\u0101 ir daudz rado\u0161u cilv\u0113ku, tostarp \u017eurn\u0101listes Elita Veidemane un M\u0101ra Lapsa.<\/p>\n<p>Visas \u0161\u012bs \u0123imenisk\u0101s saites un tuvinieku atbalsts ir tas, kas Raimondai dod sp\u0113ku turpin\u0101t uzst\u0101ties un baud\u012bt \u0161ovu bez lieka stresa par rezult\u0101tiem. Galvenais fin\u0101ls gaid\u0101ms jau 17. janv\u0101r\u012b, un tas sol\u0101s b\u016bt k\u0101 liels un kr\u0101\u0161\u0146\u0161 festiv\u0101ls.<\/p>\n","protected":false},"excerpt":{"rendered":"Aktrise un dzejniece Raimonda Vazdika \u0161obr\u012bd priec\u0113 skat\u012bt\u0101jus telev\u012bzijas \u0161ov\u0101 \u201cP\u0101rdziedi mani!\u201d. Lai gan uz skatuves vi\u0146a atdod&hellip;\n","protected":false},"author":2,"featured_media":105324,"comment_status":"","ping_status":"","sticky":false,"template":"","format":"standard","meta":{"footnotes":""},"categories":[19],"tags":[89,90,35,39,38,36,37,34,40],"class_list":{"0":"post-105323","1":"post","2":"type-post","3":"status-publish","4":"format-standard","5":"has-post-thumbnail","7":"category-izklaide","8":"tag-entertainment","9":"tag-izklaide","10":"tag-latvia","11":"tag-latvian","12":"tag-latviesu","13":"tag-latviesu-valoda","14":"tag-latviesuvaloda","15":"tag-latvija","16":"tag-lv"},"share_on_mastodon":{"url":"https:\/\/pubeurope.com\/@lv\/115898568076342948","error":""},"_links":{"self":[{"href":"https:\/\/www.europesays.com\/lv\/wp-json\/wp\/v2\/posts\/105323","targetHints":{"allow":["GET"]}}],"collection":[{"href":"https:\/\/www.europesays.com\/lv\/wp-json\/wp\/v2\/posts"}],"about":[{"href":"https:\/\/www.europesays.com\/lv\/wp-json\/wp\/v2\/types\/post"}],"author":[{"embeddable":true,"href":"https:\/\/www.europesays.com\/lv\/wp-json\/wp\/v2\/users\/2"}],"replies":[{"embeddable":true,"href":"https:\/\/www.europesays.com\/lv\/wp-json\/wp\/v2\/comments?post=105323"}],"version-history":[{"count":0,"href":"https:\/\/www.europesays.com\/lv\/wp-json\/wp\/v2\/posts\/105323\/revisions"}],"wp:featuredmedia":[{"embeddable":true,"href":"https:\/\/www.europesays.com\/lv\/wp-json\/wp\/v2\/media\/105324"}],"wp:attachment":[{"href":"https:\/\/www.europesays.com\/lv\/wp-json\/wp\/v2\/media?parent=105323"}],"wp:term":[{"taxonomy":"category","embeddable":true,"href":"https:\/\/www.europesays.com\/lv\/wp-json\/wp\/v2\/categories?post=105323"},{"taxonomy":"post_tag","embeddable":true,"href":"https:\/\/www.europesays.com\/lv\/wp-json\/wp\/v2\/tags?post=105323"}],"curies":[{"name":"wp","href":"https:\/\/api.w.org\/{rel}","templated":true}]}}