{"id":10533,"date":"2025-10-02T11:36:08","date_gmt":"2025-10-02T11:36:08","guid":{"rendered":"https:\/\/www.europesays.com\/lv\/10533\/"},"modified":"2025-10-02T11:36:08","modified_gmt":"2025-10-02T11:36:08","slug":"apple-atliek-vision-pro-2-lai-raditu-mi-darbinamas-ray-ban-stila-viedtalrunu-brilles-lente-lv","status":"publish","type":"post","link":"https:\/\/www.europesays.com\/lv\/10533\/","title":{"rendered":"Apple atliek Vision Pro 2, lai rad\u012btu MI darbin\u0101mas &#8220;Ray-Ban&#8221; stila viedt\u0101lru\u0146u brilles\u00a0\u2014\u00a0Lente.lv"},"content":{"rendered":"<p>Vision Pro 2 Atlikts: Apple Virz\u0101s Uz Viedaj\u0101m Bri\u013c\u013cu Formas Saulesbrill\u0113m Ar MI<\/p>\n<p>Ra\u017eot\u0101js Apple ir pie\u0146\u0113mis strat\u0113\u0123isku l\u0113mumu atlikt sava pirm\u0101 luksusa virtu\u0101l\u0101s realit\u0101tes (VR) austi\u0146u Vision Pro uzlabojumus, lai piln\u012bb\u0101 koncentr\u0113tos uz jaunu, pl\u0101nu un elegantu viedt\u0101lru\u0146u bri\u013c\u013cu izstr\u0101di, kas darbosies ar uz\u0146\u0113muma jaun\u0101kaj\u0101m m\u0101ksl\u012bg\u0101 intelekta (MI) tehnolo\u0123ij\u0101m. \u0160\u012b kust\u012bba, ko zi\u0146o ietekm\u012bgais tehnolo\u0123iju anal\u012bti\u0137is Marks Gurmans, liecina par pla\u0161\u0101k\u0101m p\u0101rmai\u0146\u0101m Apple produktu strat\u0113\u0123ij\u0101.<\/p>\n<p>P\u0101rvirze Uz Viedajiem Aksesu\u0101riem: K\u0101p\u0113c Vision Pro Tiek Nolicis Mal\u0101?<\/p>\n<p>Lai gan Vision Pro tika laists klaj\u0101 ar liel\u0101m cer\u012bb\u0101m, t\u0101 komerci\u0101lie pan\u0101kumi ir biju\u0161i visai pietic\u012bgi. Augst\u0101 cena \u2014 3499 USD \u2014 kop\u0101 ar ier\u012bces svaru un relat\u012bvo sare\u017e\u0123\u012bt\u012bbu ir rad\u012bju\u0161i \u0161aubas par t\u0101s sp\u0113ju sasniegt pla\u0161u pat\u0113r\u0113t\u0101ju loku. Vienlaikus pieaugo\u0161\u0101 konkurence no t\u0101diem sp\u0113l\u0113t\u0101jiem k\u0101 Meta, kas pied\u0101v\u0101 l\u0113t\u0101kas alternat\u012bvas, mudina Apple mekl\u0113t jaunus ce\u013cus. T\u0101d\u0113\u013c uz\u0146\u0113mums ir nol\u0113mis novirz\u012bt darbasp\u0113kus, kas s\u0101kotn\u0113ji str\u0101d\u0101ja pie Vision Pro uzlabojumiem, uz jaunu, daudz sol\u012bg\u0101ku projektu \u2014 viedaj\u0101m brill\u0113m, kas atg\u0101din\u0101s Ray-Ban stilu un integr\u0113sies ar Apple Intelligence.<\/p>\n<p>Divas Bri\u013c\u013cu Paaudzes: No Atbalsta L\u012bdz Pilnv\u0113rt\u012bgai Ier\u012bcei<\/p>\n<p>Apple pl\u0101no izlaist divus at\u0161\u0137ir\u012bgus viedo bri\u013c\u013cu mode\u013cus. Pirmais, ar koda nosaukumu N50, paredz\u0113ts darboties k\u0101 papildu ier\u012bce, kas savienota ar iPhone. T\u0101 galvenais uzdevums b\u016bs datu apstr\u0101de, un tai neb\u016bs savu ekr\u0101nu. \u0160\u012b versija pl\u0101nota 2026. gad\u0101 ar iesp\u0113jamu izlai\u0161anu tirg\u016b 2027. gad\u0101. Paral\u0113li tiek pa\u0101trin\u0101ta progres\u012bv\u0101kas versijas izstr\u0101de, kurai b\u016bs ieb\u016bv\u0113ts ekr\u0101ns. S\u0101kotn\u0113ji \u0161\u012b mode\u013ca prezent\u0101cija bija paredz\u0113ta 2028. gad\u0101, ta\u010du tagad Apple cen\u0161as pa\u0101trin\u0101t t\u0101s non\u0101k\u0161anu tirg\u016b, lai tie\u0161i konkur\u0113tu ar Meta un citu uz\u0146\u0113mumu pied\u0101v\u0101tajiem produktiem.<\/p>\n<p>Apple Intelligence Un Siri \u2014 T\u0101l\u0101k\u0101s Viedier\u012b\u010du Veiksmes Pamats<\/p>\n<p>N\u0101kotnes viedo bri\u013c\u013cu pan\u0101kumi liel\u0101 m\u0113r\u0101 b\u016bs atkar\u012bgi no Apple Intelligence sp\u0113j\u0101m un gaid\u0101m\u0101s Siri p\u0101rveides. N\u0101kam\u0101 gada mart\u0101 paredz\u0113tais jaunais un uzlabotais balss pal\u012bgs ir izstr\u0101d\u0101ts, lai padar\u012btu mijiedarb\u012bbu ar \u0161\u012bm jaunaj\u0101m ier\u012bc\u0113m intuit\u012bv\u0101ku un efekt\u012bv\u0101ku. Pa\u0161as brilles tiks apr\u012bkotas ar patent\u0113tu Apple mikrosh\u0113mu, kamer\u0101m mediju satura uz\u0146em\u0161anai un balss vad\u012bbas funkcij\u0101m. Papildus tam tiek izskat\u012bta iesp\u0113ja integr\u0113t vesel\u012bbas uzraudz\u012bbas funkcijas, padarot t\u0101s par daudzpus\u012bgu aksesu\u0101ru ikdienas dz\u012bv\u0113.<\/p>\n<p>P\u0101rdom\u0101t\u0101 Strategija: Atteik\u0161an\u0101s No Papildu Ekr\u0101niem<\/p>\n<p>Interesanti, ka Apple ir atteicies no pl\u0101niem izlaist vienk\u0101r\u0161otu Vision Pro versiju vai ar\u012b atsevi\u0161\u0137as brilles (koda nosaukums N107), kas kalpotu k\u0101 \u0101r\u0113js digit\u0101lais displejs Mac datoriem un cit\u0101m ier\u012bc\u0113m. \u0160\u012b pragmatisk\u0101 pieeja nor\u0101da uz v\u0113lmi koncentr\u0113ties uz produktiem, kuriem ir potenci\u0101ls sasniegt pla\u0161\u0101ku tirgus da\u013cu un nodro\u0161in\u0101t stabil\u0101ku atdevi.<\/p>\n<p>Neliels Atjaunin\u0101jums Vision Pro, Bet Galvenais Fokuss Uz Bri\u013c\u013cu Formas Ier\u012bc\u0113m<\/p>\n<p>Neskatoties uz galveno uzman\u012bbu, kas novirz\u012bta uz viedaj\u0101m brill\u0113m, Apple tom\u0113r pl\u0101no nelielu Vision Pro atjaunin\u0101jumu \u0161\u012b gada beig\u0101s, galvenok\u0101rt ar \u0101tr\u0101ku procesoru. Tom\u0113r ir skaidrs, ka uz\u0146\u0113muma n\u0101kotnes v\u012bzija ir saist\u012bta ar jauno, MI darbin\u0101mo bri\u013c\u013cu form\u0101ta ier\u012bci, kas sp\u0113tu main\u012bt veidu, k\u0101 m\u0113s mijiedarbojamies ar digit\u0101lo pasauli.<\/p>\n","protected":false},"excerpt":{"rendered":"Vision Pro 2 Atlikts: Apple Virz\u0101s Uz Viedaj\u0101m Bri\u013c\u013cu Formas Saulesbrill\u0113m Ar MI Ra\u017eot\u0101js Apple ir pie\u0146\u0113mis strat\u0113\u0123isku&hellip;\n","protected":false},"author":2,"featured_media":10534,"comment_status":"","ping_status":"","sticky":false,"template":"","format":"standard","meta":{"footnotes":""},"categories":[16],"tags":[2122,77,76,35,39,38,36,37,34,40,87,3979,3978],"class_list":{"0":"post-10533","1":"post","2":"type-post","3":"status-publish","4":"format-standard","5":"has-post-thumbnail","7":"category-bizness","8":"tag-apple","9":"tag-bizness","10":"tag-business","11":"tag-latvia","12":"tag-latvian","13":"tag-latviesu","14":"tag-latviesu-valoda","15":"tag-latviesuvaloda","16":"tag-latvija","17":"tag-lv","18":"tag-maksligais-intelekts","19":"tag-viedas-brilles","20":"tag-vision-pro"},"share_on_mastodon":{"url":"","error":""},"_links":{"self":[{"href":"https:\/\/www.europesays.com\/lv\/wp-json\/wp\/v2\/posts\/10533","targetHints":{"allow":["GET"]}}],"collection":[{"href":"https:\/\/www.europesays.com\/lv\/wp-json\/wp\/v2\/posts"}],"about":[{"href":"https:\/\/www.europesays.com\/lv\/wp-json\/wp\/v2\/types\/post"}],"author":[{"embeddable":true,"href":"https:\/\/www.europesays.com\/lv\/wp-json\/wp\/v2\/users\/2"}],"replies":[{"embeddable":true,"href":"https:\/\/www.europesays.com\/lv\/wp-json\/wp\/v2\/comments?post=10533"}],"version-history":[{"count":0,"href":"https:\/\/www.europesays.com\/lv\/wp-json\/wp\/v2\/posts\/10533\/revisions"}],"wp:featuredmedia":[{"embeddable":true,"href":"https:\/\/www.europesays.com\/lv\/wp-json\/wp\/v2\/media\/10534"}],"wp:attachment":[{"href":"https:\/\/www.europesays.com\/lv\/wp-json\/wp\/v2\/media?parent=10533"}],"wp:term":[{"taxonomy":"category","embeddable":true,"href":"https:\/\/www.europesays.com\/lv\/wp-json\/wp\/v2\/categories?post=10533"},{"taxonomy":"post_tag","embeddable":true,"href":"https:\/\/www.europesays.com\/lv\/wp-json\/wp\/v2\/tags?post=10533"}],"curies":[{"name":"wp","href":"https:\/\/api.w.org\/{rel}","templated":true}]}}