{"id":105333,"date":"2026-01-15T10:15:06","date_gmt":"2026-01-15T10:15:06","guid":{"rendered":"https:\/\/www.europesays.com\/lv\/105333\/"},"modified":"2026-01-15T10:15:06","modified_gmt":"2026-01-15T10:15:06","slug":"real-ar-jauno-treneri-ierinda-astotdalfinala-izstajas-no-spanijas-karala-kausa-izcinas","status":"publish","type":"post","link":"https:\/\/www.europesays.com\/lv\/105333\/","title":{"rendered":"\u201cReal\u201d ar jauno treneri ierind\u0101 astotda\u013cfin\u0101l\u0101 izst\u0101jas no Sp\u0101nijas Kara\u013ca kausa izc\u012b\u0146as"},"content":{"rendered":"<p>Sp\u0113l\u0113 pret \u201cAlbacete\u201d madridie\u0161i 42. min\u016bt\u0113 non\u0101ca zaud\u0113t\u0101jos, m\u0101jinieku rind\u0101s v\u0101rtus g\u016bstot biju\u0161ajam \u201cReal\u201d audz\u0113knim Havjeram Villaram.<\/p>\n<p>Otr\u0101 puslaika tre\u0161aj\u0101 min\u016bt\u0113 neiz\u0161\u0137irtu pan\u0101ca Franko Mastantuono, bet 82. min\u016bt\u0113 \u201cAlbacete\u201d v\u0113lreiz vad\u012bb\u0101 izvirz\u012bja Hefte Betankors. Kompens\u0101cijas laika pirmaj\u0101 min\u016bt\u0113 \u201cReal\u201d \u0161\u0137ietami pagl\u0101b\u0101s no zaud\u0113juma, ta\u010du v\u0113l p\u0113c trim min\u016bt\u0113m Betankors izr\u0101va m\u0101jiniekiem uzvaru.<\/p>\n<p>Madridie\u0161i sv\u0113tdien Sp\u0101nijas Superkaus\u0101 zaud\u0113ja principi\u0101lajai s\u0101ncensei \u201cBarcelona\u201d. Sp\u0101nijas meistarsac\u012bkst\u0113s komanda ie\u0146em otro vietu, \u010detrus punktus atpaliekot no barselonie\u0161iem, bet UEFA \u010cempionu l\u012bg\u0101 atrodas sept\u012btaj\u0101 poz\u012bcij\u0101.<\/p>\n<p class=\"tv3-fw-500\">Zi\u0146o par k\u013c\u016bdu rakst\u0101<\/p>\n<p class=\"d-md-block d-none\">Iez\u012bm\u0113 k\u013c\u016bdaino tekstu un spied Ctrl+Enter.<\/p>\n<p class=\"d-md-none d-block\">Iez\u012bm\u0113 k\u013c\u016bdaino tekstu un zi\u0146o par to!<\/p>\n","protected":false},"excerpt":{"rendered":"Sp\u0113l\u0113 pret \u201cAlbacete\u201d madridie\u0161i 42. min\u016bt\u0113 non\u0101ca zaud\u0113t\u0101jos, m\u0101jinieku rind\u0101s v\u0101rtus g\u016bstot biju\u0161ajam \u201cReal\u201d audz\u0113knim Havjeram Villaram. Otr\u0101&hellip;\n","protected":false},"author":2,"featured_media":105334,"comment_status":"","ping_status":"","sticky":false,"template":"","format":"standard","meta":{"footnotes":""},"categories":[17],"tags":[35,39,38,36,37,34,40,25254,67],"class_list":{"0":"post-105333","1":"post","2":"type-post","3":"status-publish","4":"format-standard","5":"has-post-thumbnail","7":"category-sports","8":"tag-latvia","9":"tag-latvian","10":"tag-latviesu","11":"tag-latviesu-valoda","12":"tag-latviesuvaloda","13":"tag-latvija","14":"tag-lv","15":"tag-madrides-realspanijas-karala-kausa-izcina","16":"tag-sports"},"share_on_mastodon":{"url":"https:\/\/pubeurope.com\/@lv\/115898595567077399","error":""},"_links":{"self":[{"href":"https:\/\/www.europesays.com\/lv\/wp-json\/wp\/v2\/posts\/105333","targetHints":{"allow":["GET"]}}],"collection":[{"href":"https:\/\/www.europesays.com\/lv\/wp-json\/wp\/v2\/posts"}],"about":[{"href":"https:\/\/www.europesays.com\/lv\/wp-json\/wp\/v2\/types\/post"}],"author":[{"embeddable":true,"href":"https:\/\/www.europesays.com\/lv\/wp-json\/wp\/v2\/users\/2"}],"replies":[{"embeddable":true,"href":"https:\/\/www.europesays.com\/lv\/wp-json\/wp\/v2\/comments?post=105333"}],"version-history":[{"count":0,"href":"https:\/\/www.europesays.com\/lv\/wp-json\/wp\/v2\/posts\/105333\/revisions"}],"wp:featuredmedia":[{"embeddable":true,"href":"https:\/\/www.europesays.com\/lv\/wp-json\/wp\/v2\/media\/105334"}],"wp:attachment":[{"href":"https:\/\/www.europesays.com\/lv\/wp-json\/wp\/v2\/media?parent=105333"}],"wp:term":[{"taxonomy":"category","embeddable":true,"href":"https:\/\/www.europesays.com\/lv\/wp-json\/wp\/v2\/categories?post=105333"},{"taxonomy":"post_tag","embeddable":true,"href":"https:\/\/www.europesays.com\/lv\/wp-json\/wp\/v2\/tags?post=105333"}],"curies":[{"name":"wp","href":"https:\/\/api.w.org\/{rel}","templated":true}]}}