{"id":105337,"date":"2026-01-15T10:19:08","date_gmt":"2026-01-15T10:19:08","guid":{"rendered":"https:\/\/www.europesays.com\/lv\/105337\/"},"modified":"2026-01-15T10:19:08","modified_gmt":"2026-01-15T10:19:08","slug":"pedeja-stafete-pirms-olimpiskajam-spelem-rastorgujevs-pirmaja-etapa-ziemas-sports-sportacentrs-com","status":"publish","type":"post","link":"https:\/\/www.europesays.com\/lv\/105337\/","title":{"rendered":"P\u0113d\u0113j\u0101 stafete pirms olimpiskaj\u0101m sp\u0113l\u0113m, Rastorgujevs pirmaj\u0101 etap\u0101 \u2013 Ziemas sports \u2013 Sportacentrs.com"},"content":{"rendered":"<p>\u2022\tLatvijas biatlonistiem pie\u0161\u0137irts 21. numurs. K\u0101 pirmais tras\u0113 dosies Andrejs Rastorgujevs, p\u0113c tam sekos Ren\u0101rs Birkent\u0101ls, Aleksandrs Patrijuks un Edgars Mise.<\/p>\n<p>\u2022\tIepriek\u0161\u0113j\u0101 stafete norisin\u0101j\u0101s vien pirms \u010detr\u0101m dien\u0101m Oberhof\u0101. Latvie\u0161i fini\u0161\u0113ja 12. viet\u0101. Divus soda ap\u013cus p\u0113c st\u0101vus \u0161au\u0161anas sl\u0113poja Patrijuks, cit\u0101s ugunsl\u012bnij\u0101s izdev\u0101s izsprukt ar rezerves patron\u0101m.<\/p>\n<p>\u2022\tVis\u0101s tr\u012bs stafet\u0113s uzvar\u0113ju\u0161i Norv\u0113\u0123ijas biatlonisti, bet katr\u0101 posm\u0101 bijis cits sast\u0101vs. Tr\u012bs sudrabi ir Francijai, tr\u012bs bronzas \u2013 zviedriem. Kopv\u0113rt\u0113jum\u0101 ceturt\u0101 ir V\u0101cija, bet piekt\u0101s ir Amerikas Savienot\u0101s Valstis.<\/p>\n<p>\u2022\tLatvija sezonas kopv\u0113rt\u0113jum\u0101 ar 48 punktiem ie\u0146em 21. vietu. Aiz muguras ir tikai Slov\u0101kija un Moldova. Igau\u0146i ir astotie, bet Lietuvas biatlonisti \u2013 18.<\/p>\n<p>\u2022\tR\u016bpoldingas posms s\u0101k\u0101s vakar ar sievie\u0161u stafeti. Latvijas d\u0101mas tre\u0161aj\u0101 etap\u0101 tika apsteigtas par apli un t\u0101d\u0113j\u0101di palika p\u0113d\u0113j\u0101 viet\u0101. V\u0113l\u0101k par apli apdzina ar\u012b Kazahst\u0101nu.<\/p>\n<p>\u2022\tP\u0113c R\u016bpoldingas v\u0113l sekos Nove Mesto posms \u010cehij\u0101, kur\u0101 netiks aizvad\u012btas stafetes. Savuk\u0101rt febru\u0101ris aizrit\u0113s Mil\u0101nas un Kort\u012bnas d&#8217;Ampeco olimpisko sp\u0113\u013cu z\u012bm\u0113.<\/p>\n<p>Pasaules kausa piektais posms biatlon\u0101 R\u016bpolding\u0101<\/p>\n<tr>DatumsLaiksDiscipl\u012bna<\/tr>\n<tr class=\"even\">\n<td>14.01.<\/td>\n<td class=\"ralign\">15.30<\/td>\n<td>stafete sieviet\u0113m<\/td>\n<\/tr>\n<tr class=\"odd\">\n<td>15.01.<\/td>\n<td class=\"ralign\">15.30<\/td>\n<td>stafete v\u012brie\u0161iem<\/td>\n<\/tr>\n<tr class=\"even\">\n<td>16.01.<\/td>\n<td class=\"ralign\">15.30<\/td>\n<td>7.5 km sprints sieviet\u0113m<\/td>\n<\/tr>\n<tr class=\"odd\">\n<td>17.01.<\/td>\n<td class=\"ralign\">15.30<\/td>\n<td>10 km sprints v\u012brie\u0161iem<\/td>\n<\/tr>\n<tr class=\"even\">\n<td>18.01.<\/td>\n<td class=\"ralign\">13.30<\/td>\n<td>10 km iedz\u012b\u0161ana sieviet\u0113m<\/td>\n<\/tr>\n<tr class=\"odd\">\n<td\/>\n<td class=\"ralign\">16.00<\/td>\n<td>12.5 km iedz\u012b\u0161ana v\u012brie\u0161iem<\/td>\n<\/tr>\n","protected":false},"excerpt":{"rendered":"\u2022 Latvijas biatlonistiem pie\u0161\u0137irts 21. numurs. K\u0101 pirmais tras\u0113 dosies Andrejs Rastorgujevs, p\u0113c tam sekos Ren\u0101rs Birkent\u0101ls, Aleksandrs&hellip;\n","protected":false},"author":2,"featured_media":105338,"comment_status":"","ping_status":"","sticky":false,"template":"","format":"standard","meta":{"footnotes":""},"categories":[5],"tags":[23,28,29,32,33,22,30,31,35,39,38,36,37,34,40,20,26,27,24,25,620,21],"class_list":{"0":"post-105337","1":"post","2":"type-post","3":"status-publish","4":"format-standard","5":"has-post-thumbnail","7":"category-aktualitates","8":"tag-aktualitates","9":"tag-breaking-news","10":"tag-breakingnews","11":"tag-featured-news","12":"tag-featurednews","13":"tag-headlines","14":"tag-latest-news","15":"tag-latestnews","16":"tag-latvia","17":"tag-latvian","18":"tag-latviesu","19":"tag-latviesu-valoda","20":"tag-latviesuvaloda","21":"tag-latvija","22":"tag-lv","23":"tag-news","24":"tag-popularakas-zinas","25":"tag-popularakaszinas","26":"tag-top-stories","27":"tag-topstories","28":"tag-ziemas-sports","29":"tag-zinas"},"share_on_mastodon":{"url":"https:\/\/pubeurope.com\/@lv\/115898611359117687","error":""},"_links":{"self":[{"href":"https:\/\/www.europesays.com\/lv\/wp-json\/wp\/v2\/posts\/105337","targetHints":{"allow":["GET"]}}],"collection":[{"href":"https:\/\/www.europesays.com\/lv\/wp-json\/wp\/v2\/posts"}],"about":[{"href":"https:\/\/www.europesays.com\/lv\/wp-json\/wp\/v2\/types\/post"}],"author":[{"embeddable":true,"href":"https:\/\/www.europesays.com\/lv\/wp-json\/wp\/v2\/users\/2"}],"replies":[{"embeddable":true,"href":"https:\/\/www.europesays.com\/lv\/wp-json\/wp\/v2\/comments?post=105337"}],"version-history":[{"count":0,"href":"https:\/\/www.europesays.com\/lv\/wp-json\/wp\/v2\/posts\/105337\/revisions"}],"wp:featuredmedia":[{"embeddable":true,"href":"https:\/\/www.europesays.com\/lv\/wp-json\/wp\/v2\/media\/105338"}],"wp:attachment":[{"href":"https:\/\/www.europesays.com\/lv\/wp-json\/wp\/v2\/media?parent=105337"}],"wp:term":[{"taxonomy":"category","embeddable":true,"href":"https:\/\/www.europesays.com\/lv\/wp-json\/wp\/v2\/categories?post=105337"},{"taxonomy":"post_tag","embeddable":true,"href":"https:\/\/www.europesays.com\/lv\/wp-json\/wp\/v2\/tags?post=105337"}],"curies":[{"name":"wp","href":"https:\/\/api.w.org\/{rel}","templated":true}]}}