{"id":105339,"date":"2026-01-15T10:20:25","date_gmt":"2026-01-15T10:20:25","guid":{"rendered":"https:\/\/www.europesays.com\/lv\/105339\/"},"modified":"2026-01-15T10:20:25","modified_gmt":"2026-01-15T10:20:25","slug":"japanem-viss-iespejamais-diena","status":"publish","type":"post","link":"https:\/\/www.europesays.com\/lv\/105339\/","title":{"rendered":"J\u0101pa\u0146em viss iesp\u0113jamais \/ Diena"},"content":{"rendered":"<p>Solo. Sv\u0113tdien, 18. janv\u0101r\u012b, kult\u016bras telp\u0101 Hanzas perons ar \u0145ujork\u0101 dz\u012bvojo\u0161\u0101s \u0161veicie\u0161u pianistes, komponistes un improvizatores Silvijas Kurvuazj\u0113 koncertu s\u0101ksies jauns klavierm\u016bzikas cikls \u2013 katra m\u0113ne\u0161a tre\u0161aj\u0101 sv\u0113tdien\u0101 Hanzas peron\u0101 notiks spilgtu pianistu solokoncerti. Sav\u0101 ekstravagantaj\u0101, emocion\u0101laj\u0101 sniegum\u0101 Silvija Kurvuazj\u0113 apvieno Eiropas kamermuzic\u0113\u0161anas trad\u012bciju un \u0145ujorkas avangarda d\u017eeza elementus. Vi\u0146a vienl\u012bdz \u0113rti j\u016btas gan smalk\u0101s koncertz\u0101l\u0113s, gan d\u017eeza klubos. &#8220;Klavieres ir k\u0101 or\u0137estris. Ar t\u0101m vien iesp\u0113jams tik daudz, un ir glu\u017ei dabiski, ka cen\u0161os no instrumenta pa\u0146emt visu iesp\u0113jamo,&#8221; saka m\u0101ksliniece. Vi\u0146as koncert\u0101 skan\u0113s autorm\u016bzika, d\u017eezs un improviz\u0101cijas. Turpm\u0101k \u0161aj\u0101 cikl\u0101 dzird\u0113sim pa\u0161m\u0101ju pianistu Rihardu Ple\u0161anovu, amerik\u0101ni \u0100damu Tendleru un franc\u016bzieti Vanesu V\u0101gneri.<\/p>\n<p>&#13;<br \/>\n&#13;<\/p>\n<p>Silvija Kurvuazj\u0113<\/p>\n<p>&#13;<br \/>\n&#13;<\/p>\n<p>Hanzas peron\u0101 18.I plkst. 17<\/p>\n<p>&#13;<br \/>\n&#13;<\/p>\n<p>Bi\u013cetes Bi\u013ce\u0161u parad\u012bzes t\u012bkl\u0101 EUR 42<\/p>\n<p>&#13;<br \/>\n&#13;<\/p>\n<p>***<\/p>\n<p>&#13;<br \/>\n&#13;<\/p>\n<p><img decoding=\"async\" alt=\"\" src=\"https:\/\/www.europesays.com\/lv\/wp-content\/uploads\/2026\/01\/vida_izgriezt_2sl.jpeg\" style=\"width: 3959px; height: 3798px;\"\/>Lietuvie\u0161u sopr\u0101ns Vida Miknevi\u010d\u016bte dzied\u0101s titullomu oper\u0101 Salome. Foto \u2013 Migle Golubickaite<\/p>\n<p>&#13;<br \/>\n&#13;<\/p>\n<p>Zvaigzne. Sestdien, 17. janv\u0101r\u012b, Latvijas Nacion\u0101laj\u0101 oper\u0101 Riharda \u0160trausa Salom\u0113 titullomu atveidos slavenais lietuvie\u0161u sopr\u0101ns Vida Miknevi\u010d\u016bte, kura uz lab\u0101kaj\u0101m skatuv\u0113m pasaul\u0113 spo\u017ei izpau\u017eas Riharda \u0160trausa un Riharda V\u0101gnera repertu\u0101r\u0101. Vi\u0146as partneri Alvja Herma\u0146a iestud\u0113taj\u0101 izr\u0101d\u0113 b\u016bs basbaritons Rihards Ma\u010danovskis (Johan\u0101ns), mecosopr\u0101ns Marina Prudenska (H\u0113rodeja) un tenors Marko Jen\u010ds (H\u0113rods).<\/p>\n<p>&#13;<br \/>\n&#13;<\/p>\n<p>Salome<\/p>\n<p>&#13;<br \/>\n&#13;<\/p>\n<p>LNO 17.I plkst. 19<\/p>\n<p>&#13;<br \/>\n&#13;<\/p>\n<p>Bi\u013cetes Opera.lv EUR 20\u201375<\/p>\n<p>&#13;<br \/>\n&#13;<\/p>\n<p>***<\/p>\n<p>&#13;<br \/>\n&#13;<\/p>\n<p>Opera. \u0160ovakar Latvijas Nacion\u0101laj\u0101 oper\u0101 D\u017eakomo Pu\u010d\u012bni Turandot\u0101 var\u0113s dzird\u0113t pa\u0161m\u0101ju sopr\u0101nu J\u016bliju Vasi\u013cjevu (Turandota), turku tenoru Muratu Karahanu (Kalafs) un m\u016bsu daudzsolo\u0161o sopr\u0101nu Et\u012bnu Em\u012bliju Saul\u012bti (Liu).<\/p>\n<p>&#13;<br \/>\n&#13;<\/p>\n<p>Turandota<\/p>\n<p>&#13;<br \/>\n&#13;<\/p>\n<p>LNO 15.I plkst. 19<\/p>\n<p>&#13;<br \/>\n&#13;<\/p>\n<p>Bi\u013cetes Opera.lv EUR 18\u201340<\/p>\n<p>&#13;<br \/>\n&#13;<\/p>\n<p>***<\/p>\n<p>&#13;<br \/>\n&#13;<\/p>\n<p><img decoding=\"async\" alt=\"\" src=\"https:\/\/www.europesays.com\/lv\/wp-content\/uploads\/2026\/01\/bertina.jpg\" style=\"width: 1344px; height: 1051px;\"\/>Pianiste El\u012bna B\u0113rti\u0146a muzic\u0113s kop\u0101 ar Latvijas Nacion\u0101l\u0101 simfonisk\u0101 or\u0137estra m\u016bzi\u0137iem. Publicit\u0101tes foto<\/p>\n<p>&#13;<br \/>\n&#13;<\/p>\n<p>Kamerm\u016bzika. \u0160ovakar M\u016bzikas nam\u0101 Daile pianiste El\u012bna B\u0113rti\u0146a (att\u0113l\u0101) un Latvijas Nacion\u0101l\u0101 simfonisk\u0101 or\u0137estra m\u016bzi\u0137i \u2013 obojists Egils Upatnieks, klarnetists M\u0101rti\u0146\u0161 Circenis, vijolnieks Andrejs Jegorovs, altists P\u0113teris Trasuns un kontrabasists Viktors Stankevi\u010ds \u2013 programm\u0101 Ska\u0146u ainavas interpret\u0113s P\u0113tera Vaska, Sergeja Prokofjeva, \u017dila Silvestr\u012bni, Efraina O\u0161era un Gijoma Konesona darbus.<\/p>\n<p>&#13;<br \/>\n&#13;<\/p>\n<p>Koncerts<\/p>\n<p>&#13;<br \/>\n&#13;<\/p>\n<p>M\u016bzikas nam\u0101 Daile 15.I plkst. 19<\/p>\n<p>&#13;<br \/>\n&#13;<\/p>\n<p>Bi\u013cetes Bi\u013ce\u0161u parad\u012bzes t\u012bkl\u0101 EUR 10\u201325<\/p>\n<p>&#13;<br \/>\n&#13;<\/p>\n<p>***<\/p>\n<p>&#13;<br \/>\n&#13;<\/p>\n<p>Pirmizr\u0101de. Re\u017eisors Valters S\u012blis Liep\u0101jas te\u0101tr\u012b ir iestud\u0113jis izr\u0101di Parasta pirmdiena, kuru vi\u0146\u0161 ir nod\u0113v\u0113jis par darbadienas kol\u0101\u017eu \u2013 \u0161is darbs v\u0113sta par vienu dienu se\u0161u varo\u0146u dz\u012bv\u0113. &#8220;Tie ir st\u0101sti par cilv\u0113kiem, bez kuriem m\u0113s nevaram iztikt. Vi\u0146i \u013cauj mums ieraudz\u012bt \u0161o pasauli t\u0101du, k\u0101da t\u0101 ir, nevis k\u0101du m\u0113s gribam redz\u0113t. Vi\u0146i r\u016bp\u0113jas par citiem, pieskata un gl\u0101bj cilv\u0113kus un ne tikai cilv\u0113kus,&#8221; saka re\u017eisors. Izr\u0101d\u0113 iesaist\u012btie aktieri Sandis P\u0113cis, Anete Rimkus, Edgars Ozoli\u0146\u0161, Laura Jeruma, K\u0101rlis \u0112rglis un Kar\u012bna Tatarinova ir ar\u012b teksta autori. Katram aktierim izr\u0101d\u0113 ir savs st\u0101sts.<\/p>\n<p>&#13;<br \/>\n&#13;<\/p>\n<p>Parasta pirmdiena<\/p>\n<p>&#13;<br \/>\n&#13;<\/p>\n<p>Liep\u0101jas te\u0101tra Mazaj\u0101 z\u0101l\u0113 koncertz\u0101l\u0113 Lielais dzintars 16.I\u20134.III<\/p>\n<p>&#13;<br \/>\n&#13;<\/p>\n<p>Bi\u013cetes Bi\u013ce\u0161u parad\u012bzes t\u012bkl\u0101 EUR 25\u201330<\/p>\n<p>&#13;<br \/>\n&#13;<\/p>\n<p>***<\/p>\n<p>&#13;<br \/>\n&#13;<\/p>\n<p><img decoding=\"async\" alt=\"\" src=\"https:\/\/www.europesays.com\/lv\/wp-content\/uploads\/2026\/01\/reinis_jauns.jpg\" style=\"width: 4094px; height: 2714px;\"\/>Pianists Reinis Zari\u0146\u0161 sav\u0101 soloprogramm\u0101 ir apkopojis Arvo Perta un vi\u0146a iespaidoto autoru m\u016bziku. Publicit\u0101tes foto<\/p>\n<p>&#13;<br \/>\n&#13;<\/p>\n<p>Solo. Sv\u0113tdien, 18. janv\u0101r\u012b, R\u0113zekn\u0113 pianists Reinis Zari\u0146\u0161 uzst\u0101sies ar programmu Perts un vi\u0146a br\u0101\u013ci, kas velt\u012bta igau\u0146u di\u017egara Arvo Perta 90 gadu jubilejai. Taj\u0101 l\u012bdz\u0101s Perta opusiem ir iek\u013cauti P\u0113tera Vaska, Georga Pel\u0113\u010da, Andreja Selicka, Valent\u012bna Silvestrova un D\u017eona Tavenera darbi. \u0160ie autori ir atradu\u0161i savu balsi m\u016bzik\u0101, ta\u010du vi\u0146i ir atsauku\u0161ies uz igau\u0146u komponistu k\u0101 savu skolot\u0101ju vai vec\u0101ko br\u0101li.<\/p>\n<p>&#13;<br \/>\n&#13;<\/p>\n<p>Reinis Zari\u0146\u0161<\/p>\n<p>&#13;<br \/>\n&#13;<\/p>\n<p>Latgales v\u0113stniec\u012bb\u0101 Gors R\u0113zekn\u0113 18.I plkst. 16<\/p>\n<p>&#13;<br \/>\n&#13;<\/p>\n<p>Bi\u013cetes Bi\u013ce\u0161u parad\u012bzes t\u012bkl\u0101 EUR 10\u201325<\/p>\n<p>&#13;<\/p>\n","protected":false},"excerpt":{"rendered":"Solo. Sv\u0113tdien, 18. janv\u0101r\u012b, kult\u016bras telp\u0101 Hanzas perons ar \u0145ujork\u0101 dz\u012bvojo\u0161\u0101s \u0161veicie\u0161u pianistes, komponistes un improvizatores Silvijas Kurvuazj\u0113&hellip;\n","protected":false},"author":2,"featured_media":105340,"comment_status":"","ping_status":"","sticky":false,"template":"","format":"standard","meta":{"footnotes":""},"categories":[19],"tags":[89,90,35,39,38,36,37,34,40],"class_list":{"0":"post-105339","1":"post","2":"type-post","3":"status-publish","4":"format-standard","5":"has-post-thumbnail","7":"category-izklaide","8":"tag-entertainment","9":"tag-izklaide","10":"tag-latvia","11":"tag-latvian","12":"tag-latviesu","13":"tag-latviesu-valoda","14":"tag-latviesuvaloda","15":"tag-latvija","16":"tag-lv"},"share_on_mastodon":{"url":"https:\/\/pubeurope.com\/@lv\/115898615286183199","error":""},"_links":{"self":[{"href":"https:\/\/www.europesays.com\/lv\/wp-json\/wp\/v2\/posts\/105339","targetHints":{"allow":["GET"]}}],"collection":[{"href":"https:\/\/www.europesays.com\/lv\/wp-json\/wp\/v2\/posts"}],"about":[{"href":"https:\/\/www.europesays.com\/lv\/wp-json\/wp\/v2\/types\/post"}],"author":[{"embeddable":true,"href":"https:\/\/www.europesays.com\/lv\/wp-json\/wp\/v2\/users\/2"}],"replies":[{"embeddable":true,"href":"https:\/\/www.europesays.com\/lv\/wp-json\/wp\/v2\/comments?post=105339"}],"version-history":[{"count":0,"href":"https:\/\/www.europesays.com\/lv\/wp-json\/wp\/v2\/posts\/105339\/revisions"}],"wp:featuredmedia":[{"embeddable":true,"href":"https:\/\/www.europesays.com\/lv\/wp-json\/wp\/v2\/media\/105340"}],"wp:attachment":[{"href":"https:\/\/www.europesays.com\/lv\/wp-json\/wp\/v2\/media?parent=105339"}],"wp:term":[{"taxonomy":"category","embeddable":true,"href":"https:\/\/www.europesays.com\/lv\/wp-json\/wp\/v2\/categories?post=105339"},{"taxonomy":"post_tag","embeddable":true,"href":"https:\/\/www.europesays.com\/lv\/wp-json\/wp\/v2\/tags?post=105339"}],"curies":[{"name":"wp","href":"https:\/\/api.w.org\/{rel}","templated":true}]}}