{"id":105341,"date":"2026-01-15T10:21:06","date_gmt":"2026-01-15T10:21:06","guid":{"rendered":"https:\/\/www.europesays.com\/lv\/105341\/"},"modified":"2026-01-15T10:21:06","modified_gmt":"2026-01-15T10:21:06","slug":"uljanas-semjonovas-beru-ceremonijas-laika-ierobezota-satiksme-rigas-centra","status":"publish","type":"post","link":"https:\/\/www.europesays.com\/lv\/105341\/","title":{"rendered":"U\u013cjanas Semjonovas b\u0113ru ceremonijas laik\u0101 ierobe\u017eota satiksme R\u012bgas centr\u0101"},"content":{"rendered":"<p class=\"descr\">Izvad\u012b\u0161anas ceremonijas laik\u0101, kura notiek 15. janv\u0101r\u012b R\u012bgas Latvie\u0161u biedr\u012bbas nam\u0101 Mer\u0137e\u013ca iel\u0101 13, tiks ierobe\u017eota un aizliegta transportl\u012bdzek\u013cu satiksme, inform\u0113 R\u012bgas pa\u0161vald\u012bbas Komunik\u0101cijas p\u0101rvaldes \u0100r\u0113j\u0101s komunik\u0101cijas noda\u013ca.<\/p>\n<p>No plkst. 7.00 l\u012bdz plkst. 14.00 tiks aizliegta transportl\u012bdzek\u013cu apst\u0101\u0161an\u0101s un st\u0101v\u0113\u0161ana Mer\u0137e\u013ca ielas kreisaj\u0101 pus\u0113, posm\u0101 no Kri\u0161j\u0101\u0146a Barona ielas l\u012bdz Arhitektu ielai (iz\u0146emot inval\u012bdu st\u0101vvietas).<\/p>\n<p>No plkst. 11.00 l\u012bdz plkst. 14.00 nepiecie\u0161am\u012bbas gad\u012bjum\u0101 tiks ierobe\u017eota vai \u012bslaic\u012bgi sl\u0113gta transportl\u012bdzek\u013cu satiksme un g\u0101j\u0113ju satiksme Mer\u0137e\u013ca iel\u0101, posm\u0101 no Kri\u0161j\u0101\u0146a Barona ielas l\u012bdz Arhitektu ielai.<\/p>\n<p>Port\u0101ls NRA jau rakst\u012bja, ka <a href=\"https:\/\/nra.lv\/latvija\/510985-uljana-semjonova-latvijas-basketbola-ikona-devusies-muziba.htm\" target=\"_blank\" rel=\"noopener nofollow\">M\u016b\u017e\u012bb\u0101 devusies visslaven\u0101k\u0101 Latvijas basketbola le\u0123enda &#8211; U\u013cjana Semjonova.<\/a><\/p>\n","protected":false},"excerpt":{"rendered":"Izvad\u012b\u0161anas ceremonijas laik\u0101, kura notiek 15. janv\u0101r\u012b R\u012bgas Latvie\u0161u biedr\u012bbas nam\u0101 Mer\u0137e\u013ca iel\u0101 13, tiks ierobe\u017eota un aizliegta&hellip;\n","protected":false},"author":2,"featured_media":105342,"comment_status":"","ping_status":"","sticky":false,"template":"","format":"standard","meta":{"footnotes":""},"categories":[17],"tags":[35,39,38,36,37,34,40,67],"class_list":{"0":"post-105341","1":"post","2":"type-post","3":"status-publish","4":"format-standard","5":"has-post-thumbnail","7":"category-sports","8":"tag-latvia","9":"tag-latvian","10":"tag-latviesu","11":"tag-latviesu-valoda","12":"tag-latviesuvaloda","13":"tag-latvija","14":"tag-lv","15":"tag-sports"},"share_on_mastodon":{"url":"https:\/\/pubeurope.com\/@lv\/115898619156021892","error":""},"_links":{"self":[{"href":"https:\/\/www.europesays.com\/lv\/wp-json\/wp\/v2\/posts\/105341","targetHints":{"allow":["GET"]}}],"collection":[{"href":"https:\/\/www.europesays.com\/lv\/wp-json\/wp\/v2\/posts"}],"about":[{"href":"https:\/\/www.europesays.com\/lv\/wp-json\/wp\/v2\/types\/post"}],"author":[{"embeddable":true,"href":"https:\/\/www.europesays.com\/lv\/wp-json\/wp\/v2\/users\/2"}],"replies":[{"embeddable":true,"href":"https:\/\/www.europesays.com\/lv\/wp-json\/wp\/v2\/comments?post=105341"}],"version-history":[{"count":0,"href":"https:\/\/www.europesays.com\/lv\/wp-json\/wp\/v2\/posts\/105341\/revisions"}],"wp:featuredmedia":[{"embeddable":true,"href":"https:\/\/www.europesays.com\/lv\/wp-json\/wp\/v2\/media\/105342"}],"wp:attachment":[{"href":"https:\/\/www.europesays.com\/lv\/wp-json\/wp\/v2\/media?parent=105341"}],"wp:term":[{"taxonomy":"category","embeddable":true,"href":"https:\/\/www.europesays.com\/lv\/wp-json\/wp\/v2\/categories?post=105341"},{"taxonomy":"post_tag","embeddable":true,"href":"https:\/\/www.europesays.com\/lv\/wp-json\/wp\/v2\/tags?post=105341"}],"curies":[{"name":"wp","href":"https:\/\/api.w.org\/{rel}","templated":true}]}}