{"id":105343,"date":"2026-01-15T10:23:07","date_gmt":"2026-01-15T10:23:07","guid":{"rendered":"https:\/\/www.europesays.com\/lv\/105343\/"},"modified":"2026-01-15T10:23:07","modified_gmt":"2026-01-15T10:23:07","slug":"satrauc-dzimstibas-strauja-lejupslide-ogres-novada-pasvaldiba","status":"publish","type":"post","link":"https:\/\/www.europesays.com\/lv\/105343\/","title":{"rendered":"Satrauc dzimst\u012bbas strauj\u0101 lejupsl\u012bde | Ogres novada pa\u0161vald\u012bba"},"content":{"rendered":"<p>S\u0101cies jauns gads, Ogres novada Dzimtsarakstu noda\u013ca turpina savu darbu, sniedzot normat\u012bvajos aktos noteiktos pakalpojumus. <\/p>\n<p>V\u0113los atg\u0101din\u0101t, ka Dzimtsarakstu noda\u013cas pakalpojumi iedz\u012bvot\u0101jiem pieejami div\u0101s viet\u0101s novad\u0101 \u2013 Ogres Centr\u0101l\u0101s bibliot\u0113kas \u0113k\u0101 Ogr\u0113, Br\u012bv\u012bbas iel\u0101 35 (2. st\u0101v\u0101) un Lielv\u0101rdes pils\u0113tas un Lielv\u0101rdes pagasta p\u0101rvaldes \u0113k\u0101 Lielv\u0101rd\u0113, Rai\u0146a iel\u0101 11A.<\/p>\n<p>Atskatoties uz 2025. gadu, varu teikt, ka \u013coti satrauc demogr\u0101fisk\u0101 situ\u0101cija \u2013 dzimst\u012bba strauji samazin\u0101s. P\u0113rn esam re\u0123istr\u0113ju\u0161i 362 jaundzimu\u0161os, par 36 maz\u0101k nek\u0101 iepriek\u0161\u0113j\u0101 gad\u0101! Ja sal\u012bdzin\u0101m ar 2021. gadu, kad re\u0123istr\u0113j\u0101m 512 jaundzimu\u0161os, kritums ir milz\u012bgs, un t\u0101 katru gadu \u2013 maz\u0101k un maz\u0101k. <\/p>\n<p>Ogres rajona slimn\u012bc\u0101 p\u0113rn piedzimu\u0161i vair\u0101k nek\u0101 500 b\u0113rnu, bet tikai da\u013cai no vi\u0146iem dz\u012bvesvieta deklar\u0113ta m\u016bsu novad\u0101: Ogr\u0113 117, Ik\u0161\u0137il\u0113 39, Lielv\u0101rd\u0113 un Lielv\u0101rdes pagast\u0101 39, Ogresgala pagast\u0101 13, Madlienas pagast\u0101 8, T\u012bn\u016b\u017eu pagast\u0101 12, \u0136egum\u0101 8, Sunta\u017eu pagast\u0101 7, Birzgales pagast\u0101 9, \u0136eipenes pagast\u0101\u00a0 4, Lauberes pagast\u0101 7,\u00a0 Tomes pagast\u0101 2, Jumpravas pagast\u0101 11, Taurupes pagast\u0101 6, Rembates pagast\u0101 6, L\u0113dmanes pagast\u0101 6, Me\u0146\u0123eles pagast\u0101 1, Mazozolu pagast\u0101 2, Krapes pagast\u0101 2.<\/p>\n<p>Vec\u0101ki saviem b\u0113rniem v\u0101rdu izv\u0113las vien pa\u0161iem zin\u0101mu mot\u012bvu vad\u012bti. Pag\u0101ju\u0161aj\u0101 gad\u0101 v\u0101rds Emma dots 8 jaundzimu\u0161aj\u0101m meiten\u0113m, Estere \u2013 5, Nora \u2013 ar\u012b 5, Katr\u012bna 4 un Adel\u012bna ar\u012b 4 meiten\u0113m, L\u012bga \u2013 1 meitenei. B\u0113rnu dzim\u0161anas re\u0123istr\u0101 ierakst\u012bti ar\u012b \u0161\u0101di meite\u0146u v\u0101rdi: Aurika, Eilia, Mare, Ren\u0113, Hallija, Steisija, Naomi, Eliora, Kimberlija, Briela, R\u016bbija, Leksija, Neja, Bekija. Pie dubultv\u0101rda tiku\u0161as 18 p\u0113rn dzimu\u0161\u0101s meitenes. <\/p>\n<p>Z\u0113niem popul\u0101r\u0101kais v\u0101rds p\u0113rn bija Marks \u2013 tas dots 9 b\u0113rniem, dzim\u0161anas re\u0123istr\u0101 ierakst\u012bti 6 Mi\u0137e\u013ci, 6 J\u0101\u0146i, 6 Adriani, 5 Ri\u010dardi, 5 Eduardi un 5 Teodori.\u00a0 Vec\u0101ki saviem puik\u0101m izv\u0113l\u0113ju\u0161ies ar\u012b t\u0101dus v\u0101rdus k\u0101 Mateo, Malakaiss, Noa, Ritums, Roalds, Tamers, K\u0101lebs un Liams. Dubultv\u0101rds dots 16 z\u0113niem.<\/p>\n<p>Mir\u0161anas re\u0123istr\u0101 p\u0113d\u0113jo divu gad\u0101 laik\u0101 izmai\u0146as minim\u0101las \u2013 Dzimtsarakstu noda\u013c\u0101 pag\u0101ju\u0161aj\u0101 gad\u0101 sast\u0101d\u012bti 650 mir\u0161anas re\u0123istri (2024. gad\u0101 \u2013 649). <\/p>\n<p>Re\u0123istr\u0113to\u00a0 laul\u012bbu skaits pag\u0101ju\u0161aj\u0101 gad\u0101 ar\u012b nedaudz g\u0101jis mazum\u0101 \u2013 esam re\u0123istr\u0113ju\u0161i 405 laul\u012bbas (2024. gad\u0101 \u2013 448), 24 no t\u0101m nosl\u0113gtas bazn\u012bc\u0101s. Laul\u0101jam gan Ogres novada, gan citu pa\u0161vald\u012bbu iedz\u012bvot\u0101jus, cilv\u0113ki dr\u012bkst izv\u0113l\u0113ties laul\u012bbu nosl\u0113g\u0161anas vietu \u2013 neatkar\u012bgi no vi\u0146u deklar\u0113t\u0101s dz\u012bvesvietas. M\u016bsu modern\u0101 Trad\u012bciju z\u0101le v\u0113l aizvien ir gana popul\u0101ra, un m\u0113s cen\u0161amies neatraid\u012bt nevienu p\u0101ri, kur\u0161 sava dz\u012bves ce\u013ca svar\u012bgo br\u012bdi grib s\u0101kt tie\u0161i \u0161eit. <\/p>\n<p>\u0100rpus noda\u013cas telp\u0101m \u2013 viesu namos, m\u0101j\u0101s vai cit\u0101s laul\u012bbas re\u0123istr\u0101cijai piem\u0113rot\u0101s viet\u0101s pag\u0101ju\u0161aj\u0101 gad\u0101 laul\u0101j\u0101m 24 p\u0101rus.<\/p>\n<p>T\u0101pat k\u0101 iepriek\u0161\u0113jos gados, ar\u012b 2025. gad\u0101 re\u0123istr\u0113j\u0101m ne tikai Latvijas, bet ar\u012b citu valstu \u2013 Krievijas, Ukrainas, Lietuvas, Polijas, Lielbrit\u0101nijas. Uzbekist\u0101nas, \u0160veices, Amerikas Savienoto Valstu, Indijas, Turcijas \u2013 pilso\u0146us. Laul\u012bbu ceremonija notiek latvie\u0161u valod\u0101, p\u0101rim pa\u0161am j\u0101nodro\u0161ina tulks. <\/p>\n<p>Laul\u012bbas nosl\u0113g\u0161anas br\u012bd\u012b katrs p\u0101ris v\u0113l\u0101s b\u016bt kop\u0101 uz m\u016b\u017eu, ta\u010du diem\u017e\u0113l dz\u012bve attiec\u012bb\u0101s ievie\u0161 korekcijas, un tad laul\u012bbu n\u0101kas \u0161\u0137irt. Pag\u0101ju\u0161aj\u0101 gad\u0101 Dzimtsarakstu noda\u013ca no tiesne\u0161iem un not\u0101riem sa\u0146\u0113musi 128 pazi\u0146ojumus par laul\u012bbas \u0161\u0137ir\u0161anu, 2024. gad\u0101 bija 117 \u0161\u0101di pazi\u0146ojumi. <\/p>\n<p>Papildus normat\u012bvajos aktos noteiktajiem pien\u0101kumiem m\u016bsu noda\u013ca ik gadu iesaist\u0101s novada stipro p\u0101ru godin\u0101\u0161anas pas\u0101kuma organiz\u0113\u0161an\u0101 un noris\u0113. T\u0101 tie\u0161\u0101m ir lieliska trad\u012bcija m\u016bsu pa\u0161vald\u012bb\u0101, prieks un lepnums par laul\u0101tajiem, kuri viens otram blakus ir visu m\u016b\u017eu. Pag\u0101ju\u0161aj\u0101 gad\u0101 svin\u012bg\u0101 pas\u0101kum\u0101 tika godin\u0101ti 13 stiprie p\u0101ri.<\/p>\n<p>Kop\u0161 m\u016bsu novada Dzimtsarakstu noda\u013ca ir p\u0101rc\u0113lusies uz \u0113rtaj\u0101m telp\u0101m Ogres Centr\u0101l\u0101s bibliot\u0113kas \u0113k\u0101, pie mums bie\u017ei ir viesoju\u0161ies daudzu Latvijas pa\u0161vald\u012bbu p\u0101rst\u0101vji un dzimtsarakstu noda\u013cu kol\u0113\u0123i. Prieks uz\u0146emt viesus, bet ar\u012b pa\u0161\u0101m gribas redz\u0113t, k\u0101 tiek organiz\u0113ts darbs cit\u0101s noda\u013c\u0101s. Pag\u0101ju\u0161aj\u0101 gad\u0101 m\u016bsu mazais noda\u013cas kolekt\u012bvs (es un tr\u012bs manas kol\u0113\u0123es) viesoj\u0101mies div\u0101s pa\u0161vald\u012bb\u0101s \u2013 mart\u0101 dev\u0101mies uz Jelgavas valstspils\u0113tas un\u00a0 novada apvienoto Dzimtsarakstu noda\u013cu, savuk\u0101rt septembr\u012b apmekl\u0113j\u0101m kol\u0113\u0123es J\u0113kabpils novad\u0101. \u0160\u0101da pieredzes apmai\u0146a ir \u013coti vajadz\u012bga, vienm\u0113r g\u016bstam v\u0113rt\u012bgas atzi\u0146as, ko varam izmantot sav\u0101 darb\u0101.<\/p>\n<p>Dz\u012bvojam trauksmain\u0101, satrauco\u0161\u0101 un nemier\u012bg\u0101 laik\u0101. M\u016bsu noda\u013ca \u2013 es, manas kol\u0113\u0123es Guna Baiko, Ligita Jansone un Valent\u012bna K\u0101bele \u2013 2026. gad\u0101 v\u0113l siltumu katr\u0101 \u0123imen\u0113, savstarp\u0113ju sapratni, ieciet\u012bbu sabiedr\u012bb\u0101, mier\u012bgas debesis virs m\u016bsu galv\u0101m. Lai ikvienam veicas visi labie darbi!<\/p>\n<p>Vita Leimane,\u00a0Ogre novada Dzimtsarakstu noda\u013cas vad\u012bt\u0101ja<\/p>\n","protected":false},"excerpt":{"rendered":"S\u0101cies jauns gads, Ogres novada Dzimtsarakstu noda\u013ca turpina savu darbu, sniedzot normat\u012bvajos aktos noteiktos pakalpojumus. V\u0113los atg\u0101din\u0101t, ka&hellip;\n","protected":false},"author":2,"featured_media":105344,"comment_status":"","ping_status":"","sticky":false,"template":"","format":"standard","meta":{"footnotes":""},"categories":[14],"tags":[23,57,28,29,32,33,22,30,31,35,39,38,36,37,34,40,20,26,27,24,25,54,55,56,21,58],"class_list":{"0":"post-105343","1":"post","2":"type-post","3":"status-publish","4":"format-standard","5":"has-post-thumbnail","7":"category-zinas-no-arvalstim","8":"tag-aktualitates","9":"tag-arvalstim","10":"tag-breaking-news","11":"tag-breakingnews","12":"tag-featured-news","13":"tag-featurednews","14":"tag-headlines","15":"tag-latest-news","16":"tag-latestnews","17":"tag-latvia","18":"tag-latvian","19":"tag-latviesu","20":"tag-latviesu-valoda","21":"tag-latviesuvaloda","22":"tag-latvija","23":"tag-lv","24":"tag-news","25":"tag-popularakas-zinas","26":"tag-popularakaszinas","27":"tag-top-stories","28":"tag-topstories","29":"tag-world","30":"tag-world-news","31":"tag-worldnews","32":"tag-zinas","33":"tag-zinas-no-arvalstim"},"share_on_mastodon":{"url":"https:\/\/pubeurope.com\/@lv\/115898627094668014","error":""},"_links":{"self":[{"href":"https:\/\/www.europesays.com\/lv\/wp-json\/wp\/v2\/posts\/105343","targetHints":{"allow":["GET"]}}],"collection":[{"href":"https:\/\/www.europesays.com\/lv\/wp-json\/wp\/v2\/posts"}],"about":[{"href":"https:\/\/www.europesays.com\/lv\/wp-json\/wp\/v2\/types\/post"}],"author":[{"embeddable":true,"href":"https:\/\/www.europesays.com\/lv\/wp-json\/wp\/v2\/users\/2"}],"replies":[{"embeddable":true,"href":"https:\/\/www.europesays.com\/lv\/wp-json\/wp\/v2\/comments?post=105343"}],"version-history":[{"count":0,"href":"https:\/\/www.europesays.com\/lv\/wp-json\/wp\/v2\/posts\/105343\/revisions"}],"wp:featuredmedia":[{"embeddable":true,"href":"https:\/\/www.europesays.com\/lv\/wp-json\/wp\/v2\/media\/105344"}],"wp:attachment":[{"href":"https:\/\/www.europesays.com\/lv\/wp-json\/wp\/v2\/media?parent=105343"}],"wp:term":[{"taxonomy":"category","embeddable":true,"href":"https:\/\/www.europesays.com\/lv\/wp-json\/wp\/v2\/categories?post=105343"},{"taxonomy":"post_tag","embeddable":true,"href":"https:\/\/www.europesays.com\/lv\/wp-json\/wp\/v2\/tags?post=105343"}],"curies":[{"name":"wp","href":"https:\/\/api.w.org\/{rel}","templated":true}]}}