{"id":105352,"date":"2026-01-15T10:29:08","date_gmt":"2026-01-15T10:29:08","guid":{"rendered":"https:\/\/www.europesays.com\/lv\/105352\/"},"modified":"2026-01-15T10:29:08","modified_gmt":"2026-01-15T10:29:08","slug":"pec-danijas-luguma-francija-nosuta-karavirus-uz-grenlandi","status":"publish","type":"post","link":"https:\/\/www.europesays.com\/lv\/105352\/","title":{"rendered":"P\u0113c D\u0101nijas l\u016bguma Francija nos\u016bta karav\u012brus uz Grenlandi"},"content":{"rendered":"<p>Makrons platform\u0101 &#8220;X&#8221; pazi\u0146oja, ka pirmie Francijas karav\u012bri ir ce\u013c\u0101 un ka tiem sekos v\u0113l citi.<\/p>\n<p>Ar\u012b V\u0101cijas Aizsardz\u012bbas ministrija pazi\u0146ojusi, ka nos\u016bt\u012bs milit\u0101rpersonas uz Grenlandi, nor\u0101dot, ka \u0161\u012bs komandas m\u0113r\u0137is b\u016bs izp\u0113t\u012bt pamatnosac\u012bjumus iesp\u0113jamam milit\u0101rajam atbalstam D\u0101nijai dro\u0161\u012bbas garant\u0113\u0161an\u0101 re\u0123ion\u0101.<\/p>\n<p>Makrons nor\u0101d\u012bja, ka <a href=\"https:\/\/www.apollo.lv\/term\/555453\/francija\" class=\"topicLink\" target=\"_blank\" rel=\"nofollow noopener\">Francija<\/a> piedal\u012bsies D\u0101nijas organiz\u0113taj\u0101s kop\u012bgaj\u0101s m\u0101c\u012bb\u0101s &#8220;Operation Arctic Endurance&#8221;, kur\u0101s piedal\u012bsies ar\u012b Zviedrija un Norv\u0113\u0123ija.<\/p>\n<p>Tre\u0161dien Tramps sav\u0101 platform\u0101 &#8220;Truth Social&#8221; pazi\u0146oja, ka Grenlandei j\u0101non\u0101k Savienoto Valstu rok\u0101s. &#8220;Nekas maz\u0101ks par to nav pie\u0146emams,&#8221; vi\u0146\u0161 piebilda.<\/p>\n<p>Makrons tre\u0161dien br\u012bdin\u0101ja, ka jebkur\u0161 drauds Eiropas sabiedrot\u0101 suverenit\u0101tei rad\u012bs bezprecedenta sekas. Francija cie\u0161i uzrauga situ\u0101ciju un pazi\u0146oja, ka r\u012bkosies, piln\u012bb\u0101 solidariz\u0113joties ar D\u0101niju.<\/p>\n","protected":false},"excerpt":{"rendered":"Makrons platform\u0101 &#8220;X&#8221; pazi\u0146oja, ka pirmie Francijas karav\u012bri ir ce\u013c\u0101 un ka tiem sekos v\u0113l citi. Ar\u012b V\u0101cijas&hellip;\n","protected":false},"author":2,"featured_media":105353,"comment_status":"","ping_status":"","sticky":false,"template":"","format":"standard","meta":{"footnotes":""},"categories":[14],"tags":[23,57,28,29,1418,32,33,1309,20878,22,30,31,35,39,38,36,37,34,40,20,26,27,24,25,54,55,56,21,58],"class_list":{"0":"post-105352","1":"post","2":"type-post","3":"status-publish","4":"format-standard","5":"has-post-thumbnail","7":"category-zinas-no-arvalstim","8":"tag-aktualitates","9":"tag-arvalstim","10":"tag-breaking-news","11":"tag-breakingnews","12":"tag-danija","13":"tag-featured-news","14":"tag-featurednews","15":"tag-francija","16":"tag-grenlande","17":"tag-headlines","18":"tag-latest-news","19":"tag-latestnews","20":"tag-latvia","21":"tag-latvian","22":"tag-latviesu","23":"tag-latviesu-valoda","24":"tag-latviesuvaloda","25":"tag-latvija","26":"tag-lv","27":"tag-news","28":"tag-popularakas-zinas","29":"tag-popularakaszinas","30":"tag-top-stories","31":"tag-topstories","32":"tag-world","33":"tag-world-news","34":"tag-worldnews","35":"tag-zinas","36":"tag-zinas-no-arvalstim"},"share_on_mastodon":{"url":"https:\/\/pubeurope.com\/@lv\/115898650648172583","error":""},"_links":{"self":[{"href":"https:\/\/www.europesays.com\/lv\/wp-json\/wp\/v2\/posts\/105352","targetHints":{"allow":["GET"]}}],"collection":[{"href":"https:\/\/www.europesays.com\/lv\/wp-json\/wp\/v2\/posts"}],"about":[{"href":"https:\/\/www.europesays.com\/lv\/wp-json\/wp\/v2\/types\/post"}],"author":[{"embeddable":true,"href":"https:\/\/www.europesays.com\/lv\/wp-json\/wp\/v2\/users\/2"}],"replies":[{"embeddable":true,"href":"https:\/\/www.europesays.com\/lv\/wp-json\/wp\/v2\/comments?post=105352"}],"version-history":[{"count":0,"href":"https:\/\/www.europesays.com\/lv\/wp-json\/wp\/v2\/posts\/105352\/revisions"}],"wp:featuredmedia":[{"embeddable":true,"href":"https:\/\/www.europesays.com\/lv\/wp-json\/wp\/v2\/media\/105353"}],"wp:attachment":[{"href":"https:\/\/www.europesays.com\/lv\/wp-json\/wp\/v2\/media?parent=105352"}],"wp:term":[{"taxonomy":"category","embeddable":true,"href":"https:\/\/www.europesays.com\/lv\/wp-json\/wp\/v2\/categories?post=105352"},{"taxonomy":"post_tag","embeddable":true,"href":"https:\/\/www.europesays.com\/lv\/wp-json\/wp\/v2\/tags?post=105352"}],"curies":[{"name":"wp","href":"https:\/\/api.w.org\/{rel}","templated":true}]}}