{"id":105358,"date":"2026-01-15T10:33:07","date_gmt":"2026-01-15T10:33:07","guid":{"rendered":"https:\/\/www.europesays.com\/lv\/105358\/"},"modified":"2026-01-15T10:33:07","modified_gmt":"2026-01-15T10:33:07","slug":"vucevics-klust-par-galveno-varoni-sensabo-karjeras-spele-flegs-pamet-laukumu-ar-savainojumu","status":"publish","type":"post","link":"https:\/\/www.europesays.com\/lv\/105358\/","title":{"rendered":"Vu\u010devi\u010ds k\u013c\u016bst par galveno varoni Sensabo karjeras sp\u0113l\u0113; Flegs pamet laukumu ar savainojumu"},"content":{"rendered":"<p>P\u0113c otr\u0101s tre\u0161da\u013cas Flegs no \u0123\u0113rbtuv\u0113m vairs neatgriez\u0101s, ma\u010du, kur\u0101 &#8220;Mavericks&#8221; sav\u0101 laukum\u0101 zaud\u0113ja ar 109:118 (23:29, 23:34, 32:25, 31:30), nosl\u0113dzot ar se\u0161iem punktiem. Uzvar\u0113t\u0101jiem, kuri turpina iztikt saviem abiem vado\u0161ajiem centriem Nikolas Joki\u010da un Jona Valan\u010d\u016bna, 33 punktus guva D\u017emals Marejs, bet 22 pievienoja \u0100rons Gordons. M\u0101jiniekiem 24 punktus guva Nad\u017ei M\u0101r\u0161als, bet 20 pievienoja Brendons Viljamss, kuram ar\u012b septi\u0146as atl\u0113ku\u0161\u0101s bumbas.\u00a0<\/p>\n","protected":false},"excerpt":{"rendered":"P\u0113c otr\u0101s tre\u0161da\u013cas Flegs no \u0123\u0113rbtuv\u0113m vairs neatgriez\u0101s, ma\u010du, kur\u0101 &#8220;Mavericks&#8221; sav\u0101 laukum\u0101 zaud\u0113ja ar 109:118 (23:29, 23:34,&hellip;\n","protected":false},"author":2,"featured_media":105359,"comment_status":"","ping_status":"","sticky":false,"template":"","format":"standard","meta":{"footnotes":""},"categories":[17],"tags":[35,39,38,36,37,34,40,67],"class_list":{"0":"post-105358","1":"post","2":"type-post","3":"status-publish","4":"format-standard","5":"has-post-thumbnail","7":"category-sports","8":"tag-latvia","9":"tag-latvian","10":"tag-latviesu","11":"tag-latviesu-valoda","12":"tag-latviesuvaloda","13":"tag-latvija","14":"tag-lv","15":"tag-sports"},"share_on_mastodon":{"url":"https:\/\/pubeurope.com\/@lv\/115898666367787716","error":""},"_links":{"self":[{"href":"https:\/\/www.europesays.com\/lv\/wp-json\/wp\/v2\/posts\/105358","targetHints":{"allow":["GET"]}}],"collection":[{"href":"https:\/\/www.europesays.com\/lv\/wp-json\/wp\/v2\/posts"}],"about":[{"href":"https:\/\/www.europesays.com\/lv\/wp-json\/wp\/v2\/types\/post"}],"author":[{"embeddable":true,"href":"https:\/\/www.europesays.com\/lv\/wp-json\/wp\/v2\/users\/2"}],"replies":[{"embeddable":true,"href":"https:\/\/www.europesays.com\/lv\/wp-json\/wp\/v2\/comments?post=105358"}],"version-history":[{"count":0,"href":"https:\/\/www.europesays.com\/lv\/wp-json\/wp\/v2\/posts\/105358\/revisions"}],"wp:featuredmedia":[{"embeddable":true,"href":"https:\/\/www.europesays.com\/lv\/wp-json\/wp\/v2\/media\/105359"}],"wp:attachment":[{"href":"https:\/\/www.europesays.com\/lv\/wp-json\/wp\/v2\/media?parent=105358"}],"wp:term":[{"taxonomy":"category","embeddable":true,"href":"https:\/\/www.europesays.com\/lv\/wp-json\/wp\/v2\/categories?post=105358"},{"taxonomy":"post_tag","embeddable":true,"href":"https:\/\/www.europesays.com\/lv\/wp-json\/wp\/v2\/tags?post=105358"}],"curies":[{"name":"wp","href":"https:\/\/api.w.org\/{rel}","templated":true}]}}