{"id":105360,"date":"2026-01-15T10:35:06","date_gmt":"2026-01-15T10:35:06","guid":{"rendered":"https:\/\/www.europesays.com\/lv\/105360\/"},"modified":"2026-01-15T10:35:06","modified_gmt":"2026-01-15T10:35:06","slug":"melanija-trampa-kritize-donalda-trampa-dejas-publiskos-pasakumos","status":"publish","type":"post","link":"https:\/\/www.europesays.com\/lv\/105360\/","title":{"rendered":"Mel\u0101nija Trampa kritiz\u0113 Donalda Trampa dejas publiskos pas\u0101kumos"},"content":{"rendered":"<p class=\"descr\">Donalds Tramps publiski atzinis, ka vi\u0146a sieva Mel\u0101nija ir \u013coti neapmierin\u0101ta ar vi\u0146a dejo\u0161anas stilu ofici\u0101lu pas\u0101kumu un m\u012bti\u0146u laik\u0101. Nesen\u0101 konferenc\u0113 Kenedija centr\u0101 prezidents dal\u012bj\u0101s ar deta\u013c\u0101m par vi\u0146u \u0123imenes diskusij\u0101m par vi\u0146a publisko t\u0113lu.<\/p>\n<blockquote><p>P\u0113c politi\u0137a teikt\u0101, pirm\u0101 l\u0113dija, kuru vi\u0146\u0161 raksturo k\u0101 \u013coti izsmalcin\u0101tu cilv\u0113ku, uzskata vi\u0146a deju kust\u012bbas hita &#8220;YMCA&#8221; pavad\u012bb\u0101 par nepiedien\u012bg\u0101m valsts vad\u012bt\u0101jam.<\/p><\/blockquote>\n<p>Mel\u0101nija vi\u0146u pat sal\u012bdzin\u0101ja ar Franklinu R\u016bzveltu, atz\u012bm\u0113jot vi\u0146a priek\u0161g\u0101j\u0113ju eleganci, ta\u010du <a href=\"https:\/\/nra.lv\/birka\/donalds-tramps\/\" target=\"_blank\" rel=\"noopener nofollow\">Tramps<\/a> jokojot nor\u0101da, ka tie\u0161i \u0161is stils vi\u0146am pal\u012bdz\u0113ja uzvar\u0113t.<\/p>\n<p>Trampa rakstur\u012bg\u0101 gurnu \u0161\u016bpo\u0161ana un d\u016bres vicin\u0101\u0161ana ir k\u013cuvu\u0161as par neat\u0146emamu 2024. gada kampa\u0146as un turpm\u0101ko runu sast\u0101vda\u013cu. Prezidents ir tik \u013coti aizr\u0101vies ar \u0161o procesu, ka viena kampa\u0146as m\u012bti\u0146a laik\u0101 Pensilv\u0101nij\u0101 vi\u0146\u0161 \u010detrdesmit min\u016btes palika uz skatuves, kustoties m\u016bzikas pavad\u012bb\u0101.<\/p>\n<p>Neskatoties uz sievas kritiku, YMCA dziesmas izmanto\u0161ana t\u0101s veidot\u0101jiem izr\u0101d\u012bj\u0101s \u0101rk\u0101rt\u012bgi ienes\u012bga. Grupas \u201cVillage People\u201d solists Viktors Viliss atz\u012bm\u0113ja, ka, neskatoties uz daudzaj\u0101m neapmierin\u0101tu klaus\u012bt\u0101ju s\u016bdz\u012bb\u0101m, Trampa kampa\u0146ai bija visas likum\u012bg\u0101s ties\u012bbas p\u0101rraid\u012bt dziesmu, pateicoties atbilsto\u0161ai licencei.<\/p>\n<p>Turkl\u0101t, pateicoties prezidenta publiskajai dejo\u0161anai, le\u0123end\u0101rais 70. gadu hits piedz\u012bvoja atdzim\u0161anu, 45 gadus p\u0113c izdo\u0161anas atgrie\u017eoties &#8220;Billboard&#8221; topa aug\u0161gal\u0101. Dziesmas komponists apstiprin\u0101ja, ka \u0161is popularit\u0101tes pieaugums grupai ienesis miljoniem dol\u0101ru ie\u0146\u0113mumus, t\u0101p\u0113c vi\u0146\u0161 nol\u0113ma neiejaukties politi\u0137a ekscentriskajos priek\u0161nesumos.<\/p>\n","protected":false},"excerpt":{"rendered":"Donalds Tramps publiski atzinis, ka vi\u0146a sieva Mel\u0101nija ir \u013coti neapmierin\u0101ta ar vi\u0146a dejo\u0161anas stilu ofici\u0101lu pas\u0101kumu un&hellip;\n","protected":false},"author":2,"featured_media":105361,"comment_status":"","ping_status":"","sticky":false,"template":"","format":"standard","meta":{"footnotes":""},"categories":[14],"tags":[23,57,28,29,32,33,22,30,31,35,39,38,36,37,34,40,20,26,27,24,25,54,55,56,21,58],"class_list":{"0":"post-105360","1":"post","2":"type-post","3":"status-publish","4":"format-standard","5":"has-post-thumbnail","7":"category-zinas-no-arvalstim","8":"tag-aktualitates","9":"tag-arvalstim","10":"tag-breaking-news","11":"tag-breakingnews","12":"tag-featured-news","13":"tag-featurednews","14":"tag-headlines","15":"tag-latest-news","16":"tag-latestnews","17":"tag-latvia","18":"tag-latvian","19":"tag-latviesu","20":"tag-latviesu-valoda","21":"tag-latviesuvaloda","22":"tag-latvija","23":"tag-lv","24":"tag-news","25":"tag-popularakas-zinas","26":"tag-popularakaszinas","27":"tag-top-stories","28":"tag-topstories","29":"tag-world","30":"tag-world-news","31":"tag-worldnews","32":"tag-zinas","33":"tag-zinas-no-arvalstim"},"share_on_mastodon":{"url":"https:\/\/pubeurope.com\/@lv\/115898674247644771","error":""},"_links":{"self":[{"href":"https:\/\/www.europesays.com\/lv\/wp-json\/wp\/v2\/posts\/105360","targetHints":{"allow":["GET"]}}],"collection":[{"href":"https:\/\/www.europesays.com\/lv\/wp-json\/wp\/v2\/posts"}],"about":[{"href":"https:\/\/www.europesays.com\/lv\/wp-json\/wp\/v2\/types\/post"}],"author":[{"embeddable":true,"href":"https:\/\/www.europesays.com\/lv\/wp-json\/wp\/v2\/users\/2"}],"replies":[{"embeddable":true,"href":"https:\/\/www.europesays.com\/lv\/wp-json\/wp\/v2\/comments?post=105360"}],"version-history":[{"count":0,"href":"https:\/\/www.europesays.com\/lv\/wp-json\/wp\/v2\/posts\/105360\/revisions"}],"wp:featuredmedia":[{"embeddable":true,"href":"https:\/\/www.europesays.com\/lv\/wp-json\/wp\/v2\/media\/105361"}],"wp:attachment":[{"href":"https:\/\/www.europesays.com\/lv\/wp-json\/wp\/v2\/media?parent=105360"}],"wp:term":[{"taxonomy":"category","embeddable":true,"href":"https:\/\/www.europesays.com\/lv\/wp-json\/wp\/v2\/categories?post=105360"},{"taxonomy":"post_tag","embeddable":true,"href":"https:\/\/www.europesays.com\/lv\/wp-json\/wp\/v2\/tags?post=105360"}],"curies":[{"name":"wp","href":"https:\/\/api.w.org\/{rel}","templated":true}]}}