{"id":105374,"date":"2026-01-15T10:44:14","date_gmt":"2026-01-15T10:44:14","guid":{"rendered":"https:\/\/www.europesays.com\/lv\/105374\/"},"modified":"2026-01-15T10:44:14","modified_gmt":"2026-01-15T10:44:14","slug":"ir-jakoz-preti-ari-sodien-raksts","status":"publish","type":"post","link":"https:\/\/www.europesays.com\/lv\/105374\/","title":{"rendered":"Ir \u00abj\u0101ko\u017e\u00bb pret\u012b ar\u012b \u0161odien \/ Raksts"},"content":{"rendered":"<p>13. janv\u0101r\u012b Latvijas pirmizr\u0101di piedz\u012bvoja lietuvie\u0161u re\u017eisora Karo\u013ca Kaupi\u0146a (Karolis Kaupinis)\u00a0filma\u00a0&#8220;Janv\u0101ra gaisma&#8221;. Datums nav izv\u0113l\u0113ts nejau\u0161i \u2013 filmas notikumu laiks un tematika cie\u0161i sasaucas ar Baltijas valstu v\u0113stures l\u016bzuma br\u012bdi devi\u0146desmto gadu s\u0101kum\u0101. Ir j\u0101ko\u017e pret\u012b, k\u0101 vien sp\u0113jam, \u2013 to dar\u012bj\u0101m pirms 35 gadiem, ce\u013cot barik\u0101des pie strat\u0113\u0123iski svar\u012bgajiem m\u016bsu zemes objektiem, un tas j\u0101dara ar\u012b \u0161odien, kad atkal dz\u012bvojam laik\u0101 &#8220;pirms&#8221;, nevis &#8220;p\u0113c&#8221; \u2013 t\u0101 intervij\u0101 &#8220;Kult\u016bras rondo&#8221; st\u0101sta lietuvie\u0161u re\u017eisors un viens no redzam\u0101kajiem pilsoniskajiem akt\u012bvistiem Lietuvas kult\u016bras kopien\u0101 Karolis Kaupinis.\u00a0<\/p>\n<p>Filma &#8220;Janv\u0101ra gaisma&#8221; skat\u012bt\u0101ju aizved uz 1991. gadu, kad Lietuva v\u0113l tikai nostiprin\u0101ja savas valsts pamatus. Lietuvie\u0161u TV zvaigzne Daiva zaud\u0113 darbu, jo telev\u012bzijas \u0113ku ie\u0146em padomju karav\u012bri. Nesp\u0113jot cit\u0101di padz\u012bt iebruc\u0113jus, vi\u0146a nolemj apmesties treiler\u012b pie okup\u0113t\u0101s \u0113kas un izsludin\u0101t badastreiku. Streikam pievienojas vien da\u017ei cilv\u0113ki, un karav\u012bri tam nepiev\u0113r\u0161 ne maz\u0101ko uzman\u012bbu. Jau p\u0113c diennakts k\u013c\u016bst skaidrs, ka c\u012b\u0146a par telev\u012bzijas atg\u016b\u0161anu ir gandr\u012bz bezcer\u012bga. Badam pie\u0146emoties sp\u0113k\u0101, streikot\u0101ji pamaz\u0101m saprot, ka tas, p\u0113c k\u0101 vi\u0146i paties\u012bb\u0101 ir izsalku\u0161i, ir atkl\u0101t\u012bba un cilv\u0113cisks siltums.<\/p>\n<p style=\"margin-left:0cm; margin-right:0cm\">M\u0101ra Rozenberga: Man jau \u0161\u0137iet, ka ir v\u0113rts svin\u0113t katru reizi, kad Latvij\u0101 varam redz\u0113t Lietuvas un Igaunijas filmas, jo \u2013 lai gan esam tie\u0161i pa vidu \u2013 zin\u0101m nepiedodami maz par to, kas notiek kaimi\u0146valstu kinematogr\u0101f\u0101. Vai sadarboties tie\u0161i ar Latviju &#8220;Janv\u0101ra gaismas&#8221; gad\u012bjum\u0101 bija m\u0113r\u0137tiec\u012bga izv\u0113le tie\u0161i m\u016bsu kop\u012bg\u0101s barik\u0101\u017eu laika pieredzes d\u0113\u013c, vai ar\u012b tam ir pragmatisk\u0101ki iemesli?<\/p>\n<p style=\"margin-left:0cm; margin-right:0cm\">Karolis Kaupinis: Laikam jau \u2013 gan, gan. Man savi nodomi, producentiem \u2013 savi. Mans nodoms ir run\u0101t ar cilv\u0113kiem, kuri\u00a0mani saprot. Un par \u0161o konkr\u0113to filmu \u2013\u00a0<\/p>\n<blockquote>\n<p style=\"margin-left:0cm; margin-right:0cm\">man jau s\u0101kum\u0101 t\u0101 \u0161\u0137ita, un manas aizdomas apstiprin\u0101j\u0101s \u2013 ka otrpus k\u0101dreiz\u0113jam Berl\u012bnes m\u016brim to p\u0101r\u0101k labi nesaprat\u012bs.\u00a0<\/p>\n<\/blockquote>\n<p style=\"margin-left:0cm; margin-right:0cm\">Kad tu run\u0101 ar rum\u0101ni vai k\u0101du citu no biju\u0161\u0101 soci\u0101listisko valstu bloka, vi\u0146i uzreiz saprot, par ko ir \u0161ie dialogi, kas ir spriedzes pamat\u0101, k\u0101ds ir filmas varo\u0146u zeitgeist\u00a0jeb laika gars. Citur to vienk\u0101r\u0161i nesaprot. Un tas ir vienk\u0101r\u0161i kop\u012bgas pieredzes tr\u016bkums. Bet ar latvie\u0161iem mums \u0161\u012b pieredze, protams, ir l\u012bdz\u012bga l\u012bdz pat deta\u013c\u0101m. Pat tas, k\u0101 latvie\u0161i nol\u0113ma iztulkot filmas nosaukumu \u2013 &#8220;Janv\u0101ra gaisma&#8221; . Tas \u013coti at\u0161\u0137iras no ori\u0123in\u0101la, bet es saprotu, k\u0101p\u0113c Latvijas producenti t\u0101 nol\u0113ma dar\u012bt. Jums jau ir gan Viestura Kairi\u0161a veiksm\u012bg\u0101 filma &#8220;Janv\u0101ris&#8221;, gan ar\u012b pats v\u0101rds &#8220;janv\u0101ris&#8221; uzreiz asoci\u0113jas ar konkr\u0113tiem v\u0113sturiskiem notikumiem.\u00a0<\/p>\n<p style=\"margin-left:0cm; margin-right:0cm\">Sav\u0101 zi\u0146\u0101 j\u0101, ta\u010du es biju mazliet p\u0101rsteigta par \u0161\u0101du filmas nosaukuma tulkojumu, jo man person\u012bgi \u0161\u0137iet, ka tas \u012bsti nenodod skat\u012bt\u0101jam to viegl\u0101 absurda tonalit\u0101ti, k\u0101d\u0101 j\u016bs \u0161o filmu veidoj\u0101t. Angliskais nosaukums ir &#8220;Badastreika brokastis&#8221;.\u00a0<\/p>\n<p style=\"margin-left:0cm; margin-right:0cm\">Es piekr\u012btu. Bet man teica, ka latviski tas neb\u016bs tikpat saprotami k\u0101 lietuviski, jo Latvij\u0101 barik\u0101d\u0113m nav konot\u0101cijas ar badastreiku, bet Lietuv\u0101 ir. Lietuviski \u0161\u012b filma saucas &#8220;Badastreikot\u0101ju vagoni\u0146\u0161&#8221;. Starp citu, re\u0101lais badastreika vagoni\u0146\u0161 joproj\u0101m st\u0101v pie Lietuvas Radio un telev\u012bzijas \u0113kas Vi\u013c\u0146\u0101!\u00a0<\/p>\n<p style=\"margin-left:0cm; margin-right:0cm\">\u0160eit jums j\u0101past\u0101sta, par ko ir runa, jo es pie\u013cauju, ka vairums latvie\u0161u 1991.\u00a0gada notikumus Vi\u013c\u0146\u0101 asoci\u0113 pamat\u0101 ar tra\u0123iskajiem notikumiem pie TV tor\u0146a, bet par badastreikot\u0101ju vagoni\u0146u diez vai zina.\u00a0<\/p>\n<p style=\"margin-left:0cm; margin-right:0cm\">T\u0101tad \u2013 p\u0113c tam, kad padomju armija 1991. gada 13. janv\u0101r\u012b ie\u0146\u0113ma Lietuvas Telev\u012bziju, vi\u0146i cer\u0113ja m\u016bs atsl\u0113gt no iesp\u0113jas sa\u0146emt neatkar\u012bgu inform\u0101ciju. Ta\u010du tas neizdev\u0101s, jo Lietuvas Telev\u012bzijas sign\u0101ls tika p\u0101rraid\u012bts t\u0101d\u0101 k\u0101 \u0137\u0113d\u0113: no Vi\u013c\u0146as uz Kau\u0146u, no Kau\u0146as uz Klaip\u0113du, no Klaip\u0113das uz \u0160au\u013ciem, no \u0160au\u013ciem uz Pa\u0146eve\u017eu un t\u0101 t\u0101l\u0101k. Iz\u0146emot vienu posmu no \u0161\u012bs \u0137\u0113des, <a href=\"https:\/\/www.lrt.lt\/en\/news-in-english\/19\/2169679\/lrt-under-occupation-makeshift-studios-improvisation-and-pirated-films\" target=\"_blank\" rel=\"nofollow noopener\">t\u0101 joproj\u0101m darboj\u0101s<\/a>. Kau\u0146a p\u0101r\u0146\u0113ma raid\u012b\u0161anu piecas min\u016btes p\u0113c tam, kad Vi\u013c\u0146\u0101 tika izsl\u0113gts sign\u0101ls, un vi\u0146i turpin\u0101ja str\u0101d\u0101t. N\u0101kamaj\u0101s dien\u0101s un m\u0113ne\u0161os l\u012bdz pat pu\u010dam visi turpin\u0101ja skat\u012bties Lietuvas Telev\u012bziju, lai gan \u0113ka Vi\u013c\u0146\u0101 bija ie\u0146emta. No t\u0101s darboj\u0101s tikai atsevi\u0161\u0137a &#8220;Vi\u013c\u0146as stacija&#8221;, kas tika p\u0101rv\u0113sta negl\u012bt\u0101 propagandas kan\u0101l\u0101. To vad\u012bja lietuvie\u0161u VDK virsnieks Edmunds Kasperavi\u010ds (Edmundas Kasperavi\u010dius), t\u0101p\u0113c visi \u0161o kan\u0101lu sauk\u0101ja par <a href=\"https:\/\/www.lrt.lt\/naujienos\/lietuvoje\/2\/2169519\/kaspervizijos-absurdas-vandalai-ir-melagiai-lietuvos-televizija-okupave-222-dienas\" target=\"_blank\" rel=\"nofollow noopener\">&#8220;Kasperv\u012bziju&#8221;<\/a>.\u00a0<\/p>\n<p style=\"margin-left:0cm; margin-right:0cm\">Bija t\u0101ds darbinieku tr\u016bkums, ka Kasperavi\u010dam pa\u0161am katru dienu n\u0101c\u0101s iet \u0113ter\u0101 k\u0101 raid\u012bjuma vad\u012bt\u0101jam. V\u0113l\u0101kos gados es pats str\u0101d\u0101ju Lietuvas Telev\u012bzij\u0101 un p\u012bppauz\u0113s m\u0113dzu run\u0101ties ar cilv\u0113kiem no savu vec\u0101ku paaudzes, kuri tobr\u012bd bija mani kol\u0113\u0123i, bet labi atcer\u0113j\u0101s ar\u012b 1991. gadu. Kad s\u0101ku skat\u012bties \u0161o &#8220;Kasperv\u012bziju&#8221;, t\u0101 bija tik brut\u0101la propaganda, ka tas jau lik\u0101s smiekl\u012bgi.\u00a0<\/p>\n<blockquote>\n<p style=\"margin-left:0cm; margin-right:0cm\">1991. gad\u0101 neviens to neskat\u012bj\u0101s, bet \u0161odien Lietuv\u0101 ir pilns ar da\u017e\u0101d\u0101m Krem\u013ca iedvesmot\u0101m &#8220;alternat\u012bvaj\u0101m zi\u0146\u0101m&#8221;, kas par\u0101d\u0101s da\u017e\u0101dos &#8220;Youtube&#8221; kan\u0101los. T\u0101s ir piln\u012bgas &#8220;Kasperv\u012bzijas&#8221; kopijas! T\u0101p\u0113c s\u0101kum\u0101 man bija doma tais\u012bt filmu par \u0161o &#8220;Kasperv\u012bziju&#8221;.<\/p>\n<\/blockquote>\n<p style=\"margin-left:0cm; margin-right:0cm\">Bet tad s\u0101k\u0101s pand\u0113mija un noska\u0146ojums valst\u012b bija tik negat\u012bvs, ka man vairs nebija v\u0113l\u0113\u0161an\u0101s str\u0101d\u0101t pie filmas par negat\u012bvu varoni. Grib\u0113ju doties \u0101r\u0101 no telev\u012bzijas \u0113kas, un tuv\u0101kais galam\u0113r\u0137is \u0101rpus \u0113kas bija \u0161is badastreika vagoni\u0146\u0161. Tas ir re\u0101ls st\u0101sts: 1991. gada mart\u0101 da\u017ei telev\u012bzijas darbinieki, kuri nebija TV p\u0101rrai\u017eu pirmaj\u0101s rind\u0101s un nebija p\u0101rc\u0113lu\u0161ies uz Kau\u0146u, konkr\u0113ti tr\u012bs programmas &#8220;Akistata&#8221; veidot\u0101ji, atveda pie telev\u012bzijas \u0113kas treileri un s\u0101ka badastreiku, aicinot citus medija darbiniekus pievienoties. Un t\u0101 tas turpin\u0101j\u0101s l\u012bdz pat 1991. gada augusta pu\u010dam.\u00a0<\/p>\n<p style=\"margin-left:0cm; margin-right:0cm\">Kad pu\u010ds izg\u0101z\u0101s, cilv\u0113ki sapulc\u0113j\u0101s ap \u0161o vagoni\u0146u un gaid\u012bja, kam\u0113r padomju tanki un milit\u0101risti pameta Lietuvas radio un telev\u012bzijas \u0113ku. Ir dokument\u0101li kadri, k\u0101 cilv\u0113ki atgrie\u017eas \u0113k\u0101 un ierauga piln\u012bgi izdemol\u0113tas telpas. Lietuvas Telev\u012bzijai tolaik bija jauns jap\u0101\u0146u apr\u012bkojums, kas 1990.\u00a0gad\u0101 bija uzd\u0101vin\u0101ts tikko neatkar\u012bbu atguvu\u0161ajai Lietuvai, un tas viss, protams, bija izzagts. Visur bija net\u012brumi, m\u0113sli, v\u0113mek\u013ci \u2013 viss, ko krievi tur bija atst\u0101ju\u0161i. Skat\u012bjos \u0161os kadrus, un man pr\u0101t\u0101 \u013coti palika epizode, kur\u0101 divi cilv\u0113ki st\u0101v k\u0101d\u0101 no izpost\u012btaj\u0101m telp\u0101m.\u00a0<\/p>\n<blockquote>\n<p style=\"margin-left:0cm; margin-right:0cm\">\u017durn\u0101lists jaut\u0101: &#8220;Ko j\u016bs pl\u0101nojat dar\u012bt?&#8221; Un interv\u0113jamais atbild: &#8220;Nezinu, dar\u012b\u0161u to, ko m\u0101ku, un s\u0101k\u0161u visu no jauna.&#8221;\u00a0<\/p>\n<\/blockquote>\n<p style=\"margin-left:0cm; margin-right:0cm\">Taj\u0101 br\u012bd\u012b s\u0101ku dom\u0101t: varb\u016bt TAS ir tas st\u0101sts, ar ko man vajadz\u0113tu s\u0101kt. Es zin\u0101ju cilv\u0113kus, kuri s\u0101ka badastreiku, un daudz ar vi\u0146iem sarun\u0101jos. S\u0101kum\u0101 vi\u0146i teica, ka \u2013 j\u0101, protams, tas bija br\u012bv\u0101s Lietuvas v\u0101rd\u0101, bet, parun\u0101joties vair\u0101k, k\u013cuva skaidrs, ka katram no vi\u0146iem bija v\u0113l k\u0101di iemesli atrasties \u0161aj\u0101 vagoni\u0146\u0101. K\u0101ds grib\u0113ja pavad\u012bt laiku kop\u0101 ar kol\u0113\u0123i, kas vi\u0146am patika, un tas bija le\u0123it\u012bms veids, k\u0101 to dar\u012bt. K\u0101dam negrib\u0113j\u0101s b\u016bt m\u0101j\u0101s, kur vi\u0146us gaid\u012bja sare\u017e\u0123\u012btas attiec\u012bbas ar laul\u0101to\u2026 Veidojot filmas t\u0113lus, es m\u0113\u0123in\u0101ju rad\u012bt t\u0101du k\u0101 laikmeta arhetipu. K\u0101ds, kur\u0161 j\u016btas vain\u012bgs; k\u0101ds, kuram ir vientu\u013ci.\u00a0<\/p>\n<blockquote>\n<p style=\"margin-left:0cm; margin-right:0cm\">Vairums no filmas varo\u0146iem ir vientu\u013ci cilv\u0113ki, kuri mekl\u0113 cilv\u0113cisku siltumu.\u00a0<\/p>\n<\/blockquote>\n<p style=\"margin-left:0cm; margin-right:0cm\">Es daudz esmu str\u0101d\u0101jis ar arh\u012bva materi\u0101liem no 1991. gada, jo man \u0161is laiks ir personiski \u013coti d\u0101rgs. T\u0101s ir manas sen\u0101k\u0101s apzin\u0101t\u0101s atmi\u0146as. Tolaik dz\u012bvoju otrpus ielai pret\u012b krievu milit\u0101rajai b\u0101zei, no kuras armijnieki brauca uz telev\u012bzijas \u0113ku. Esmu dzimis 1987. gad\u0101, un manas pirm\u0101s atmi\u0146as ir no t\u0101 vakara, kad telev\u012bziju ie\u0146\u0113ma padomju armija un pazuda sign\u0101ls televizor\u0101.\u00a0<\/p>\n<p style=\"margin-left:0cm; margin-right:0cm\"><img decoding=\"async\" src=\"https:\/\/www.europesays.com\/lv\/wp-content\/uploads\/2026\/01\/sely.png\" alt=\"Filma &quot;Janv\u0101ra gaisma&quot;\"\/>Filma &#8220;Janv\u0101ra gaisma&#8221;<\/p>\n<p>Foto: Publicit\u0101tes att\u0113ls<\/p>\n<\/p>\n<p style=\"margin-left:0cm; margin-right:0cm\">Man ir l\u012bdz\u012bgi \u2013 man tikpat neizdz\u0113\u0161ama b\u0113rn\u012bbas atmi\u0146a ir diktores Veltas Puri\u0146as p\u0113d\u0113jie v\u0101rdi \u0113ter\u0101 augusta pu\u010da laik\u0101. <\/p>\n<p style=\"margin-left:0cm; margin-right:0cm\">J\u0101, t\u0101 laikam ir daudziem m\u016bsu paaudz\u0113 \u2013 m\u016bsu pirm\u0101s atmi\u0146as ir tie\u0161i par 1991. gada notikumiem. Zinu daudzus draugus, kuriem ir tie\u0161i t\u0101pat \u2013 vi\u0146i prec\u012bzi atceras tos kadrus, kad Lietuvas Telev\u012bzijas diktore kadr\u0101 saka: &#8220;M\u0113s joproj\u0101m te esam, m\u0113s joproj\u0101m run\u0101jam\u2026&#8221;, tad redzami armijnieki TV gaite\u0146os un sign\u0101ls p\u0101rtr\u016bkst.\u00a0<\/p>\n<p style=\"margin-left:0cm; margin-right:0cm\">Zin\u0101t, kad es 2013. gad\u0101 s\u0101ku str\u0101d\u0101t Lietuvas Telev\u012bzij\u0101 k\u0101 starptautisko zi\u0146u korespondents, bija k\u0101da nakts, kad es p\u0113k\u0161\u0146i attapos septi\u0146u stundu tie\u0161aj\u0101 \u0113ter\u0101. Tas bija toreiz, kad &#8220;Berkut&#8221; kaujinieki ielenca Maidana laukumu Kijiv\u0101. T\u0101s bija manas ugunskrist\u012bbas. Biju sagatavojis raid\u012b\u0161anai pavisam citus si\u017eetus, bet beig\u0101s n\u0101c\u0101s iet &#8220;Panor\u0101mas&#8221; tie\u0161aj\u0101 \u0113ter\u0101 un palikt tur l\u012bdz pus\u010detriem r\u012bt\u0101.\u00a0<\/p>\n<blockquote>\n<p style=\"margin-left:0cm; margin-right:0cm\">Un es s\u0113d\u0113ju taj\u0101 pa\u0161\u0101 studij\u0101 un kr\u0113sl\u0101, kur toreiz, 1991. gad\u0101, s\u0113d\u0113ja t\u0101 zi\u0146u diktore\u2026 Tikai \u0161oreiz \u0161\u0101du nakti piedz\u012bvoja Kijiva.\u00a0<\/p>\n<\/blockquote>\n<p style=\"margin-left:0cm; margin-right:0cm\">Atceros, ka m\u0113s zvan\u012bj\u0101m k\u0101dam v\u012brietim, kur\u0161 atrad\u0101s Maidana laukum\u0101. P\u0113c tam vi\u0146\u0161 k\u0101pa uz skatuves un uzrun\u0101 citiem teica: m\u0113s nezin\u0101m, kas t\u0101l\u0101k notiks, bet es tikko run\u0101ju ar Lietuvas Telev\u012bziju, un, ja nu viss b\u016bs slikti, vismaz ziniet \u2013 vi\u0146i to redz\u0113s! Un 1991. gada 13. janv\u0101r\u012b mans t\u0113vs bija Lietuvas parlament\u0101, un vi\u0146\u0161 man atst\u0101st\u012bja tie\u0161i to pa\u0161u: vi\u0146\u0161 bija st\u0101v\u0113jis pie loga ar \u0137ie\u0123eli rok\u0101s, lai aizst\u0101v\u0113tu parlamenta \u0113ku pret krievu karav\u012briem, ja vi\u0146i nolemtu to ie\u0146emt. Un miera saj\u016btu bija devis vien tas, ka l\u012bdz\u0101s atrad\u0101s k\u0101ds jap\u0101\u0146u \u017eurn\u0101lists, kur\u0161 tobr\u012bd p\u0101rraid\u012bja notieko\u0161o uz Tokiju.\u00a0<\/p>\n<blockquote>\n<p style=\"margin-left:0cm; margin-right:0cm\">Un mans t\u0113vs teica: ja viss b\u016bs slikti, vismaz cilv\u0113ki \u0101rpasaul\u0113 to redz\u0113s.\u00a0<\/p>\n<\/blockquote>\n<p style=\"margin-left:0cm; margin-right:0cm\">Un taj\u0101 Maidana nakt\u012b es k\u013cuvu par \u0161\u0101du &#8220;jap\u0101ni&#8221; ukrai\u0146iem. Notikumi turpin\u0101ja atk\u0101rtoties, t\u0101p\u0113c man \u0161is st\u0101sts un t\u0101 varo\u0146i bija \u013coti tuvi.\u00a0<\/p>\n<p style=\"margin-left:0cm; margin-right:0cm\"><img decoding=\"async\" src=\"https:\/\/www.europesays.com\/lv\/wp-content\/uploads\/2026\/01\/selw.png\" alt=\"Filma &quot;Janv\u0101ra gaisma&quot;\"\/>Filma &#8220;Janv\u0101ra gaisma&#8221;<\/p>\n<p>Foto: Publicit\u0101tes att\u0113ls<\/p>\n<\/p>\n<p style=\"margin-left:0cm; margin-right:0cm\">Ta\u010du 1991. gada janv\u0101ra notikumi daudziem joproj\u0101m ir \u013coti nesena v\u0113sture, un dro\u0161i vien katram ir viedoklis par to, k\u0101 tie b\u016btu atainojami m\u0101kslas film\u0101. Vai tas, ka esat no jaun\u0101kas paaudzes un tolaik bij\u0101t mazs b\u0113rns, \u013cauj jums cit\u0101di paskat\u012bties uz \u0161iem notikumiem?\u00a0\u00a0<\/p>\n<p style=\"margin-left:0cm; margin-right:0cm\">Man jau liekas, ka vecumam nav noz\u012bmes. Ja tev \u0161is st\u0101sts ir svar\u012bgs, tad tas t\u0101ds ir. Ja tu pamani, k\u0101 v\u0113sture iet uz ri\u0146\u0137i un k\u0101 m\u0113s Baltijas valst\u012bs atkal esam l\u012bdz\u012bg\u0101 situ\u0101cij\u0101\u2026 Mana iepriek\u0161\u0113j\u0101 sp\u0113lfilma &#8220;Nova Lituania&#8221; bija par gadu pirms Otr\u0101 pasaules kara, un varb\u016bt m\u0113s pa\u0161laik esam dr\u012bz\u0101k \u0161\u0101d\u0101 punkt\u0101 nek\u0101 1991. gad\u0101\u2026 Jo imp\u0113rija pa\u0161laik nesagr\u016bst.\u00a0<\/p>\n<blockquote>\n<p style=\"margin-left:0cm; margin-right:0cm\">M\u0113s dr\u012bz\u0101k esam ce\u013c\u0101 uz k\u0101du kulmin\u0101ciju, par kuru m\u0113s v\u0113l neko nezin\u0101m.\u00a0<\/p>\n<\/blockquote>\n<p style=\"margin-left:0cm; margin-right:0cm\">M\u0113s nezin\u0101m, cik daudz cie\u0161anu t\u0101 nes\u012bs. Bet man ir svar\u012bgi, lai m\u0113s neatk\u0101rtotu to pa\u0161u k\u013c\u016bdu ko 1940. gad\u0101, kad klus\u0113jot dev\u0101mies imp\u0113rijas skav\u0101s. Es to dom\u0101ju par mums visiem \u2013 gan Lietuvu, gan Latviju un Igauniju. Somi t\u0101 nedar\u012bja. Un \u0161oreiz mums no vi\u0146iem ir j\u0101m\u0101c\u0101s:\u00a0<\/p>\n<blockquote>\n<p style=\"margin-left:0cm; margin-right:0cm\">ir j\u0101pretojas un j\u0101ko\u017e pret\u012b, k\u0101 vien sp\u0113jam.\u00a0<\/p>\n<\/blockquote>\n<p style=\"margin-left:0cm; margin-right:0cm\">Manu vec\u0101ku paaudz\u0113 ir daudz cilv\u0113ku, kuri man nepiekr\u012bt un teiktu, ka esam p\u0101r\u0101k mazi un nesp\u0113jam pretoties. Vi\u0146iem ir t\u0101da mazliet verdziska pado\u0161an\u0101s mentalit\u0101te, kas, manupr\u0101t, ir diezgan izplat\u012bta visur Baltijas valst\u012bs. M\u0113s esam p\u0101r\u0101k mazi, esam krustcel\u0113s, mums tas j\u0101p\u0101rcie\u0161, ko gan m\u0113s varam ies\u0101kt\u2026\u00a0<\/p>\n<blockquote>\n<p style=\"margin-left:0cm; margin-right:0cm\">Es necie\u0161u \u0161o koloniz\u0113to dom\u0101\u0161anu.\u00a0<\/p>\n<\/blockquote>\n<p>            <img decoding=\"async\" src=\"https:\/\/www.europesays.com\/lv\/wp-content\/uploads\/2026\/01\/sgv2.png\" alt=\"Karolis Kaupinis\"\/><\/p>\n<p>Karolis Kaupinis<\/p>\n<p>Foto: no Karo\u013ca Kaupi\u0146a person\u012bg\u0101 arh\u012bva<\/p>\n<\/p>\n<p style=\"margin-left:0cm; margin-right:0cm\">Bet vai tas, ka esat no paaudzes, kas barik\u0101\u017eu laiku piedz\u012bvoja tikai k\u0101 mazi b\u0113rni, deva jums liel\u0101ku br\u012bv\u012bbu st\u0101st\u012bt par \u0161o laiku no netipisk\u0101ka le\u0146\u0137a nek\u0101 k\u0101dam, kur\u0161 tolaik jau bija pieaudzis un varb\u016bt ir piesardz\u012bg\u0101ks pret to, k\u0101 par \u0161iem notikumiem &#8220;dr\u012bkst&#8221; run\u0101t m\u0101kslas valod\u0101?\u00a0\u00a0<\/p>\n<p style=\"margin-left:0cm; margin-right:0cm\">J\u0101, tas gan. \u0160ai zi\u0146\u0101 mans vecums \u013cauj man vair\u0101k ie\u0146emt nov\u0113rot\u0101ja poz\u012bciju. \u0160aj\u0101 film\u0101 m\u0113s necen\u0161amies restaur\u0113t v\u0113sturi, laikmets vair\u0101k ir noska\u0146as veidot\u0101js. J\u0101, m\u0113s izmantojam konkr\u0113tas deta\u013cas, konkr\u0113tus mirk\u013cus, bet \u0161\u012b nav v\u0113sturiska filma. T\u0101 ir filma par vientul\u012bbu un cer\u012bbu, kas izmanto v\u0113sturi k\u0101 scenogr\u0101fiju.\u00a0<\/p>\n<p style=\"margin-left:0cm; margin-right:0cm\">J\u016bs jau piemin\u0113j\u0101t savu pirmo sp\u0113lfilmu &#8220;Nova Lituania&#8221;, kas izn\u0101ca 2019. gad\u0101 un kur\u0101 st\u0101sts ir par k\u0101du \u0123eogr\u0101fijas profesoru, kur\u0161 mudina veidot &#8220;rezerves Lietuvu&#8221; k\u0101d\u0101 tropisk\u0101 sal\u0101 ar &#8220;atsl\u0113gas&#8221; cilv\u0113kiem, lai valsts turpin\u0101tu past\u0101v\u0113t, ja notiktu \u013caun\u0101kais. \u0160\u012b neparast\u0101 filma bija viens no iemesliem, k\u0101d\u0113\u013c t\u016bl\u012bt piev\u0113rsu uzman\u012bbu ar\u012b j\u016bsu jaun\u0101kajam darbam &#8220;Janv\u0101ra gaisma&#8221;. Man \u0161\u0137ita \u013coti interesants tas veids, k\u0101 j\u016bs \u0146emat par pamatu v\u0113sturiskus notikumus, bet ieraug\u0101t tajos \u0161os dzi\u013ci cilv\u0113ciskos, subjekt\u012bvos st\u0101stus. K\u0101 j\u016bs non\u0101c\u0101t l\u012bdz \u0161\u0101dam st\u0101stniec\u012bbas veidam? <\/p>\n<p style=\"margin-left:0cm; margin-right:0cm\">Pat \u012bsti nezinu. Man \u013coti pat\u012bk v\u0113sture, es daudz lasu, un, ienirstot v\u0113stures notikumos dzi\u013c\u0101k par virsk\u0101rtu un svar\u012bg\u0101kajiem gadskait\u013ciem, tu s\u0101c iepaz\u012bt ar\u012b subjekt\u012bvo atmi\u0146u, piem\u0113ram, dienasgr\u0101matas. Un tu pamani, ka laiks \u012bsi PIRMS vai P\u0112C kaut k\u0101, kas v\u0113l\u0101k k\u013c\u016bst par v\u0113sturisku notikumu (bet ko m\u0113s taj\u0101 laik\u0101 v\u0113l neapzin\u0101mies k\u0101 t\u0101du), ir pats interesant\u0101kais.<\/p>\n<blockquote>\n<p style=\"margin-left:0cm; margin-right:0cm\">Da\u017eas dienas pirms kara s\u0101kuma\u2026 da\u017ei m\u0113ne\u0161i starp 13. janv\u0101ri un pu\u010du\u2026 Man tie \u0161\u0137iet pa\u0161i interesant\u0101kie laiki, un man ir saj\u016bta, ka ar\u012b m\u0113s t\u0101d\u0101 jau k\u0101du laiku dz\u012bvojam.\u00a0<\/p>\n<\/blockquote>\n<p style=\"margin-left:0cm; margin-right:0cm\">\u0160aj\u0101 &#8220;pirms&#8221;. Laiks &#8220;p\u0113c&#8221; ir beidzies, un m\u0113s atkal esam laik\u0101 &#8220;pirms&#8221;.\u00a0<\/p>\n<p style=\"margin-left:0cm; margin-right:0cm\">Ta\u010du, lai cik saspringts b\u016btu laikmets, sav\u0101s film\u0101s j\u016bs sp\u0113jat par to run\u0101t ar zin\u0101mu humoru un \u0161\u0137ipsni\u0146u absurda. \u0160\u0137iet, ka pat pesimistiskos br\u012b\u017eos sp\u0113jat atrast, par ko pasmaid\u012bt. &#8220;Janv\u0101ra gaismas&#8221; inton\u0101cijas man br\u012b\u017eam lika dom\u0101t par jums k\u0101 par t\u0101du k\u0101 somu re\u017eisora Aki Kaurismeki lietuvie\u0161u radinieku.\u00a0\u00a0<\/p>\n<p style=\"margin-left:0cm; margin-right:0cm\">To ir \u013coti pat\u012bkami dzird\u0113t, &#8220;Kaurismeki radinieks&#8221; man ir kompliments. Neskatos vi\u0146a filmas no r\u012bta l\u012bdz vakaram, bet man tie\u0161\u0101m pat\u012bk Kaurismeki sausais humors. Un man \u0161\u0137iet, ka humors vi\u0146a film\u0101s ir, pirmk\u0101rt, pa\u0161a re\u017eisora sp\u0113ja b\u016bt ironiskam pret sevi. Jo re\u017eisori parasti filmas varo\u0146os ieraksta kaut ko no sevis \u2013 k\u0101das \u012bpa\u0161\u012bbas, ilgas, motiv\u0101ciju\u2026\u00a0<\/p>\n<blockquote>\n<p style=\"margin-left:0cm; margin-right:0cm\">Ja v\u0113lies film\u0101 god\u012bgi run\u0101t par to, k\u0101 redzi pasauli, tev pirmk\u0101rt j\u0101b\u016bt god\u012bgam pa\u0161am pret sevi. Man \u0161\u0137iet, ka ironija pal\u012bdz neuztvert sevi p\u0101r\u0101k nopietni, un tas rada emp\u0101tiju citos.\u00a0<\/p>\n<\/blockquote>\n<p style=\"margin-left:0cm; margin-right:0cm\">Man bie\u017ei ir gad\u012bjies piedz\u012bvot smagas situ\u0101cijas \u2013 piem\u0113ram, tu s\u0113di radinieka b\u0113r\u0113s un v\u0113ro, k\u0101 citi cen\u0161as tikt gal\u0101 ar milz\u012bgaj\u0101m s\u0113r\u0101m un zaud\u0113juma s\u0101p\u0113m, koncentr\u0113joties uz t\u0101diem s\u012bkumiem k\u0101, piem\u0113ram, gur\u0137u grie\u0161ana \u0161\u0137\u0113l\u0113s, ko v\u0113l\u0101k likt uz maiz\u012bt\u0113m b\u0113ru mielast\u0101, un vis\u0101 nopietn\u012bb\u0101 str\u012bdoties par to, cik biez\u0101m \u0161\u012bm \u0161\u0137\u0113l\u012bt\u0113m j\u0101b\u016bt. Raugoties no malas, tu redzi, ka t\u0101 ir pa\u0161aizsardz\u012bbas reakcija.\u00a0<\/p>\n<blockquote>\n<p style=\"margin-left:0cm; margin-right:0cm\">Un \u0161aj\u0101 film\u0101 ir l\u012bdz\u012bgi: varo\u0146iem b\u016btu j\u0101skat\u0101s ac\u012bs apk\u0101rt notieko\u0161ajam, bet vi\u0146i ne vienm\u0113r sp\u0113j asoci\u0113ties ar \u0161o absurdu.\u00a0<\/p>\n<\/blockquote>\n<p style=\"margin-left:0cm; margin-right:0cm\">Filmas ska\u0146u dizaineram pieder teiciens, ka labai filmai j\u0101b\u016bt kaut kur pa vidu starp joku un n\u0101vi. Starp tra\u0123\u0113diju un kom\u0113diju. Un t\u0101 visa netr\u016bkst ar\u012b \u0161odien. Piem\u0113ram, filmas ska\u0146u dizain\u0101 mums vajadz\u0113ja ierakstus, kur fon\u0101 k\u0101ds krieviski kliegtu un lam\u0101tos. Mums ar ska\u0146u dizaineru t\u0101s ir b\u0113rn\u012bbas atmi\u0146as, jo dz\u012bvoj\u0101m Vi\u013c\u0146as gu\u013camrajonos un labi atceramies t\u0101s piedz\u0113ru\u0161o krievu pusaud\u017eu lamas pagalm\u0101, atverot logu. Ar\u012b \u0161odien \u0161\u012bs brut\u0101l\u0101s, imperi\u0101l\u0101s lamas mums Baltij\u0101 visu laiku ir kaut kur fon\u0101\u2026 M\u0113s skat\u012bj\u0101mies daudzus tvitervideo no kara Ukrain\u0101 un vienk\u0101r\u0161i s\u0101k\u0101m \u0146emt ierakstus ar krievu karav\u012bru lam\u0101\u0161anos un likt tos m\u016bsu film\u0101.\u00a0<\/p>\n<blockquote>\n<p style=\"margin-left:0cm; margin-right:0cm\">Vien\u0101 br\u012bd\u012b ir pat ska\u0146a no ieraksta, kur Prigo\u017eins kliedz uz cietumniekiem\u2026<\/p>\n<\/blockquote>\n<p style=\"margin-left:0cm; margin-right:0cm\">T\u0101 ka m\u016bsu film\u0101 ir ar\u012b dokument\u0101las ska\u0146as. Un ar\u012b taj\u0101 ir mazliet skumja humora.\u00a0<\/p>\n<p style=\"margin-left:0cm; margin-right:0cm\">Pirms intervijas teic\u0101t, ka pa\u0161laik esat aiz\u0146emts ne vien kino darb\u0101, bet ar\u012b saist\u012bb\u0101 ar notikumiem Lietuvas politik\u0101. <\/p>\n<p style=\"margin-left:0cm; margin-right:0cm\">P\u0113rn\u0101 gada oktobr\u012b m\u016bsu populistu partija &#8220;Nem\u016bnas r\u012btausma&#8221;, ko m\u0113s uzskat\u0101m par Kremlim draudz\u012bgu sp\u0113ku politisko projektu, sa\u0146\u0113ma kult\u016bras ministra portfeli soci\u0101ldemokr\u0101tu vald\u012bb\u0101. M\u0113s labi zin\u0101m, kas tam sekoja Slov\u0101kij\u0101 un Ung\u0101rij\u0101, un m\u0113s negrib\u0113j\u0101m pie\u013caut to pa\u0161u Lietuv\u0101. Tas viss notika \u013coti p\u0113k\u0161\u0146i, jo soci\u0101ldemokr\u0101ti pirms v\u0113l\u0113\u0161an\u0101m bija apsol\u012bju\u0161i, ka to nekad nedar\u012bs, un prezidents bija apsol\u012bjis, ka to nepie\u013caus, bet tas tom\u0113r notika.\u00a0<\/p>\n<blockquote>\n<p style=\"margin-left:0cm; margin-right:0cm\">Un nebija neviena, kas to aptur\u0113tu, iz\u0146emot pa\u0161u kult\u016bras nozari. M\u0113s apvienoj\u0101mies kust\u012bb\u0101 &#8220;Lietuvas kult\u016bras asambleja&#8221;, dev\u0101mies protestos un galu gal\u0101 novembr\u012b padzin\u0101m vi\u0146us no Kult\u016bras ministrijas.\u00a0<\/p>\n<\/blockquote>\n<p style=\"margin-left:0cm; margin-right:0cm\">Tad vi\u0146i par savu m\u0113r\u0137i izv\u0113l\u0113j\u0101s sabiedrisko mediju, un m\u0113s turpin\u0101j\u0101m protest\u0113t kop\u0101 ar \u017eurn\u0101listiem.\u00a0<\/p>\n<p style=\"margin-left:0cm; margin-right:0cm\">Tagad vi\u0146i dodas aizsardz\u012bbas nozares virzien\u0101, bet karav\u012bri nedr\u012bkst protest\u0113t\u2026 T\u0101 ka mums b\u016bs j\u0101protest\u0113 ar\u012b par vi\u0146iem. Man \u0161\u0137iet, ka 2026. gads \u0161eit, Lietuv\u0101, b\u016bs \u013coti spraigs, jo vismaz internet\u0101 m\u0113s redzam ar\u012b milz\u012bgu krievu naudas piepl\u016bdumu un ietekmes m\u0113\u0123in\u0101jumus ar visiem botiem, naida runu, m\u0113\u0123in\u0101jumus diskredit\u0113t Lietuvas neatkar\u012bbu, t\u0101s atjaunot\u0101jus un aizsardz\u012bbas nozari\u2026\u00a0<\/p>\n<blockquote>\n<p style=\"margin-left:0cm; margin-right:0cm\">M\u0113s to redzam k\u0101 milz\u012bgu hibr\u012bdoper\u0101ciju. Un, k\u0101 jau s\u0101kum\u0101 teicu, \u2013 es nevaru pie\u013caut, ka tas notiek. Mums ir j\u0101turas pretim, un m\u0113s \u2013 m\u0101kslinieki un kult\u016bras kopiena \u2013 bij\u0101m pirmie, kas to s\u0101ka dar\u012bt.\u00a0<\/p>\n<\/blockquote>\n","protected":false},"excerpt":{"rendered":"13. janv\u0101r\u012b Latvijas pirmizr\u0101di piedz\u012bvoja lietuvie\u0161u re\u017eisora Karo\u013ca Kaupi\u0146a (Karolis Kaupinis)\u00a0filma\u00a0&#8220;Janv\u0101ra gaisma&#8221;. Datums nav izv\u0113l\u0113ts nejau\u0161i \u2013 filmas&hellip;\n","protected":false},"author":2,"featured_media":105375,"comment_status":"","ping_status":"","sticky":false,"template":"","format":"standard","meta":{"footnotes":""},"categories":[19],"tags":[89,90,35,39,38,36,37,34,40],"class_list":{"0":"post-105374","1":"post","2":"type-post","3":"status-publish","4":"format-standard","5":"has-post-thumbnail","7":"category-izklaide","8":"tag-entertainment","9":"tag-izklaide","10":"tag-latvia","11":"tag-latvian","12":"tag-latviesu","13":"tag-latviesu-valoda","14":"tag-latviesuvaloda","15":"tag-latvija","16":"tag-lv"},"share_on_mastodon":{"url":"https:\/\/pubeurope.com\/@lv\/115898709792202462","error":""},"_links":{"self":[{"href":"https:\/\/www.europesays.com\/lv\/wp-json\/wp\/v2\/posts\/105374","targetHints":{"allow":["GET"]}}],"collection":[{"href":"https:\/\/www.europesays.com\/lv\/wp-json\/wp\/v2\/posts"}],"about":[{"href":"https:\/\/www.europesays.com\/lv\/wp-json\/wp\/v2\/types\/post"}],"author":[{"embeddable":true,"href":"https:\/\/www.europesays.com\/lv\/wp-json\/wp\/v2\/users\/2"}],"replies":[{"embeddable":true,"href":"https:\/\/www.europesays.com\/lv\/wp-json\/wp\/v2\/comments?post=105374"}],"version-history":[{"count":0,"href":"https:\/\/www.europesays.com\/lv\/wp-json\/wp\/v2\/posts\/105374\/revisions"}],"wp:featuredmedia":[{"embeddable":true,"href":"https:\/\/www.europesays.com\/lv\/wp-json\/wp\/v2\/media\/105375"}],"wp:attachment":[{"href":"https:\/\/www.europesays.com\/lv\/wp-json\/wp\/v2\/media?parent=105374"}],"wp:term":[{"taxonomy":"category","embeddable":true,"href":"https:\/\/www.europesays.com\/lv\/wp-json\/wp\/v2\/categories?post=105374"},{"taxonomy":"post_tag","embeddable":true,"href":"https:\/\/www.europesays.com\/lv\/wp-json\/wp\/v2\/tags?post=105374"}],"curies":[{"name":"wp","href":"https:\/\/api.w.org\/{rel}","templated":true}]}}