{"id":105379,"date":"2026-01-15T10:49:08","date_gmt":"2026-01-15T10:49:08","guid":{"rendered":"https:\/\/www.europesays.com\/lv\/105379\/"},"modified":"2026-01-15T10:49:08","modified_gmt":"2026-01-15T10:49:08","slug":"aicina-uz-seminaru-par-lidzfinansejumu-dzivojamo-maju-pielagosanai-patvertnu-izveidei","status":"publish","type":"post","link":"https:\/\/www.europesays.com\/lv\/105379\/","title":{"rendered":"Aicina uz semin\u0101ru par l\u012bdzfinans\u0113jumu dz\u012bvojamo m\u0101ju piel\u0101go\u0161anai patvert\u0146u izveidei"},"content":{"rendered":"<p>Ceturtdien, 22. janv\u0101r\u012b, plkst. 18.00 R\u012bgas pa\u0161vald\u012bba aicina uz semin\u0101ru \u201cR\u012bgas l\u012bdzfinans\u0113jums dz\u012bvojamo m\u0101ju piel\u0101go\u0161anai patvert\u0146u izveidei 2026. gad\u0101\u201d. Semin\u0101rs notiks \u201cKoka R\u012bga\u201d telp\u0101s, Kr\u0101sot\u0101ju iel\u0101 12.<\/p>\n<p>Semin\u0101r\u0101 R\u012bgas pa\u0161vald\u012bbas \u012apa\u0161uma departamenta speci\u0101listi inform\u0113s par l\u012bdzfinans\u0113juma programmu konkursu noteikumiem, par minim\u0101laj\u0101m pras\u012bb\u0101m patvert\u0146u ier\u012bko\u0161anai, pras\u012bb\u0101m l\u012bdzfinans\u0113juma sa\u0146\u0113m\u0113jiem, attiecin\u0101maj\u0101m un atbalst\u0101maj\u0101m izmaks\u0101m, projektam nepiecie\u0161amajiem dokumentiem un citiem jaut\u0101jumiem.<\/p>\n<p>Programmu administr\u0113\u0161anu nodro\u0161ina R\u012bgas pa\u0161vald\u012bbas \u012apa\u0161uma departaments.<\/p>\n<p>Inform\u0101cija par programm\u0101m un projektu nolikumi pieejami t\u012bmek\u013cvietn\u0113 <a href=\"http:\/\/www.atjauno.riga.lv\/\" target=\"_blank\" rel=\"nofollow noopener\">www.atjauno.riga.lv<\/a>.<\/p>\n<p>Re\u0123istr\u0101cija dal\u012bbai semin\u0101ram kl\u0101tien\u0113, aizpildot pieteikuma anketu: <a href=\"https:\/\/docs.google.com\/forms\/d\/e\/1FAIpQLSd0n-s2UXRqvzA3mXij0dbQDL1yIw3WGE_l64yHhjtWnsqYiw\/viewform\" target=\"_blank\" rel=\"nofollow noopener\">R\u012bgas l\u012bdzfinans\u0113jums dz\u012bvojamo m\u0101ju piel\u0101go\u0161anai patvert\u0146u izveidei 2026. gad\u0101<\/a> vai zvanot pa t\u0101lruni +371 67181015.<\/p>\n<p>          <img decoding=\"async\" src=\"https:\/\/www.europesays.com\/lv\/wp-content\/uploads\/2026\/01\/1768467666_223_logo-lv.png\" alt=\"\"\/><\/p>\n<p>                  \u0160\u012b inform\u0101cija ir publisks pazi\u0146ojums un neatspogu\u013co LV port\u0101la viedokli. Par t\u0101s saturu atbild ies\u016bt\u012bt\u0101js. <a data-popup=\"rules\">Public\u0113\u0161anas noteikumi<\/a><\/p>\n","protected":false},"excerpt":{"rendered":"Ceturtdien, 22. janv\u0101r\u012b, plkst. 18.00 R\u012bgas pa\u0161vald\u012bba aicina uz semin\u0101ru \u201cR\u012bgas l\u012bdzfinans\u0113jums dz\u012bvojamo m\u0101ju piel\u0101go\u0161anai patvert\u0146u izveidei 2026.&hellip;\n","protected":false},"author":2,"featured_media":95583,"comment_status":"","ping_status":"","sticky":false,"template":"","format":"standard","meta":{"footnotes":""},"categories":[5],"tags":[23,28,29,32,33,22,30,31,35,39,38,36,37,34,40,20,26,27,24,25,21],"class_list":{"0":"post-105379","1":"post","2":"type-post","3":"status-publish","4":"format-standard","5":"has-post-thumbnail","7":"category-aktualitates","8":"tag-aktualitates","9":"tag-breaking-news","10":"tag-breakingnews","11":"tag-featured-news","12":"tag-featurednews","13":"tag-headlines","14":"tag-latest-news","15":"tag-latestnews","16":"tag-latvia","17":"tag-latvian","18":"tag-latviesu","19":"tag-latviesu-valoda","20":"tag-latviesuvaloda","21":"tag-latvija","22":"tag-lv","23":"tag-news","24":"tag-popularakas-zinas","25":"tag-popularakaszinas","26":"tag-top-stories","27":"tag-topstories","28":"tag-zinas"},"share_on_mastodon":{"url":"https:\/\/pubeurope.com\/@lv\/115898729358486080","error":""},"_links":{"self":[{"href":"https:\/\/www.europesays.com\/lv\/wp-json\/wp\/v2\/posts\/105379","targetHints":{"allow":["GET"]}}],"collection":[{"href":"https:\/\/www.europesays.com\/lv\/wp-json\/wp\/v2\/posts"}],"about":[{"href":"https:\/\/www.europesays.com\/lv\/wp-json\/wp\/v2\/types\/post"}],"author":[{"embeddable":true,"href":"https:\/\/www.europesays.com\/lv\/wp-json\/wp\/v2\/users\/2"}],"replies":[{"embeddable":true,"href":"https:\/\/www.europesays.com\/lv\/wp-json\/wp\/v2\/comments?post=105379"}],"version-history":[{"count":0,"href":"https:\/\/www.europesays.com\/lv\/wp-json\/wp\/v2\/posts\/105379\/revisions"}],"wp:featuredmedia":[{"embeddable":true,"href":"https:\/\/www.europesays.com\/lv\/wp-json\/wp\/v2\/media\/95583"}],"wp:attachment":[{"href":"https:\/\/www.europesays.com\/lv\/wp-json\/wp\/v2\/media?parent=105379"}],"wp:term":[{"taxonomy":"category","embeddable":true,"href":"https:\/\/www.europesays.com\/lv\/wp-json\/wp\/v2\/categories?post=105379"},{"taxonomy":"post_tag","embeddable":true,"href":"https:\/\/www.europesays.com\/lv\/wp-json\/wp\/v2\/tags?post=105379"}],"curies":[{"name":"wp","href":"https:\/\/api.w.org\/{rel}","templated":true}]}}