{"id":105380,"date":"2026-01-15T10:50:07","date_gmt":"2026-01-15T10:50:07","guid":{"rendered":"https:\/\/www.europesays.com\/lv\/105380\/"},"modified":"2026-01-15T10:50:07","modified_gmt":"2026-01-15T10:50:07","slug":"nosaukti-kormuzikas-balvas-nominanti-diena","status":"publish","type":"post","link":"https:\/\/www.europesays.com\/lv\/105380\/","title":{"rendered":"Nosaukti Korm\u016bzikas balvas nominanti \/ Diena"},"content":{"rendered":"<p>\u0160ogad Korm\u016bzikas balvai pieteikti 107 pretendenti 9 nomin\u0101cij\u0101s \u2013 gada koris, gada kora vad\u012bt\u0101js\/-a, gada korm\u016bzikas koncerts R\u012bg\u0101 un \u0101rpus R\u012bgas, balva par m\u016b\u017ea ieguld\u012bjumu korm\u016bzik\u0101, gada jaunrade korm\u016bzik\u0101, gada korm\u016bzikas ieraksts, p\u0101rsteigums korm\u016bzik\u0101, gada kult\u016bras, izgl\u012bt\u012bbas iest\u0101de, kult\u016brvieta Latvij\u0101. Tre\u0161\u0101s Korm\u016bzikas balvas par m\u016b\u017ea ieguld\u012bjumu sa\u0146\u0113m\u0113js &#8211; Dziesmu un deju sv\u0113tku virsdiri\u0123ents un goda virsdiri\u0123ents, izcils pedagogs, gr\u0101matu autors J\u0101nis Eren\u0161treits.<\/p>\n<p>&#13;<br \/>\n&#13;<\/p>\n<p>Korm\u016bzikas balvai nomin\u0113ti:<\/p>\n<p>&#13;<br \/>\n&#13;<\/p>\n<p>GADA KORIS<\/p>\n<p>&#13;<br \/>\n&#13;<\/p>\n<ul>&#13;<\/p>\n<li>Jauktais koris &#8220;Ventspils&#8221;<\/li>\n<p>&#13;<\/p>\n<li>Koncertorganiz\u0101cijas &#8220;Ave sol&#8221; jaunie\u0161u koris &#8220;Kam\u0113r&#8230;&#8221;<\/li>\n<p>&#13;<\/p>\n<li>Ropa\u017eu novada Garkalnes pagasta kult\u016bras centra &#8220;Ber\u0123i&#8221; jauktais koris \u201cPa Saulei\u201d<\/li>\n<p>&#13;\n<\/ul>\n<p>&#13;<br \/>\n&#13;<\/p>\n<p>GADA KORA VAD\u012aT\u0100JS<\/p>\n<p>&#13;<br \/>\n&#13;<\/p>\n<ul>&#13;<\/p>\n<li>Edgars V\u012btols<\/li>\n<p>&#13;<\/p>\n<li>Jur\u0123is C\u0101bulis<\/li>\n<p>&#13;<\/p>\n<li>Patriks K\u0101rlis Stepe<\/li>\n<p>&#13;\n<\/ul>\n<p>&#13;<br \/>\n&#13;<\/p>\n<p>GADA KONCERTS, UZVEDUMS, NOTIKUMS \u0100RPUS R\u012aGAS<\/p>\n<p>&#13;<br \/>\n&#13;<\/p>\n<ul>&#13;<\/p>\n<li>Baltu vien\u012bbas dienas lielkoncerts &#8220;No letu zemes&#8221;<\/li>\n<p>&#13;<\/p>\n<li>Em\u012bla D\u0101rzi\u0146a 150 gadu jubilejas koncertuzvedums \u201c&#8230;K\u0100 ZVAIGZNE\u201d<\/li>\n<p>&#13;<\/p>\n<li>Liep\u0101jas Tautas m\u0101kslas un kult\u016bras centra jaukt\u0101 kora &#8220;Laiks&#8221; 20 gadu jubilejas koncertcikla &#8220;Laika gadalaiki&#8221; nosl\u0113dzo\u0161ais koncerts &#8220;Laik(s)mets&#8221;<\/li>\n<p>&#13;\n<\/ul>\n<p>&#13;<br \/>\n&#13;<\/p>\n<p>GADA JAUNRADE<\/p>\n<p>&#13;<br \/>\n&#13;<\/p>\n<ul>&#13;<\/p>\n<li>Laura J\u0113kabsone<\/li>\n<p>&#13;<\/p>\n<li>Marina Gribin\u010dika<\/li>\n<p>&#13;<\/p>\n<li>Rihards Za\u013cupe<\/li>\n<p>&#13;\n<\/ul>\n<p>&#13;<br \/>\n&#13;<\/p>\n<p>GADA P\u0100RSTEIGUMS<\/p>\n<p>&#13;<br \/>\n&#13;<\/p>\n<ul>&#13;<\/p>\n<li>Dokument\u0101l\u0101 filma \u201cDziesmu avoti 1866\u201d<\/li>\n<p>&#13;<\/p>\n<li>Jaunie\u0161u koris \u201cKam\u0113r\u2026\u201d \u2013 \u010detrkk\u0101rt\u0113js Eiropas korm\u016bzikas Grand Prix ieguv\u0113js<\/li>\n<p>&#13;<\/p>\n<li>Koru un vok\u0101lo ansamb\u013cu konkurss &#8220;C\u0113sis&#8221;<\/li>\n<p>&#13;\n<\/ul>\n<p>&#13;<br \/>\n&#13;<\/p>\n<p>GADA KULT\u016aRAS, IZGL\u012aT\u012aBAS IEST\u0100DE, KULT\u016aRVIETA LATVIJ\u0100<\/p>\n<p>&#13;<br \/>\n&#13;<\/p>\n<ul>&#13;<\/p>\n<li>C\u0113su kult\u016bras p\u0101rvalde<\/li>\n<p>&#13;<\/p>\n<li>Latvijas Universit\u0101tes Liel\u0101 aula<\/li>\n<p>&#13;<\/p>\n<li>R\u012bgas 6. vidusskola<\/li>\n<p>&#13;\n<\/ul>\n<p>&#13;<br \/>\n&#13;<\/p>\n<p>GADA KONCERTS, UZVEDUMS, NOTIKUMS R\u012aG\u0100<\/p>\n<p>&#13;<br \/>\n&#13;<\/p>\n<ul>&#13;<\/p>\n<li>Gar\u012bgs koncerts (XIII Latvijas skolu jaunatnes dziesmu un deju sv\u0113tki)<\/li>\n<p>&#13;<\/p>\n<li>Imanta Kalni\u0146a un Vika rokopera \u201cEI, J\u016aS TUR!\u201d<\/li>\n<p>&#13;<\/p>\n<li>Koncertorganiz\u0101cijas &#8220;Ave sol&#8221; jaunie\u0161u koris &#8220;Kam\u0113r&#8230;&#8221; 35. festiv\u0101ls<\/li>\n<p>&#13;<\/p>\n<li>Saulgrie\u017eu cikls &#8220;Pa Saulei&#8221; R\u012bgas cirk\u0101<\/li>\n<p>&#13;\n<\/ul>\n<p>&#13;<br \/>\n&#13;<\/p>\n<p>GADA IERAKSTS<\/p>\n<p>&#13;<br \/>\n&#13;<\/p>\n<ul>&#13;<\/p>\n<li>Dziesmas \u201cRakstu raksti\u201d ieraksts un videoklips (Saulkrastu novada jauktais koris \u201cS\u0113ja\u201d<\/li>\n<p>&#13;<\/p>\n<li>Jau izplauku\u0161i (R\u012bgas projektu koris)<\/li>\n<p>&#13;<\/p>\n<li>Jaunie\u0161u koris Kam\u0113r&#8230; &#8211; 35 (Koncertorganiz\u0101cijas &#8220;Ave sol&#8221; jaunie\u0161u koris &#8220;Kam\u0113r&#8230;&#8221;)<\/li>\n<p>&#13;\n<\/ul>\n<p>&#13;<br \/>\n&#13;<\/p>\n<p>Korm\u016bzikas balvas pretendentus v\u0113rt\u0113ja profesion\u0101\u013cu \u017e\u016brija: \u017e\u016brijas priek\u0161s\u0113d\u0113t\u0101js komponists un diri\u0123ents \u0112riks E\u0161envalds, diri\u0123ents M\u0101rit\u0146\u0161 Ozoli\u0146\u0161, muzikologs Orests Silabriedis, koncertz\u0101les C\u0113sis m\u0101ksliniecisk\u0101 vad\u012bt\u0101ja, valdes locekle Inese Zagorska un diri\u0123ents M\u0101rti\u0146\u0161 Kli\u0161\u0101ns.<\/p>\n<p>&#13;<br \/>\n&#13;<\/p>\n<p>&#8220;V\u0113los pateikt lielu paldies koru vad\u012bt\u0101jiem un dzied\u0101t\u0101jiem par noz\u012bm\u012bgo ieguld\u012bjumu sabiedr\u012bbas veido\u0161an\u0101 &#8211; visupirms jau pa\u0161u m\u0101j\u0101s, mazpils\u0113t\u0101, pagast\u0101 vai lielpils\u0113t\u0101! Kora aktivit\u0101tes gan koristus, gan l\u012bdzcilv\u0113kus ce\u013c un iedvesmo, dod iesp\u0113ju iesaist\u012bties un k\u013c\u016bt sabiedriski drosm\u012bg\u0101kiem, dod iesp\u0113ju l\u012bdzdarboties jaunrad\u0113 un n\u0101kam\u012bbu veidojo\u0161os pas\u0101kumos. Biju patiesi savi\u013c\u0146ots, lasot dokument\u0113t\u0101s liec\u012bbas par nenogursto\u0161i \u010daklo un izdom\u0101 bag\u0101to diri\u0123entu un vi\u0146u domubiedru iecer\u0113m un to spilgtaj\u0101m realiz\u0101cij\u0101m; par starpdisciplin\u0101riem projektiem un koru izie\u0161anu v\u0113l pla\u0161\u0101k\u0101 sabiedr\u012bb\u0101; par pas\u0101kumu atspogu\u013co\u0161anu medijos un personisk\u0101s liec\u012bb\u0101s. T\u0101pat v\u0113los pateikt paldies ikvienai pa\u0161vald\u012bbai un kult\u016bras centram par noz\u012bm\u012bgo atbalstu kolekt\u012bviem! Lai drosme un rado\u0161\u0101 izdoma ir ar\u012b 2026. gad\u0101 Latvijas koros \u0161eit un pasaul\u0113!&#8221; akcent\u0113 \u017e\u016brijas priek\u0161s\u0113d\u0113t\u0101js \u0112riks E\u0161envalds.<\/p>\n<p>&#13;<br \/>\n&#13;<\/p>\n<p>Korm\u016bzikas balvas pasnieg\u0161anu var\u0113s v\u0113rot kl\u0101tien\u0113, 2026. gada 24. janv\u0101r\u012b plkst.17.00 Ventspils koncertz\u0101l\u0113 Latvija. Bi\u013cetes &#8211; <a href=\"http:\/\/bilesuparadize.lv\" target=\"_blank\" rel=\"nofollow noopener\">bilesuparadize.lv<\/a><\/p>\n<p>&#13;<\/p>\n","protected":false},"excerpt":{"rendered":"\u0160ogad Korm\u016bzikas balvai pieteikti 107 pretendenti 9 nomin\u0101cij\u0101s \u2013 gada koris, gada kora vad\u012bt\u0101js\/-a, gada korm\u016bzikas koncerts R\u012bg\u0101&hellip;\n","protected":false},"author":2,"featured_media":105381,"comment_status":"","ping_status":"","sticky":false,"template":"","format":"standard","meta":{"footnotes":""},"categories":[19],"tags":[89,90,35,39,38,36,37,34,40],"class_list":{"0":"post-105380","1":"post","2":"type-post","3":"status-publish","4":"format-standard","5":"has-post-thumbnail","7":"category-izklaide","8":"tag-entertainment","9":"tag-izklaide","10":"tag-latvia","11":"tag-latvian","12":"tag-latviesu","13":"tag-latviesu-valoda","14":"tag-latviesuvaloda","15":"tag-latvija","16":"tag-lv"},"share_on_mastodon":{"url":"https:\/\/pubeurope.com\/@lv\/115898733277429276","error":""},"_links":{"self":[{"href":"https:\/\/www.europesays.com\/lv\/wp-json\/wp\/v2\/posts\/105380","targetHints":{"allow":["GET"]}}],"collection":[{"href":"https:\/\/www.europesays.com\/lv\/wp-json\/wp\/v2\/posts"}],"about":[{"href":"https:\/\/www.europesays.com\/lv\/wp-json\/wp\/v2\/types\/post"}],"author":[{"embeddable":true,"href":"https:\/\/www.europesays.com\/lv\/wp-json\/wp\/v2\/users\/2"}],"replies":[{"embeddable":true,"href":"https:\/\/www.europesays.com\/lv\/wp-json\/wp\/v2\/comments?post=105380"}],"version-history":[{"count":0,"href":"https:\/\/www.europesays.com\/lv\/wp-json\/wp\/v2\/posts\/105380\/revisions"}],"wp:featuredmedia":[{"embeddable":true,"href":"https:\/\/www.europesays.com\/lv\/wp-json\/wp\/v2\/media\/105381"}],"wp:attachment":[{"href":"https:\/\/www.europesays.com\/lv\/wp-json\/wp\/v2\/media?parent=105380"}],"wp:term":[{"taxonomy":"category","embeddable":true,"href":"https:\/\/www.europesays.com\/lv\/wp-json\/wp\/v2\/categories?post=105380"},{"taxonomy":"post_tag","embeddable":true,"href":"https:\/\/www.europesays.com\/lv\/wp-json\/wp\/v2\/tags?post=105380"}],"curies":[{"name":"wp","href":"https:\/\/api.w.org\/{rel}","templated":true}]}}