{"id":105388,"date":"2026-01-15T10:56:06","date_gmt":"2026-01-15T10:56:06","guid":{"rendered":"https:\/\/www.europesays.com\/lv\/105388\/"},"modified":"2026-01-15T10:56:06","modified_gmt":"2026-01-15T10:56:06","slug":"izzinoti-kormuzikas-balvas-nominanti-visvairak-nominaciju-jauniesu-korim-kamer-raksts","status":"publish","type":"post","link":"https:\/\/www.europesays.com\/lv\/105388\/","title":{"rendered":"Izzi\u0146oti Korm\u016bzikas balvas nominanti; visvair\u0101k nomin\u0101ciju jaunie\u0161u korim \u00abKam\u0113r&#8230;\u00bb \/ Raksts"},"content":{"rendered":"<p>24. janv\u0101r\u012b Ventspils koncertz\u0101l\u0113 &#8220;Latvija&#8221; <a href=\"https:\/\/www.lsm.lv\/raksts\/kultura\/muzika\/09.01.2026-ventspils-koncertzale-latvija-tiks-pasniegta-kormuzikas-balva-2025-tiesraide-lsmlv.a629260\/?utm_source=lsm&amp;utm_medium=theme&amp;utm_campaign=theme\" target=\"_blank\" rel=\"nofollow noopener\">tre\u0161o reizi tiks pasniegta Korm\u016bzikas balva<\/a> \u2013 vien\u012bgais apbalvojums Latvij\u0101, kura m\u0113r\u0137is ir godin\u0101t izcil\u0101kos sasniegumus korm\u016bzikas nozar\u0113, jaunrad\u0113, k\u0101 ar\u012b pedago\u0123iskaj\u0101 darb\u0101 2025.\u00a0gad\u0101. 15.\u00a0janv\u0101r\u012b izzi\u0146oti ar\u012b t\u0101s nominanti. Balvu par m\u016b\u017ea ieguld\u012bjumu sa\u0146ems diri\u0123ents J\u0101nis Eren\u0161treits,\u00a0v\u0113sta balvas \u017e\u016brija.<\/p>\n<p style=\"margin-left:0cm; margin-right:0cm\">Korm\u016bzikas balvas pretendentus v\u0113rt\u0113ja: \u017e\u016brijas priek\u0161s\u0113d\u0113t\u0101js, komponists un diri\u0123ents \u0112riks E\u0161envalds, diri\u0123ents M\u0101rti\u0146\u0161 Ozoli\u0146\u0161, muzikologs Orests Silabriedis, koncertz\u0101les &#8220;C\u0113sis&#8221; m\u0101ksliniecisk\u0101 vad\u012bt\u0101ja, valdes locekle Inese Zagorska un diri\u0123ents M\u0101rti\u0146\u0161 Kli\u0161\u0101ns.<\/p>\n<blockquote>\n<p style=\"margin-left:0cm; margin-right:0cm\">Korm\u016bzikas balvas pasnieg\u0161anu var\u0113s v\u0113rot kl\u0101tien\u0113 24.\u00a0janv\u0101r\u012b pulksten 17.00 Ventspils koncertz\u0101l\u0113 &#8220;Latvija&#8221;. Ceremonija b\u016bs skat\u0101ma ar\u012b tie\u0161raid\u0113 port\u0101l\u0101 <a href=\"http:\/\/lsm.lv\" rel=\"nofollow noopener\" target=\"_blank\">LSM.lv<\/a>.<\/p>\n<\/blockquote>\n<p style=\"margin-left:0cm; margin-right:0cm\">&#8220;V\u0113los pateikt lielu paldies koru vad\u012bt\u0101jiem un dzied\u0101t\u0101jiem par noz\u012bm\u012bgo ieguld\u012bjumu sabiedr\u012bbas veido\u0161an\u0101 \u2013 visupirms jau pa\u0161u m\u0101j\u0101s, mazpils\u0113t\u0101, pagast\u0101 vai lielpils\u0113t\u0101! Kora aktivit\u0101tes gan koristus, gan l\u012bdzcilv\u0113kus ce\u013c un iedvesmo, dod iesp\u0113ju iesaist\u012bties un k\u013c\u016bt sabiedriski drosm\u012bg\u0101kiem, dod iesp\u0113ju l\u012bdzdarboties jaunrad\u0113 un n\u0101kam\u012bbu veidojo\u0161os pas\u0101kumos.<\/p>\n<blockquote>\n<p style=\"margin-left:0cm; margin-right:0cm\">Biju patiesi savi\u013c\u0146ots, lasot dokument\u0113t\u0101s liec\u012bbas par nenogursto\u0161i \u010daklo un izdom\u0101 bag\u0101to diri\u0123entu un vi\u0146u domubiedru iecer\u0113m un to spilgtaj\u0101m realiz\u0101cij\u0101m;<\/p>\n<\/blockquote>\n<p style=\"margin-left:0cm; margin-right:0cm\">par starpdisciplin\u0101riem projektiem un koru izie\u0161anu v\u0113l pla\u0161\u0101k\u0101 sabiedr\u012bb\u0101; par pas\u0101kumu atspogu\u013co\u0161anu medijos un personisk\u0101s liec\u012bb\u0101s. T\u0101pat v\u0113los pateikt paldies ikvienai pa\u0161vald\u012bbai un kult\u016bras centram par noz\u012bm\u012bgo atbalstu kolekt\u012bviem! Lai drosme un rado\u0161\u0101 izdoma ir ar\u012b 2026.\u00a0gad\u0101 Latvijas koros \u0161eit un pasaul\u0113!&#8221; akcent\u0113 \u017e\u016brijas priek\u0161s\u0113d\u0113t\u0101js \u0112riks E\u0161envalds.<\/p>\n<p>&#8220;Korm\u016bzikas balvai 2025&#8221; nomin\u0113ti:<\/p>\n<p style=\"margin-left:0cm; margin-right:0cm\">Gada koris:\u00a0<\/p>\n<ul>\n<li style=\"margin-left: 0cm; margin-right: 0cm;\">jauktais koris &#8220;Ventspils&#8221;;<\/li>\n<li style=\"margin-left: 0cm; margin-right: 0cm;\">koncertorganiz\u0101cijas &#8220;Ave sol&#8221;\u00a0 jaunie\u0161u koris &#8220;Kam\u0113r&#8230;&#8221;;<\/li>\n<li style=\"margin-left: 0cm; margin-right: 0cm;\">Ropa\u017eu novada Garkalnes pagasta kult\u016bras centra &#8220;Ber\u0123i&#8221; jauktais koris &#8220;Pa Saulei&#8221;.<\/li>\n<\/ul>\n<p style=\"margin-left:0cm; margin-right:0cm\">Gada kora vad\u012bt\u0101js:\u00a0<\/p>\n<ul>\n<li style=\"margin-left: 0cm; margin-right: 0cm;\">Edgars V\u012btols;<\/li>\n<li style=\"margin-left: 0cm; margin-right: 0cm;\">Jur\u0123is C\u0101bulis;<\/li>\n<li style=\"margin-left: 0cm; margin-right: 0cm;\">Patriks K\u0101rlis Stepe.<\/li>\n<\/ul>\n<p style=\"margin-left:0cm; margin-right:0cm\">Gada koncerts, uzvedums, notikums \u0101rpus R\u012bgas:<\/p>\n<ul>\n<li style=\"margin-left: 0cm; margin-right: 0cm;\">Baltu vien\u012bbas dienas lielkoncerts &#8220;No letu zemes&#8221;;<\/li>\n<li style=\"margin-left: 0cm; margin-right: 0cm;\">Em\u012bla D\u0101rzi\u0146a 150 gadu jubilejas koncertuzvedums &#8220;&#8230;K\u0101 zvaigzne&#8221;;<\/li>\n<li style=\"margin-left: 0cm; margin-right: 0cm;\">Liep\u0101jas Tautas m\u0101kslas un kult\u016bras centra jaukt\u0101 kora &#8220;Laiks&#8221; 20 gadu jubilejas koncertcikla &#8220;Laika gadalaiki&#8221; nosl\u0113dzo\u0161ais koncerts &#8220;Laik(s)mets&#8221;.<\/li>\n<\/ul>\n<p style=\"margin-left:0cm; margin-right:0cm\">Gada jaunrade:\u00a0<\/p>\n<ul>\n<li style=\"margin-left: 0cm; margin-right: 0cm;\">Laura J\u0113kabsone;<\/li>\n<li style=\"margin-left: 0cm; margin-right: 0cm;\">Marina Gribin\u010dika;<\/li>\n<li style=\"margin-left: 0cm; margin-right: 0cm;\">Rihards Za\u013cupe.<\/li>\n<\/ul>\n<p style=\"margin-left:0cm; margin-right:0cm\">Gada p\u0101rsteigums:\u00a0<\/p>\n<ul>\n<li style=\"margin-left: 0cm; margin-right: 0cm;\">dokument\u0101l\u0101 filma &#8220;Dziesmu avoti 1866&#8221;;<\/li>\n<li style=\"margin-left: 0cm; margin-right: 0cm;\">jaunie\u0161u koris &#8220;Kam\u0113r\u2026&#8221; \u2013 \u010detrk\u0101rt\u0113js Eiropas korm\u016bzikas &#8220;Grand Prix&#8221; ieguv\u0113js;<\/li>\n<li style=\"margin-left: 0cm; margin-right: 0cm;\">koru un vok\u0101lo ansamb\u013cu konkurss &#8220;C\u0113sis&#8221;.<\/li>\n<\/ul>\n<p style=\"margin-left:0cm; margin-right:0cm\">Gada kult\u016bras, izgl\u012bt\u012bbas iest\u0101de, kult\u016brvieta Latvij\u0101:\u00a0<\/p>\n<ul>\n<li style=\"margin-left: 0cm; margin-right: 0cm;\">C\u0113su kult\u016bras p\u0101rvalde;<\/li>\n<li style=\"margin-left: 0cm; margin-right: 0cm;\">Latvijas Universit\u0101tes Liel\u0101 aula;<\/li>\n<li style=\"margin-left: 0cm; margin-right: 0cm;\">R\u012bgas 6. vidusskola.<\/li>\n<\/ul>\n<p style=\"margin-left:0cm; margin-right:0cm\">Gada koncerts, uzdevums, notikums R\u012bg\u0101:\u00a0<\/p>\n<ul>\n<li style=\"margin-left: 0cm; margin-right: 0cm;\">gar\u012bgs koncerts (XIII Latvijas Skolu jaunatnes dziesmu un deju sv\u0113tki);<\/li>\n<li style=\"margin-left: 0cm; margin-right: 0cm;\">Imanta Kalni\u0146a un Vika rokopera &#8220;Ei, j\u016bs tur!&#8221;;<\/li>\n<li style=\"margin-left: 0cm; margin-right: 0cm;\">koncertorganiz\u0101cijas &#8220;Ave Sol&#8221;\u00a0 jaunie\u0161u kora\u00a0&#8220;Kam\u0113r&#8230;&#8221; 35. festiv\u0101ls;<\/li>\n<li style=\"margin-left: 0cm; margin-right: 0cm;\">saulgrie\u017eu cikls &#8220;Pa Saulei&#8221; R\u012bgas cirk\u0101.<\/li>\n<\/ul>\n<p style=\"margin-left:0cm; margin-right:0cm\">Gada ieraksts:\u00a0<\/p>\n<ul>\n<li style=\"margin-left: 0cm; margin-right: 0cm;\">dziesmas &#8220;Rakstu raksti&#8221; ieraksts un videoklips (Saulkrastu novada jauktais koris &#8220;S\u0113ja&#8221;);<\/li>\n<li style=\"margin-left: 0cm; margin-right: 0cm;\">&#8220;Jau izplauku\u0161i&#8221; (R\u012bgas projektu koris);<\/li>\n<li style=\"margin-left: 0cm; margin-right: 0cm;\">&#8220;Jaunie\u0161u koris &#8220;Kam\u0113r&#8230;&#8221; \u2013\u00a035&#8243; (koncertorganiz\u0101cijas &#8220;Ave Sol&#8221;\u00a0 jaunie\u0161u koris &#8220;Kam\u0113r&#8230;&#8221;).<\/li>\n<\/ul>\n<p style=\"margin-left:0cm; margin-right:0cm\">\u0160ogad Korm\u016bzikas balvai pieteikti 107 pretendenti 9 nomin\u0101cij\u0101s \u2013 gada koris, gada kora vad\u012bt\u0101js\/-a, gada korm\u016bzikas koncerts R\u012bg\u0101 un \u0101rpus R\u012bgas, balva par m\u016b\u017ea ieguld\u012bjumu korm\u016bzik\u0101, gada jaunrade korm\u016bzik\u0101, gada korm\u016bzikas ieraksts, p\u0101rsteigums korm\u016bzik\u0101, gada kult\u016bras, izgl\u012bt\u012bbas iest\u0101de, kult\u016brvieta Latvij\u0101. Tre\u0161\u0101s Korm\u016bzikas balvas par m\u016b\u017ea ieguld\u012bjumu sa\u0146\u0113m\u0113js \u2013\u00a0Dziesmu un deju sv\u0113tku virsdiri\u0123ents un goda virsdiri\u0123ents, izcils pedagogs, gr\u0101matu autors J\u0101nis Eren\u0161treits.<\/p>\n<blockquote>\n<p style=\"margin-left:0cm; margin-right:0cm\">L\u012bdz 18. janv\u0101rim port\u0101l\u0101 <a href=\"http:\/\/lsm.lv\" rel=\"nofollow noopener\" target=\"_blank\">LSM.lv<\/a> notiek skat\u012bt\u0101ju balsojums par favor\u012btu kategorij\u0101 &#8220;Gada diri\u0123ents&#8221;.<\/p>\n<\/blockquote>\n<p style=\"margin-left:0cm; margin-right:0cm\">Pirm\u0101s Korm\u016bzikas balvas pasnieg\u0161ana notika 2024.\u00a0gada janv\u0101r\u012b. Korm\u016bzikas balvu ierosin\u0101ja un organiz\u0113 Dziesmu sv\u0113tku biedr\u012bba sadarb\u012bb\u0101 ar Latvijas Diri\u0123entu asoci\u0101ciju.<\/p>\n<p>\u0160ogad Korm\u016bzikas balvai sa\u0146emti 107 pieteikumi, no kuriem 13\u00a0ir diri\u0123enti. LSM.lv sadarb\u012bb\u0101 ar balvas r\u012bkot\u0101jiem Dziesmu sv\u0113tku biedr\u012bbu un Latvijas diri\u0123entu asoci\u0101ciju aicina visus interesentus balsot par savu favor\u012btu tie\u0161i \u0161aj\u0101 kategorij\u0101.<\/p>\n<blockquote>\n<p>Balsojums notiek no 5. janv\u0101ra pulksten 7.00 l\u012bdz 18. janv\u0101ra pulksten 23.59. Balsot iesp\u0113jams vienu reizi dien\u0101, autoriz\u0113joties ar savu soci\u0101lo mediju profilu vai e-pastu. Balsojuma uzvar\u0113t\u0101js tiks atkl\u0101ts Korm\u016bzikas balvas ceremonij\u0101.<\/p>\n<\/blockquote>\n<p>K\u0101 balsot?<\/p>\n<ul>\n<li>Izv\u0113lies savu favor\u012btu vismaz vien\u0101 kategorij\u0101.<\/li>\n<li>Balsojuma apak\u0161\u0101 autoriz\u0113jies ar savu e-pastu,\u00a0&#8220;Facebook&#8221;, &#8220;Google&#8221; vai &#8220;Draugiem.lv&#8221;\u00a0profilu!<\/li>\n<li>Seko instrukcij\u0101m!<br \/>Ja autoriz\u0113jies ar soci\u0101lo t\u012bklu kontu, spied &#8220;Balsot&#8221;.<br \/>Ja autoriz\u0113jies ar e-pastu, apstiprini balsojumu, spie\u017eot uz saites, ko sa\u0146emsi e-past\u0101.<\/li>\n<li>Kad balsojums pie\u0146emts, ekr\u0101n\u0101 redz\u0113si pazi\u0146ojumu &#8220;Paldies! J\u016bsu balsojums ir pie\u0146emts.&#8221;<\/li>\n<li>Balsot iesp\u0113jams vienu reizi dien\u0101.<\/li>\n<\/ul>\n<p>                    Valodas k\u013c\u016bda rakst\u0101?<\/p>\n<p class=\"d-none d-md-block\">Iez\u012bm\u0113jiet tekstu un spiediet Ctrl+Enter, lai nos\u016bt\u012btu labojamo teksta fragmentu redaktoram! Par faktu k\u013c\u016bd\u0101m l\u016bdzam zi\u0146ot e-past\u0101 <a href=\"https:\/\/www.lsm.lv\/cdn-cgi\/l\/email-protection\" class=\"__cf_email__\" data-cfemail=\"addfc8c9ccc6cec4c7ccedc1dec083c1db\" rel=\"nofollow noopener\" target=\"_blank\">[email\u00a0protected]<\/a>.<\/p>\n<p class=\"d-md-none\">Iez\u012bm\u0113jiet tekstu un spiediet uz Zi\u0146ot par k\u013c\u016bdu pogas, lai nos\u016bt\u012btu labojamo teksta fragmentu redaktoram!<\/p>\n<p>\n                    Zi\u0146ot par k\u013c\u016bdu\n                <\/p>\n","protected":false},"excerpt":{"rendered":"24. janv\u0101r\u012b Ventspils koncertz\u0101l\u0113 &#8220;Latvija&#8221; tre\u0161o reizi tiks pasniegta Korm\u016bzikas balva \u2013 vien\u012bgais apbalvojums Latvij\u0101, kura m\u0113r\u0137is ir&hellip;\n","protected":false},"author":2,"featured_media":105389,"comment_status":"","ping_status":"","sticky":false,"template":"","format":"standard","meta":{"footnotes":""},"categories":[19],"tags":[89,90,35,39,38,36,37,34,40],"class_list":{"0":"post-105388","1":"post","2":"type-post","3":"status-publish","4":"format-standard","5":"has-post-thumbnail","7":"category-izklaide","8":"tag-entertainment","9":"tag-izklaide","10":"tag-latvia","11":"tag-latvian","12":"tag-latviesu","13":"tag-latviesu-valoda","14":"tag-latviesuvaloda","15":"tag-latvija","16":"tag-lv"},"share_on_mastodon":{"url":"https:\/\/pubeurope.com\/@lv\/115898756805347304","error":""},"_links":{"self":[{"href":"https:\/\/www.europesays.com\/lv\/wp-json\/wp\/v2\/posts\/105388","targetHints":{"allow":["GET"]}}],"collection":[{"href":"https:\/\/www.europesays.com\/lv\/wp-json\/wp\/v2\/posts"}],"about":[{"href":"https:\/\/www.europesays.com\/lv\/wp-json\/wp\/v2\/types\/post"}],"author":[{"embeddable":true,"href":"https:\/\/www.europesays.com\/lv\/wp-json\/wp\/v2\/users\/2"}],"replies":[{"embeddable":true,"href":"https:\/\/www.europesays.com\/lv\/wp-json\/wp\/v2\/comments?post=105388"}],"version-history":[{"count":0,"href":"https:\/\/www.europesays.com\/lv\/wp-json\/wp\/v2\/posts\/105388\/revisions"}],"wp:featuredmedia":[{"embeddable":true,"href":"https:\/\/www.europesays.com\/lv\/wp-json\/wp\/v2\/media\/105389"}],"wp:attachment":[{"href":"https:\/\/www.europesays.com\/lv\/wp-json\/wp\/v2\/media?parent=105388"}],"wp:term":[{"taxonomy":"category","embeddable":true,"href":"https:\/\/www.europesays.com\/lv\/wp-json\/wp\/v2\/categories?post=105388"},{"taxonomy":"post_tag","embeddable":true,"href":"https:\/\/www.europesays.com\/lv\/wp-json\/wp\/v2\/tags?post=105388"}],"curies":[{"name":"wp","href":"https:\/\/api.w.org\/{rel}","templated":true}]}}