{"id":105392,"date":"2026-01-15T10:59:32","date_gmt":"2026-01-15T10:59:32","guid":{"rendered":"https:\/\/www.europesays.com\/lv\/105392\/"},"modified":"2026-01-15T10:59:32","modified_gmt":"2026-01-15T10:59:32","slug":"dronu-uzbrukums-tankkugiem-pie-krievijas-krastiem","status":"publish","type":"post","link":"https:\/\/www.europesays.com\/lv\/105392\/","title":{"rendered":"Dronu uzbrukums tankku\u0123iem pie Krievijas krastiem"},"content":{"rendered":"<p class=\"descr\">Krievijas Meln\u0101s j\u016bras piekrast\u0113 net\u0101lu no Novorosijskas pie Kaspijas j\u016bras cauru\u013cvadu konsorcija (KTK) termin\u0101\u013ca noticis dronu trieciens diviem tankku\u0123iem, kas gaid\u012bja, lai tajos iekrautu Kazahst\u0101nas naftu, v\u0113sta zi\u0146u a\u0123ent\u016bra &#8220;Bloomberg&#8221; un Krem\u013ca propagandas medijs &#8220;RIA Novosti&#8221;, atsaucoties uz avotiem.<\/p>\n<p>Uzbrukts <a href=\"https:\/\/nra.lv\/birka\/tankkugi\/\" target=\"_blank\" rel=\"noopener nofollow\">tankku\u0123iem<\/a> &#8220;Delta Harmony&#8221; un &#8220;Matilda&#8221;. Ku\u0123iem nodar\u012bto boj\u0101jumu apm\u0113rs v\u0113l nav skaidrs, zi\u0146o &#8220;Bloomberg&#8221;.<\/p>\n<p>K\u0101 teiku\u0161i &#8220;RIA Novosti&#8221; avoti, tankku\u0123iem &#8220;Ukrainas <a href=\"https:\/\/nra.lv\/birka\/dronu-uzbrukums\/\" target=\"_blank\" rel=\"noopener nofollow\">dronu triecienu<\/a> rezult\u0101t\u0101 boj\u0101tas kravas iek\u0101rtas, ta\u010du tie nav zaud\u0113ju\u0161i peldsp\u0113ju&#8221;.<\/p>\n<p>Faktu par uzbrukumu tankku\u0123im &#8220;Matilda&#8221; apstiprin\u0101ja uz\u0146\u0113mums &#8220;KazMunayGas&#8221;.<\/p>\n<p>Ku\u0123i bija nofrakt\u0113jis &#8220;KazMunayGas&#8221; meitasuz\u0146\u0113mums, teikts pazi\u0146ojum\u0101.<\/p>\n<p>Trieciena rezult\u0101t\u0101 notika spr\u0101dziens, tom\u0113r aizdeg\u0161an\u0101s nenotika. Apkalpes locek\u013cu vid\u016b nav cietu\u0161o, ku\u0123is joproj\u0101m ir ku\u0123otsp\u0113j\u012bgs, nor\u0101d\u012bja uz\u0146\u0113mums.<\/p>\n<p>\t\t\t\t\t\tinfo<\/p>\n<p>Uzzini pirmais<br \/>kas interesants noticis Latvij\u0101 un pasaul\u0113,<br \/>pievienojoties mums <a href=\"https:\/\/t.me\/neatkariga\" rel=\"nofollow\">Telegram<\/a> vai <a href=\"https:\/\/whatsapp.com\/channel\/0029VaMLFUH5K3zLU5s4wm3y\" rel=\"nofollow noopener\" target=\"_blank\">Whatsapp<\/a> kan\u0101l\u0101<\/p>\n","protected":false},"excerpt":{"rendered":"Krievijas Meln\u0101s j\u016bras piekrast\u0113 net\u0101lu no Novorosijskas pie Kaspijas j\u016bras cauru\u013cvadu konsorcija (KTK) termin\u0101\u013ca noticis dronu trieciens diviem&hellip;\n","protected":false},"author":2,"featured_media":105393,"comment_status":"","ping_status":"","sticky":false,"template":"","format":"standard","meta":{"footnotes":""},"categories":[14],"tags":[23,57,28,29,32,33,22,30,31,35,39,38,36,37,34,40,20,26,27,24,25,54,55,56,21,58],"class_list":{"0":"post-105392","1":"post","2":"type-post","3":"status-publish","4":"format-standard","5":"has-post-thumbnail","7":"category-zinas-no-arvalstim","8":"tag-aktualitates","9":"tag-arvalstim","10":"tag-breaking-news","11":"tag-breakingnews","12":"tag-featured-news","13":"tag-featurednews","14":"tag-headlines","15":"tag-latest-news","16":"tag-latestnews","17":"tag-latvia","18":"tag-latvian","19":"tag-latviesu","20":"tag-latviesu-valoda","21":"tag-latviesuvaloda","22":"tag-latvija","23":"tag-lv","24":"tag-news","25":"tag-popularakas-zinas","26":"tag-popularakaszinas","27":"tag-top-stories","28":"tag-topstories","29":"tag-world","30":"tag-world-news","31":"tag-worldnews","32":"tag-zinas","33":"tag-zinas-no-arvalstim"},"share_on_mastodon":{"url":"https:\/\/pubeurope.com\/@lv\/115898768687759682","error":""},"_links":{"self":[{"href":"https:\/\/www.europesays.com\/lv\/wp-json\/wp\/v2\/posts\/105392","targetHints":{"allow":["GET"]}}],"collection":[{"href":"https:\/\/www.europesays.com\/lv\/wp-json\/wp\/v2\/posts"}],"about":[{"href":"https:\/\/www.europesays.com\/lv\/wp-json\/wp\/v2\/types\/post"}],"author":[{"embeddable":true,"href":"https:\/\/www.europesays.com\/lv\/wp-json\/wp\/v2\/users\/2"}],"replies":[{"embeddable":true,"href":"https:\/\/www.europesays.com\/lv\/wp-json\/wp\/v2\/comments?post=105392"}],"version-history":[{"count":0,"href":"https:\/\/www.europesays.com\/lv\/wp-json\/wp\/v2\/posts\/105392\/revisions"}],"wp:featuredmedia":[{"embeddable":true,"href":"https:\/\/www.europesays.com\/lv\/wp-json\/wp\/v2\/media\/105393"}],"wp:attachment":[{"href":"https:\/\/www.europesays.com\/lv\/wp-json\/wp\/v2\/media?parent=105392"}],"wp:term":[{"taxonomy":"category","embeddable":true,"href":"https:\/\/www.europesays.com\/lv\/wp-json\/wp\/v2\/categories?post=105392"},{"taxonomy":"post_tag","embeddable":true,"href":"https:\/\/www.europesays.com\/lv\/wp-json\/wp\/v2\/tags?post=105392"}],"curies":[{"name":"wp","href":"https:\/\/api.w.org\/{rel}","templated":true}]}}