{"id":105394,"date":"2026-01-15T11:00:17","date_gmt":"2026-01-15T11:00:17","guid":{"rendered":"https:\/\/www.europesays.com\/lv\/105394\/"},"modified":"2026-01-15T11:00:17","modified_gmt":"2026-01-15T11:00:17","slug":"video-%e2%9f%a9-uzticejas-navigacijai-ka-kravas-auto-iespruda-zem-akmens-tilta","status":"publish","type":"post","link":"https:\/\/www.europesays.com\/lv\/105394\/","title":{"rendered":"VIDEO \u27e9 Uztic\u0113j\u0101s navig\u0101cijai. K\u0101 kravas auto iespr\u016bda zem Akmens tilta"},"content":{"rendered":"<p>Lai gan 11. novembra krastmal\u0101 pirms Akmens tilta uzst\u0101d\u012btas vair\u0101kas z\u012bmes, kas nor\u0101da p\u0101rvada augstumu, un ir ar\u012b piem\u0113rs, k\u0101 apbraukt tiltu, ja transportl\u012bdzeklis ir liel\u0101ks, biju\u0161i vair\u0101ki gad\u012bjumi, kad smagais auto neveiksm\u012bgi cen\u0161as izbraukt zem tilta un noblo\u0137\u0113 satiksmi. \u0160oreiz nelaim\u012bg\u0101 auto \u0161oferis tur nok\u013cuvis, uzticoties navig\u0101cijai.<\/p>\n<p>&#8220;Navigators veda, nepiev\u0113rsu uzman\u012bbu. Esmu vain\u012bgs. Piekab\u0113 pap\u012brs,&#8221; raid\u012bjumam st\u0101sta f\u016bres \u0161oferis. Transportl\u012bdzeklim boj\u0101ts gan vilc\u0113js, gan teju piln\u012bb\u0101 izn\u012bcin\u0101ta pati piekabe.<\/p>\n<p>Apollo.lv jau v\u0113st\u012bja, ka izsaukumu uz notikuma vietu Valsts policija sa\u0146\u0113musi ap tre\u0161dienas plkst. 13. Negad\u012bjum\u0101 neviens necieta.<\/p>\n<p>Vair\u0101k skaties si\u017eet\u0101:<\/p>\n","protected":false},"excerpt":{"rendered":"Lai gan 11. novembra krastmal\u0101 pirms Akmens tilta uzst\u0101d\u012btas vair\u0101kas z\u012bmes, kas nor\u0101da p\u0101rvada augstumu, un ir ar\u012b&hellip;\n","protected":false},"author":2,"featured_media":105395,"comment_status":"","ping_status":"","sticky":false,"template":"","format":"standard","meta":{"footnotes":""},"categories":[12],"tags":[5867,25182,23,28,29,32,33,22,30,31,35,39,38,36,37,34,40,20,26,27,172,24,25,21],"class_list":{"0":"post-105394","1":"post","2":"type-post","3":"status-publish","4":"format-standard","5":"has-post-thumbnail","7":"category-latvija","8":"tag-kravas-auto","9":"tag-akmens-tilts","10":"tag-aktualitates","11":"tag-breaking-news","12":"tag-breakingnews","13":"tag-featured-news","14":"tag-featurednews","15":"tag-headlines","16":"tag-latest-news","17":"tag-latestnews","18":"tag-latvia","19":"tag-latvian","20":"tag-latviesu","21":"tag-latviesu-valoda","22":"tag-latviesuvaloda","23":"tag-latvija","24":"tag-lv","25":"tag-news","26":"tag-popularakas-zinas","27":"tag-popularakaszinas","28":"tag-riga","29":"tag-top-stories","30":"tag-topstories","31":"tag-zinas"},"share_on_mastodon":{"url":"https:\/\/pubeurope.com\/@lv\/115898773118402505","error":""},"_links":{"self":[{"href":"https:\/\/www.europesays.com\/lv\/wp-json\/wp\/v2\/posts\/105394","targetHints":{"allow":["GET"]}}],"collection":[{"href":"https:\/\/www.europesays.com\/lv\/wp-json\/wp\/v2\/posts"}],"about":[{"href":"https:\/\/www.europesays.com\/lv\/wp-json\/wp\/v2\/types\/post"}],"author":[{"embeddable":true,"href":"https:\/\/www.europesays.com\/lv\/wp-json\/wp\/v2\/users\/2"}],"replies":[{"embeddable":true,"href":"https:\/\/www.europesays.com\/lv\/wp-json\/wp\/v2\/comments?post=105394"}],"version-history":[{"count":0,"href":"https:\/\/www.europesays.com\/lv\/wp-json\/wp\/v2\/posts\/105394\/revisions"}],"wp:featuredmedia":[{"embeddable":true,"href":"https:\/\/www.europesays.com\/lv\/wp-json\/wp\/v2\/media\/105395"}],"wp:attachment":[{"href":"https:\/\/www.europesays.com\/lv\/wp-json\/wp\/v2\/media?parent=105394"}],"wp:term":[{"taxonomy":"category","embeddable":true,"href":"https:\/\/www.europesays.com\/lv\/wp-json\/wp\/v2\/categories?post=105394"},{"taxonomy":"post_tag","embeddable":true,"href":"https:\/\/www.europesays.com\/lv\/wp-json\/wp\/v2\/tags?post=105394"}],"curies":[{"name":"wp","href":"https:\/\/api.w.org\/{rel}","templated":true}]}}