{"id":105398,"date":"2026-01-15T11:02:07","date_gmt":"2026-01-15T11:02:07","guid":{"rendered":"https:\/\/www.europesays.com\/lv\/105398\/"},"modified":"2026-01-15T11:02:07","modified_gmt":"2026-01-15T11:02:07","slug":"operdziedataja-brigita-cirkse-reisone-iesligusi-grutsirdiba-es-esmu-milzigs-kauna-traips-jauns-lv","status":"publish","type":"post","link":"https:\/\/www.europesays.com\/lv\/105398\/","title":{"rendered":"Operdzied\u0101t\u0101ja Brigita \u010cirk\u0161e-Reisone iesl\u012bgusi gr\u016btsird\u012bb\u0101. &quot;Es esmu milz\u012bgs kauna traips!&quot; &#8211; Jauns.lv"},"content":{"rendered":"<ol>\n<li><a href=\"https:\/\/news.google.com\/rss\/articles\/CBMixwFBVV95cUxOdlROMVBtbThYeWl5bkZvUldfbHI4eFJJYXVFTDNGeWJ0Ukx4bS1ZVU0yS2hteUFyUjFvcG1qOUdoemIzbFFHV3o5Q1IwWWNXZDJzLURGb0puWVRIbGlfU1B4OWJmNGV0a1ZEV1FPWjFBSXN3YmFYeV9pZHNleEQ1SFo4ZTY1SnlQVTdsQ1NyQlh1eVRCdUVIMmJQLXlHbW01a2VUVklJVll5d01qaHZzdlZaQmVfLU55dFo5eXlaaGhRcDhqWWlv?oc=5\" target=\"_blank\" rel=\"nofollow noopener\">Operdzied\u0101t\u0101ja Brigita \u010cirk\u0161e-Reisone iesl\u012bgusi gr\u016btsird\u012bb\u0101. &#8220;Es esmu milz\u012bgs kauna traips!&#8221;<\/a>&nbsp;&nbsp;Jauns.lv<\/li>\n<li><a href=\"https:\/\/news.google.com\/rss\/articles\/CBMizwFBVV95cUxNRGpITTlZNkQzX0RHTG1JZmc1QzNuNVctZDd0UnJFbVdnZElmb1NSUTB1RWpNTFpHSkt4TnZ3TjB4V3FqNWhJVXRSSHZxNnU0eVVwTVFYX253ZmlKT055X0JZZHp5aWx6QkJfU2lMWlBWelFYMzBSOV9WV1pncGdyNkZDSnhQQ1lrRHpsN05od3pUQ0EwbkRGQkx6U0RuN3g0TVV3MEpJbExDaTYzbjBwdVVYM3RlX2xXbjl1cFk4dml6dmtmT1I3UXZjLXl0QzA?oc=5\" target=\"_blank\" rel=\"nofollow noopener\">&#8220;Esmu milz\u012bgs kauna traips.&#8221; Daudzsolo\u0161\u0101 operdzied\u0101t\u0101ja Brigita Reisone dal\u0101s skarb\u0101s atzi\u0146\u0101s par karjeru<\/a>&nbsp;&nbsp;1188.lv<\/li>\n<li><a href=\"https:\/\/news.google.com\/rss\/articles\/CBMivAFBVV95cUxNQ3V1b19lc3BpWjA2N0tOZmIxR0Y4WmE3TTJTQTZzaVYxa3EwYWRieUFTODYya0gxS3JTNWtscVBrR2pwT055d1NmbGRMR01jcnN3alVybFJNcGlDQnRtd0V5WUd4Zlh6bTdTVU9WVkpPSlJ5WjhzdHBMQUNNeGlFQzhKLWwxRGoteTE4YTJJTFhWUWlGaDVud0UtMktqOEVTNnctamVKV0l4YnFaYWRJNlVVNkJaaDh0UFBCWA?oc=5\" target=\"_blank\" rel=\"nofollow noopener\">Brigita Reinsone atkl\u0101ti par operas aizkulis\u0113m: t\u0101 ir elit\u0101ra sabiedr\u012bba&#8230;atkal neesmu pa\u0146emta<\/a>&nbsp;&nbsp;NRA<\/li>\n<li><a href=\"https:\/\/news.google.com\/rss\/articles\/CBMizwFBVV95cUxOS1BxelkwWGluRkdMaWl3QjRqV0ZmM3FpeXdPMXFCUGVTV29ySkNjT3ZLZkdyUV91VEZka1lpblFpNEFwRVVTUUlVWW4wUG9Gb21zRUdmYXFyQTVYWjAydVVveUkxME9JNkxPSU5aMklsclNCbDhzdWhmVTZIMFF6MXVTVVR1ZEpoWUdtM25wbFF4QXFSNGludkNtMVJ6Qkx6NTRmcUVLSW40VTF0Uzd4blJNR0NhaUxmMHU0NEt5aEw4OXpqdEc5MUk3VTBtaVU?oc=5\" target=\"_blank\" rel=\"nofollow noopener\">P\u0101rdziedi mani! zvaigzne Reisone: Beidzot iem\u0101c\u012bjos citiem pateikt, ka man tagad ir gr\u016bti<\/a>&nbsp;&nbsp;Santa.lv<\/li>\n<li><a href=\"https:\/\/news.google.com\/rss\/articles\/CBMimAFBVV95cUxOYnRlOERIYl80X0xKZENjdFl1WElZN3Z2U1AxMFFleXlyRW1OUXBNeFltUDFlX0dWaGV0eE10NkZSY2hMeEdKLWFKZ0RHQUdxbGVNVHd6WGJHYWYtLVFHVGM5OVRIRklFZERjdWFVSjVjQy1vQjlMV0tCNmZaTHdPRWxFVURYRzJ4ZVIwMmlweWRlLU81STlxRQ?oc=5\" target=\"_blank\" rel=\"nofollow noopener\">Operdzied\u0101t\u0101ja Brigita Reisone atkl\u0101jusi, kas ir vi\u0146as m\u012b\u013cotais<\/a>&nbsp;&nbsp;Sejas.lv<\/li>\n<\/ol>\n","protected":false},"excerpt":{"rendered":"Operdzied\u0101t\u0101ja Brigita \u010cirk\u0161e-Reisone iesl\u012bgusi gr\u016btsird\u012bb\u0101. &#8220;Es esmu milz\u012bgs kauna traips!&#8221;&nbsp;&nbsp;Jauns.lv &#8220;Esmu milz\u012bgs kauna traips.&#8221; Daudzsolo\u0161\u0101 operdzied\u0101t\u0101ja Brigita Reisone&hellip;\n","protected":false},"author":2,"featured_media":105399,"comment_status":"","ping_status":"","sticky":false,"template":"","format":"standard","meta":{"footnotes":""},"categories":[19],"tags":[89,90,35,39,38,36,37,34,40],"class_list":{"0":"post-105398","1":"post","2":"type-post","3":"status-publish","4":"format-standard","5":"has-post-thumbnail","7":"category-izklaide","8":"tag-entertainment","9":"tag-izklaide","10":"tag-latvia","11":"tag-latvian","12":"tag-latviesu","13":"tag-latviesu-valoda","14":"tag-latviesuvaloda","15":"tag-latvija","16":"tag-lv"},"share_on_mastodon":{"url":"","error":""},"_links":{"self":[{"href":"https:\/\/www.europesays.com\/lv\/wp-json\/wp\/v2\/posts\/105398","targetHints":{"allow":["GET"]}}],"collection":[{"href":"https:\/\/www.europesays.com\/lv\/wp-json\/wp\/v2\/posts"}],"about":[{"href":"https:\/\/www.europesays.com\/lv\/wp-json\/wp\/v2\/types\/post"}],"author":[{"embeddable":true,"href":"https:\/\/www.europesays.com\/lv\/wp-json\/wp\/v2\/users\/2"}],"replies":[{"embeddable":true,"href":"https:\/\/www.europesays.com\/lv\/wp-json\/wp\/v2\/comments?post=105398"}],"version-history":[{"count":0,"href":"https:\/\/www.europesays.com\/lv\/wp-json\/wp\/v2\/posts\/105398\/revisions"}],"wp:featuredmedia":[{"embeddable":true,"href":"https:\/\/www.europesays.com\/lv\/wp-json\/wp\/v2\/media\/105399"}],"wp:attachment":[{"href":"https:\/\/www.europesays.com\/lv\/wp-json\/wp\/v2\/media?parent=105398"}],"wp:term":[{"taxonomy":"category","embeddable":true,"href":"https:\/\/www.europesays.com\/lv\/wp-json\/wp\/v2\/categories?post=105398"},{"taxonomy":"post_tag","embeddable":true,"href":"https:\/\/www.europesays.com\/lv\/wp-json\/wp\/v2\/tags?post=105398"}],"curies":[{"name":"wp","href":"https:\/\/api.w.org\/{rel}","templated":true}]}}