{"id":105400,"date":"2026-01-15T11:05:10","date_gmt":"2026-01-15T11:05:10","guid":{"rendered":"https:\/\/www.europesays.com\/lv\/105400\/"},"modified":"2026-01-15T11:05:10","modified_gmt":"2026-01-15T11:05:10","slug":"asv-atkal-notikusi-apsaude-imigracijas-agents-sasauj-virieti-cilveki-izgajusi-protestos","status":"publish","type":"post","link":"https:\/\/www.europesays.com\/lv\/105400\/","title":{"rendered":"ASV atkal notikusi ap\u0161aude \u2013 imigr\u0101cijas a\u0123ents sa\u0161auj v\u012brieti; cilv\u0113ki izg\u0101ju\u0161i protestos"},"content":{"rendered":"<p>Saska\u0146\u0101 ar ASV Iek\u0161zemes dro\u0161\u012bbas departamenta sniegto inform\u0101ciju, ap\u0161aude notika p\u0113c m\u0113r\u0137tiec\u012bgas satiksmes aptur\u0113\u0161anas, kuras laik\u0101 tika m\u0113\u0123in\u0101ts aiztur\u0113t neleg\u0101li valst\u012b uzturo\u0161os Venecu\u0113las pilsoni. V\u012brietis esot m\u0113\u0123in\u0101jis izb\u0113gt no aiztur\u0113\u0161anas, ar automa\u0161\u012bnu ietriecoties st\u0101vo\u0161\u0101 transportl\u012bdzekl\u012b, p\u0113c tam pametot auto un b\u0113got k\u0101j\u0101m.<\/p>\n<p>Kad ICE a\u0123ents pan\u0101cis aizdom\u0101s tur\u0113to, v\u012brietis s\u0101cis vardarb\u012bgi pretoties. DHS pazi\u0146ojum\u0101 nor\u0101d\u012bts, ka konflikta laik\u0101 no tuv\u0113j\u0101s m\u0101jas izn\u0101ku\u0161as v\u0113l divas personas, kuras uzbruku\u0161as a\u0123entam ar sniega l\u0101pstu un slotas k\u0101tu. Br\u012bd\u012b, kad a\u0123ents esot non\u0101cis tr\u012bs cilv\u0113ku uzbrukuma vid\u016b un baid\u012bjies par savu dz\u012bv\u012bbu, vi\u0146\u0161 atkl\u0101jis uguni pa aizdom\u0101s tur\u0113to, ievainojot vi\u0146u k\u0101j\u0101.<\/p>\n<p>Gan sa\u0161autais v\u012brietis, gan ICE a\u0123ents nog\u0101d\u0101ti slimn\u012bc\u0101. Divas personas, kuras, iesp\u0113jams, piedal\u012bj\u0101s uzbrukum\u0101, ir aiztur\u0113tas.<\/p>\n<p>P\u0113c jaun\u0101k\u0101s ap\u0161audes Mineapolis\u0101 izc\u0113lu\u0161ies protesti. Demonstranti pulc\u0113j\u0101s notikuma vietas tuvum\u0101, pau\u017eot dusmas pret ICE darb\u012bbu pils\u0113t\u0101. Protestu laik\u0101 feder\u0101lie a\u0123enti un policija izmantoja asaru g\u0101zi, piparu mun\u012bciju un trok\u0161\u0146a gran\u0101tas.<\/p>\n<p>Mineapolisas pils\u0113tas vad\u012bba aicin\u0101jusi iedz\u012bvot\u0101jus saglab\u0101t mieru, vienlaikus atk\u0101rtoti pieprasot, lai ICE nekav\u0113joties pamestu pils\u0113tu un Minesotas \u0161tatu. Pils\u0113tas m\u0113rs un policijas priek\u0161nieks tuv\u0101kaj\u0101 laik\u0101 pl\u0101no r\u012bkot preses konferenci, lai sniegtu papildu inform\u0101ciju par notikumiem.<\/p>\n<p class=\"tv3-fw-500\">Zi\u0146o par k\u013c\u016bdu rakst\u0101<\/p>\n<p class=\"d-md-block d-none\">Iez\u012bm\u0113 k\u013c\u016bdaino tekstu un spied Ctrl+Enter.<\/p>\n<p class=\"d-md-none d-block\">Iez\u012bm\u0113 k\u013c\u016bdaino tekstu un zi\u0146o par to!<\/p>\n","protected":false},"excerpt":{"rendered":"Saska\u0146\u0101 ar ASV Iek\u0161zemes dro\u0161\u012bbas departamenta sniegto inform\u0101ciju, ap\u0161aude notika p\u0113c m\u0113r\u0137tiec\u012bgas satiksmes aptur\u0113\u0161anas, kuras laik\u0101 tika m\u0113\u0123in\u0101ts&hellip;\n","protected":false},"author":2,"featured_media":105401,"comment_status":"","ping_status":"","sticky":false,"template":"","format":"standard","meta":{"footnotes":""},"categories":[14],"tags":[23,25262,57,28,29,32,33,22,30,31,35,39,38,36,37,34,40,20,26,27,24,25,54,55,56,21,58],"class_list":{"0":"post-105400","1":"post","2":"type-post","3":"status-publish","4":"format-standard","5":"has-post-thumbnail","7":"category-zinas-no-arvalstim","8":"tag-aktualitates","9":"tag-apsaude-asvasv","10":"tag-arvalstim","11":"tag-breaking-news","12":"tag-breakingnews","13":"tag-featured-news","14":"tag-featurednews","15":"tag-headlines","16":"tag-latest-news","17":"tag-latestnews","18":"tag-latvia","19":"tag-latvian","20":"tag-latviesu","21":"tag-latviesu-valoda","22":"tag-latviesuvaloda","23":"tag-latvija","24":"tag-lv","25":"tag-news","26":"tag-popularakas-zinas","27":"tag-popularakaszinas","28":"tag-top-stories","29":"tag-topstories","30":"tag-world","31":"tag-world-news","32":"tag-worldnews","33":"tag-zinas","34":"tag-zinas-no-arvalstim"},"share_on_mastodon":{"url":"https:\/\/pubeurope.com\/@lv\/115898792272521890","error":""},"_links":{"self":[{"href":"https:\/\/www.europesays.com\/lv\/wp-json\/wp\/v2\/posts\/105400","targetHints":{"allow":["GET"]}}],"collection":[{"href":"https:\/\/www.europesays.com\/lv\/wp-json\/wp\/v2\/posts"}],"about":[{"href":"https:\/\/www.europesays.com\/lv\/wp-json\/wp\/v2\/types\/post"}],"author":[{"embeddable":true,"href":"https:\/\/www.europesays.com\/lv\/wp-json\/wp\/v2\/users\/2"}],"replies":[{"embeddable":true,"href":"https:\/\/www.europesays.com\/lv\/wp-json\/wp\/v2\/comments?post=105400"}],"version-history":[{"count":0,"href":"https:\/\/www.europesays.com\/lv\/wp-json\/wp\/v2\/posts\/105400\/revisions"}],"wp:featuredmedia":[{"embeddable":true,"href":"https:\/\/www.europesays.com\/lv\/wp-json\/wp\/v2\/media\/105401"}],"wp:attachment":[{"href":"https:\/\/www.europesays.com\/lv\/wp-json\/wp\/v2\/media?parent=105400"}],"wp:term":[{"taxonomy":"category","embeddable":true,"href":"https:\/\/www.europesays.com\/lv\/wp-json\/wp\/v2\/categories?post=105400"},{"taxonomy":"post_tag","embeddable":true,"href":"https:\/\/www.europesays.com\/lv\/wp-json\/wp\/v2\/tags?post=105400"}],"curies":[{"name":"wp","href":"https:\/\/api.w.org\/{rel}","templated":true}]}}