{"id":105402,"date":"2026-01-15T11:06:07","date_gmt":"2026-01-15T11:06:07","guid":{"rendered":"https:\/\/www.europesays.com\/lv\/105402\/"},"modified":"2026-01-15T11:06:07","modified_gmt":"2026-01-15T11:06:07","slug":"satiksmes-ministrija-pieprasa-aprekinus-par-rail-baltica-tilta-balsta-iekonservesanu-daugava","status":"publish","type":"post","link":"https:\/\/www.europesays.com\/lv\/105402\/","title":{"rendered":"Satiksmes ministrija pieprasa apr\u0113\u0137inus par &#8220;Rail Baltica&#8221; tilta balsta iekonserv\u0113\u0161anu Daugav\u0101"},"content":{"rendered":"<p>Ministru prezidente Evika Sili\u0146a (JV) tre\u0161dien, 14. janv\u0101r\u012b, \u017eurn\u0101listiem uzsv\u0113ra, ka k\u0101dam noteikti b\u016btu j\u0101uz\u0146emas atbild\u012bba par dzelzce\u013ca projekta &#8220;Rail Baltica&#8221; nepabeigto tilta balstu Daugav\u0101.<\/p>\n<p>P\u0113c premjeres sac\u012bt\u0101 noprotams, ka vi\u0146a ir pras\u012bjusi satiksmes ministram apr\u0113\u0137in\u0101t, cik izmaks\u0101tu nepiecie\u0161amie risin\u0101jumi balsta iekonserv\u0113\u0161anai, bet apr\u0113\u0137ins v\u0113l nav veikts. &#8220;Bet t\u0101pat notiek ar\u012b izmekl\u0113\u0161ana par &#8220;Rail Baltic&#8221;, jo es piln\u012bgi piekr\u012btu, ka nevienam vien ir j\u0101uz\u0146emas atbild\u012bba par to, k\u0101d\u0101 veid\u0101 \u0161is projekts ir vad\u012bts,&#8221; uzsv\u0113ra Sili\u0146a.<\/p>\n<p>Jau v\u0113st\u012bts, ka EDzL valdes priek\u0161s\u0113d\u0113t\u0101js M\u0101ris Dzelme \u0161om\u0113nes TV24 raid\u012bjum\u0101 &#8220;Uz l\u012bnijas&#8221; atkl\u0101ja, ka Daugav\u0101 iedz\u012btais &#8220;Rail Baltica&#8221; tilta balsts \u0161ogad tiks iekonserv\u0113ts, bet t\u0101 &#8220;atkonserv\u0113\u0161ana&#8221; visdr\u012bz\u0101k notiks tikai p\u0113c 2030. gada.<\/p>\n<p>Zi\u0146ots ar\u012b, ka atbilsto\u0161i &#8220;RB Rail&#8221; inform\u0101cijai &#8220;Rail Baltica&#8221; pirm\u0101s k\u0101rtas izmaksas Baltij\u0101 var\u0113tu sasniegt 14,3 miljardus eiro, no tiem Latvij\u0101 &#8211; 5,5 miljardus eiro, tom\u0113r ir iesp\u0113jams potenci\u0101ls ietaup\u012bjums l\u012bdz 500 miljoniem eiro no tehnisko risin\u0101jumu optimiz\u0101cijas, k\u0101 ar\u012b ir iesp\u0113jami citi ietaup\u012bjumi.<\/p>\n<p>Kop\u0113j\u0101s projekta izmaksas atbilsto\u0161i izmaksu un ieguvumu anal\u012bzei Baltij\u0101 var sasniegt 23,8 miljardus eiro. Iepriek\u0161\u0113j\u0101 izmaksu un ieguvumu anal\u012bz\u0113 2017. gad\u0101 tika l\u0113sts, ka projekts kopum\u0101 izmaks\u0101s 5,8 miljardus eiro.<\/p>\n<p>&#8220;Rail Baltica&#8221; projekts paredz izveidot Eiropas standarta slie\u017eu platuma dzelzce\u013ca l\u012bniju no Tallinas l\u012bdz Lietuvas un Polijas robe\u017eai, lai t\u0101l\u0101k ar dzelzce\u013cu Baltijas valstis b\u016btu iesp\u0113jams savienot ar cit\u0101m Eiropas valst\u012bm. Baltijas valst\u012bs pl\u0101nots izb\u016bv\u0113t jaunu, 870 kilometru garu Eiropas slie\u017eu platuma (1435 mm) dzelzce\u013ca l\u012bniju ar vilcienu maksim\u0101lo \u0101trumu 240 kilometri stund\u0101.<\/p>\n","protected":false},"excerpt":{"rendered":"Ministru prezidente Evika Sili\u0146a (JV) tre\u0161dien, 14. janv\u0101r\u012b, \u017eurn\u0101listiem uzsv\u0113ra, ka k\u0101dam noteikti b\u016btu j\u0101uz\u0146emas atbild\u012bba par dzelzce\u013ca&hellip;\n","protected":false},"author":2,"featured_media":105403,"comment_status":"","ping_status":"","sticky":false,"template":"","format":"standard","meta":{"footnotes":""},"categories":[12],"tags":[23,28,29,32,33,22,30,31,35,39,38,36,37,34,3343,40,20,26,27,948,1529,24,25,21],"class_list":{"0":"post-105402","1":"post","2":"type-post","3":"status-publish","4":"format-standard","5":"has-post-thumbnail","7":"category-latvija","8":"tag-aktualitates","9":"tag-breaking-news","10":"tag-breakingnews","11":"tag-featured-news","12":"tag-featurednews","13":"tag-headlines","14":"tag-latest-news","15":"tag-latestnews","16":"tag-latvia","17":"tag-latvian","18":"tag-latviesu","19":"tag-latviesu-valoda","20":"tag-latviesuvaloda","21":"tag-latvija","22":"tag-latvijas-dzelzcels","23":"tag-lv","24":"tag-news","25":"tag-popularakas-zinas","26":"tag-popularakaszinas","27":"tag-rail-baltica","28":"tag-satiksme","29":"tag-top-stories","30":"tag-topstories","31":"tag-zinas"},"share_on_mastodon":{"url":"https:\/\/pubeurope.com\/@lv\/115898796140765378","error":""},"_links":{"self":[{"href":"https:\/\/www.europesays.com\/lv\/wp-json\/wp\/v2\/posts\/105402","targetHints":{"allow":["GET"]}}],"collection":[{"href":"https:\/\/www.europesays.com\/lv\/wp-json\/wp\/v2\/posts"}],"about":[{"href":"https:\/\/www.europesays.com\/lv\/wp-json\/wp\/v2\/types\/post"}],"author":[{"embeddable":true,"href":"https:\/\/www.europesays.com\/lv\/wp-json\/wp\/v2\/users\/2"}],"replies":[{"embeddable":true,"href":"https:\/\/www.europesays.com\/lv\/wp-json\/wp\/v2\/comments?post=105402"}],"version-history":[{"count":0,"href":"https:\/\/www.europesays.com\/lv\/wp-json\/wp\/v2\/posts\/105402\/revisions"}],"wp:featuredmedia":[{"embeddable":true,"href":"https:\/\/www.europesays.com\/lv\/wp-json\/wp\/v2\/media\/105403"}],"wp:attachment":[{"href":"https:\/\/www.europesays.com\/lv\/wp-json\/wp\/v2\/media?parent=105402"}],"wp:term":[{"taxonomy":"category","embeddable":true,"href":"https:\/\/www.europesays.com\/lv\/wp-json\/wp\/v2\/categories?post=105402"},{"taxonomy":"post_tag","embeddable":true,"href":"https:\/\/www.europesays.com\/lv\/wp-json\/wp\/v2\/tags?post=105402"}],"curies":[{"name":"wp","href":"https:\/\/api.w.org\/{rel}","templated":true}]}}