{"id":105406,"date":"2026-01-15T11:08:06","date_gmt":"2026-01-15T11:08:06","guid":{"rendered":"https:\/\/www.europesays.com\/lv\/105406\/"},"modified":"2026-01-15T11:08:06","modified_gmt":"2026-01-15T11:08:06","slug":"tiek-slegts-vecakais-naktsklubs-tallina-cafe-amigo","status":"publish","type":"post","link":"https:\/\/www.europesays.com\/lv\/105406\/","title":{"rendered":"Tiek sl\u0113gts vec\u0101kais naktsklubs Tallin\u0101 &#8220;Cafe Amigo&#8221;"},"content":{"rendered":"<p>Viesn\u012bcas &#8220;Viru Hotel&#8221; pagrab\u0101 eso\u0161ais klubs tika atv\u0113rts 1994. gad\u0101, ta\u010du febru\u0101r\u012b tas tiks sl\u0113gts.<\/p>\n<p>K\u0101 Igaunijas sabiedriskajai raidorganiz\u0101cijai ERR st\u0101st\u012bja kluba vad\u012bt\u0101js Tarmo Embluss, agr\u0101k pla\u0161i apmekl\u0113ti pas\u0101kumi klub\u0101 notika katru dienu, ta\u010du tagad tikai piektdien\u0101s un sestdien\u0101s klubs str\u0101d\u0101 akt\u012bvi, vienlaikus &#8220;\u012bre joproj\u0101m j\u0101maks\u0101 par septi\u0146\u0101m dien\u0101m&#8221; ned\u0113\u013c\u0101.<\/p>\n<blockquote class=\"quote ck-widget\" contenteditable=\"false\">\n<p>Embluss atzina, ka kluba apmekl\u0113t\u0101ju skaits nav palielin\u0101jies p\u0113c kras\u0101 krituma koronav\u012brusa pand\u0113mijas laik\u0101.<\/p>\n<\/blockquote>\n<p>Klub\u0101 ir uzst\u0101ju\u0161\u0101s daudzas popul\u0101ras igau\u0146u grupas, ta\u010du, k\u0101 atzina &#8220;Cafe Amigo&#8221; vad\u012bba, p\u0113d\u0113j\u0101 laik\u0101 apmekl\u0113t\u0101ji ierodas uz koncertu, bet p\u0113c uzst\u0101\u0161an\u0101s dodas prom. Ir saruku\u0161i ar\u012b vid\u0113jie klienta t\u0113ri\u0146i b\u0101r\u0101.<\/p>\n<p>Turkl\u0101t bez m\u016bzi\u0137u honor\u0101riem ir pieaugu\u0161as ar\u012b \u012bres, ener\u0123ijas un darbasp\u0113ka izmaksas, piebilda Embluss.<\/p>\n","protected":false},"excerpt":{"rendered":"Viesn\u012bcas &#8220;Viru Hotel&#8221; pagrab\u0101 eso\u0161ais klubs tika atv\u0113rts 1994. gad\u0101, ta\u010du febru\u0101r\u012b tas tiks sl\u0113gts. K\u0101 Igaunijas sabiedriskajai&hellip;\n","protected":false},"author":2,"featured_media":105407,"comment_status":"","ping_status":"","sticky":false,"template":"","format":"standard","meta":{"footnotes":""},"categories":[19],"tags":[89,90,35,39,38,36,37,34,40,2794],"class_list":{"0":"post-105406","1":"post","2":"type-post","3":"status-publish","4":"format-standard","5":"has-post-thumbnail","7":"category-izklaide","8":"tag-entertainment","9":"tag-izklaide","10":"tag-latvia","11":"tag-latvian","12":"tag-latviesu","13":"tag-latviesu-valoda","14":"tag-latviesuvaloda","15":"tag-latvija","16":"tag-lv","17":"tag-tallina"},"share_on_mastodon":{"url":"https:\/\/pubeurope.com\/@lv\/115898804019393760","error":""},"_links":{"self":[{"href":"https:\/\/www.europesays.com\/lv\/wp-json\/wp\/v2\/posts\/105406","targetHints":{"allow":["GET"]}}],"collection":[{"href":"https:\/\/www.europesays.com\/lv\/wp-json\/wp\/v2\/posts"}],"about":[{"href":"https:\/\/www.europesays.com\/lv\/wp-json\/wp\/v2\/types\/post"}],"author":[{"embeddable":true,"href":"https:\/\/www.europesays.com\/lv\/wp-json\/wp\/v2\/users\/2"}],"replies":[{"embeddable":true,"href":"https:\/\/www.europesays.com\/lv\/wp-json\/wp\/v2\/comments?post=105406"}],"version-history":[{"count":0,"href":"https:\/\/www.europesays.com\/lv\/wp-json\/wp\/v2\/posts\/105406\/revisions"}],"wp:featuredmedia":[{"embeddable":true,"href":"https:\/\/www.europesays.com\/lv\/wp-json\/wp\/v2\/media\/105407"}],"wp:attachment":[{"href":"https:\/\/www.europesays.com\/lv\/wp-json\/wp\/v2\/media?parent=105406"}],"wp:term":[{"taxonomy":"category","embeddable":true,"href":"https:\/\/www.europesays.com\/lv\/wp-json\/wp\/v2\/categories?post=105406"},{"taxonomy":"post_tag","embeddable":true,"href":"https:\/\/www.europesays.com\/lv\/wp-json\/wp\/v2\/tags?post=105406"}],"curies":[{"name":"wp","href":"https:\/\/api.w.org\/{rel}","templated":true}]}}