{"id":105408,"date":"2026-01-15T11:11:07","date_gmt":"2026-01-15T11:11:07","guid":{"rendered":"https:\/\/www.europesays.com\/lv\/105408\/"},"modified":"2026-01-15T11:11:07","modified_gmt":"2026-01-15T11:11:07","slug":"donalds-tramps-un-atra-edinasana-asv-veselibas-ministrs-bridina","status":"publish","type":"post","link":"https:\/\/www.europesays.com\/lv\/105408\/","title":{"rendered":"Donalds Tramps un \u0101tr\u0101 \u0113din\u0101\u0161ana: ASV vesel\u012bbas ministrs br\u012bdina"},"content":{"rendered":"<p class=\"descr\">ASV prezidents Donalds Tramps, kuram tagad ir 79 gadi, ce\u013cojumu laik\u0101 \u0113d daudz nevesel\u012bgas \u0101tr\u0101s \u0113din\u0101\u0161anas malt\u012b\u0161u, neskatoties uz to, ka kopum\u0101 vi\u0146\u0161 \u0113d vesel\u012bgi, atsaucoties uz ASV vesel\u012bbas ministru Robertu F. Kenediju jaun\u0101ko, raksta \u201cAssociated Press\u201d.<\/p>\n<p>Vi\u0146\u0161 sac\u012bja, ka Tramps \u0113d vesel\u012bgi sav\u0101 Mar-a-Lago rezidenc\u0113 Florid\u0101 un Baltaj\u0101 nam\u0101, bet ne ce\u013cojumu laik\u0101 &#8211; tad Tramps uzticas lielo korpor\u0101ciju, \u012bpa\u0161i McDonald&#8217;s. Tom\u0113r cilv\u0113kiem, kas ce\u013co kop\u0101 ar prezidentu, rodas iespaids, ka vi\u0146\u0161 &#8220;visu dienu barojas ar indi&#8221;.<\/p>\n<p>Tom\u0113r ministrs apgalvo, ka Trampa visp\u0101r\u0113jais vesel\u012bbas st\u0101voklis ir labs, un atz\u012bm\u0113, ka vi\u0146\u0161 parasti \u0113d vesel\u012bgi.<\/p>\n<p>&#8220;Vi\u0146am ir vesel\u012bba glu\u017ei k\u0101 dievam. Es nezinu, k\u0101 vi\u0146\u0161 ir dz\u012bvs, bet vi\u0146\u0161 ir,&#8221; Kenedijs teica par Trampu.<\/p>\n<p>Kenedijs jaun\u0101kais piebilda, ka Tramps ir &#8220;ener\u0123isk\u0101kais cilv\u0113ks&#8221;, ko &#8220;jebkur\u0161 no mums jebkad ir saticis&#8221;.<\/p>\n<p>Atg\u0101din\u0101m, ka decembr\u012b Baltais nams public\u0113ja <a href=\"https:\/\/nra.lv\/tautaruna\/slavenibas\/511145-donalda-trampa-veselibas-stavoklis-jaunakas-zinas-un-baumas.htm\" data-item-link=\"true\" data-item-id=\"511145\" rel=\"nofollow noopener\" target=\"_blank\">medic\u012bnisko zi\u0146ojumu par Donalda Trampa vesel\u012bbu<\/a>, kas bija balst\u012bts uz MRI sken\u0113\u0161anu, ko prezidents veica oktobr\u012b. \u0100rsti secin\u0101ja, ka rezult\u0101ti liecina, ka vi\u0146a galvenie org\u0101ni ir &#8220;\u013coti vesel\u012bg\u0101&#8221; st\u0101vokl\u012b.<\/p>\n<p>Tikm\u0113r nesen tika atkl\u0101ts, ka Tramps lieto lielas aspir\u012bna devas &#8211; vair\u0101k nek\u0101 \u0101rstu ieteikto dienas devu. Vi\u0146\u0161 to izskaidroja ar to, ka aspir\u012bns &#8220;at\u0161\u0137aida asinis&#8221;. Mediju zi\u0146ojumos ar\u012b nor\u0101d\u012bts, ka Tramps nereti valk\u0101 kompresijas ze\u0137es, lai c\u012bn\u012btos pret pot\u012b\u0161u piet\u016bkumu.<\/p>\n<p>Turkl\u0101t ASV prezidenta pal\u012bgi zi\u0146oja, ka Trampa dzirde pasliktin\u0101s, liekot vi\u0146am run\u0101t \u013coti ska\u013ci. Tramps ar\u012b maz gu\u013c, kas apgr\u016btina vi\u0146a koncentr\u0113\u0161an\u0101s sp\u0113jas v\u0113lo vakaru san\u0101ksm\u0113s, un \u0161is fakts k\u013c\u016bst paman\u0101ms pat telev\u012bzij\u0101. \u017durn\u0101listi ar\u012b atz\u012bm\u0113ja, ka, iz\u0146emot golfa sp\u0113l\u0113\u0161anu, Tramps nenodarbojas ar sportu. <\/p>\n<p>\t\t\t\t\t\tinfo<\/p>\n<p>Uzzini pirmais<br \/>kas interesants noticis Latvij\u0101 un pasaul\u0113,<br \/>pievienojoties mums <a href=\"https:\/\/t.me\/neatkariga\" rel=\"nofollow\">Telegram<\/a> vai <a href=\"https:\/\/whatsapp.com\/channel\/0029VaMLFUH5K3zLU5s4wm3y\" rel=\"nofollow noopener\" target=\"_blank\">Whatsapp<\/a> kan\u0101l\u0101<\/p>\n","protected":false},"excerpt":{"rendered":"ASV prezidents Donalds Tramps, kuram tagad ir 79 gadi, ce\u013cojumu laik\u0101 \u0113d daudz nevesel\u012bgas \u0101tr\u0101s \u0113din\u0101\u0161anas malt\u012b\u0161u, neskatoties&hellip;\n","protected":false},"author":2,"featured_media":105409,"comment_status":"","ping_status":"","sticky":false,"template":"","format":"standard","meta":{"footnotes":""},"categories":[14],"tags":[23,57,28,29,32,33,22,30,31,35,39,38,36,37,34,40,20,26,27,24,25,54,55,56,21,58],"class_list":{"0":"post-105408","1":"post","2":"type-post","3":"status-publish","4":"format-standard","5":"has-post-thumbnail","7":"category-zinas-no-arvalstim","8":"tag-aktualitates","9":"tag-arvalstim","10":"tag-breaking-news","11":"tag-breakingnews","12":"tag-featured-news","13":"tag-featurednews","14":"tag-headlines","15":"tag-latest-news","16":"tag-latestnews","17":"tag-latvia","18":"tag-latvian","19":"tag-latviesu","20":"tag-latviesu-valoda","21":"tag-latviesuvaloda","22":"tag-latvija","23":"tag-lv","24":"tag-news","25":"tag-popularakas-zinas","26":"tag-popularakaszinas","27":"tag-top-stories","28":"tag-topstories","29":"tag-world","30":"tag-world-news","31":"tag-worldnews","32":"tag-zinas","33":"tag-zinas-no-arvalstim"},"share_on_mastodon":{"url":"https:\/\/pubeurope.com\/@lv\/115898816016384307","error":""},"_links":{"self":[{"href":"https:\/\/www.europesays.com\/lv\/wp-json\/wp\/v2\/posts\/105408","targetHints":{"allow":["GET"]}}],"collection":[{"href":"https:\/\/www.europesays.com\/lv\/wp-json\/wp\/v2\/posts"}],"about":[{"href":"https:\/\/www.europesays.com\/lv\/wp-json\/wp\/v2\/types\/post"}],"author":[{"embeddable":true,"href":"https:\/\/www.europesays.com\/lv\/wp-json\/wp\/v2\/users\/2"}],"replies":[{"embeddable":true,"href":"https:\/\/www.europesays.com\/lv\/wp-json\/wp\/v2\/comments?post=105408"}],"version-history":[{"count":0,"href":"https:\/\/www.europesays.com\/lv\/wp-json\/wp\/v2\/posts\/105408\/revisions"}],"wp:featuredmedia":[{"embeddable":true,"href":"https:\/\/www.europesays.com\/lv\/wp-json\/wp\/v2\/media\/105409"}],"wp:attachment":[{"href":"https:\/\/www.europesays.com\/lv\/wp-json\/wp\/v2\/media?parent=105408"}],"wp:term":[{"taxonomy":"category","embeddable":true,"href":"https:\/\/www.europesays.com\/lv\/wp-json\/wp\/v2\/categories?post=105408"},{"taxonomy":"post_tag","embeddable":true,"href":"https:\/\/www.europesays.com\/lv\/wp-json\/wp\/v2\/tags?post=105408"}],"curies":[{"name":"wp","href":"https:\/\/api.w.org\/{rel}","templated":true}]}}