{"id":105410,"date":"2026-01-15T11:12:20","date_gmt":"2026-01-15T11:12:20","guid":{"rendered":"https:\/\/www.europesays.com\/lv\/105410\/"},"modified":"2026-01-15T11:12:20","modified_gmt":"2026-01-15T11:12:20","slug":"video-zili-uguni-debesis-un-nemierigs-prats-tresdienas-vakara-latviju-parbiede-noverotais-debesis","status":"publish","type":"post","link":"https:\/\/www.europesays.com\/lv\/105410\/","title":{"rendered":"VIDEO. Zili ugu\u0146i debes\u012bs un nemier\u012bgs pr\u0101ts! Tre\u0161dienas vakar\u0101 Latviju p\u0101rbied\u0113 nov\u0113rotais debes\u012bs"},"content":{"rendered":"<p>    <img decoding=\"async\" src=\"https:\/\/www.europesays.com\/lv\/wp-content\/uploads\/2026\/01\/e3d4b347-d644-4085-b8fa-ad1bc093e508-1024x768.jpg\" alt=\"&#10;\"\/><\/p>\n<p>Aculiecinieka foto no Ogres puses.\n<\/p>\n<p>\u201cJa k\u0101ds v\u0113l \u0161ovakar (14.01.) ap pl. 21.00 debes\u012bs paman\u012bja spo\u017eu uzliesmojumu-tas bija brangs meteors jeb \u013coooti spo\u017ea \u201ckr\u012bto\u0161\u0101 zvaigzne\u201d,\u201d t\u0101 vakardien vakar\u0101 debes\u012bs paman\u012bto p\u0113k\u0161\u0146o zilo uzplaiksn\u012bjumu izskaidro Martins Berg\u0161teins, laika zi\u0146u un dabas par\u0101d\u012bbu p\u0101rzin\u0101t\u0101js.<\/p>\n<p>        Las\u012bt\u0101kie<br \/>\n        <a data-imagesrc=\"{&quot;300&quot;:&quot;https:\\\/\\\/lastatic.ams3.cdn.digitaloceanspaces.com\\\/2024\\\/04\\\/LET_24762978-1-300x199.jpg&quot;,&quot;768&quot;:&quot;https:\\\/\\\/lastatic.ams3.cdn.digitaloceanspaces.com\\\/2024\\\/04\\\/LET_24762978-1-768x510.jpg&quot;,&quot;200&quot;:&quot;https:\\\/\\\/lastatic.ams3.cdn.digitaloceanspaces.com\\\/2024\\\/04\\\/LET_24762978-1-200x133.jpg&quot;,&quot;400&quot;:&quot;https:\\\/\\\/lastatic.ams3.cdn.digitaloceanspaces.com\\\/2024\\\/04\\\/LET_24762978-1-400x266.jpg&quot;,&quot;500&quot;:&quot;https:\\\/\\\/lastatic.ams3.cdn.digitaloceanspaces.com\\\/2024\\\/04\\\/LET_24762978-1-500x332.jpg&quot;,&quot;800&quot;:&quot;https:\\\/\\\/lastatic.ams3.cdn.digitaloceanspaces.com\\\/2024\\\/04\\\/LET_24762978-1-800x531.jpg&quot;,&quot;1000&quot;:&quot;https:\\\/\\\/lastatic.ams3.cdn.digitaloceanspaces.com\\\/2024\\\/04\\\/LET_24762978-1.jpg&quot;}\" data-focuspoint=\"{&quot;x&quot;:&quot;47.38156399614123&quot;,&quot;y&quot;:&quot;33.25313680149975&quot;}\" data-p=\"2494626\" href=\"https:\/\/www.la.lv\/karmiska-vilkme-uz-lindam-pilseta-baumo-ka-hosams-abu-meri-ir-ar-jau-treso-lindu\" class=\"content-item lazy-load\" wp_automatic_readability=\"26.5\" rel=\"nofollow noopener\" target=\"_blank\"><\/p>\n<p>                                <img decoding=\"async\" src=\"\" alt=\"\" style=\"object-position: 47.38156399614123% 33.25313680149975%\" data-imageid=\"\"\/><\/p>\n<p>                                Kokteilis<\/p>\n<p>\n                                                \u201cKarmiska vilkme uz Lind\u0101m\u201d \u2013 pils\u0113t\u0101 baumo, ka Hosams Abu Meri ir ar jau tre\u0161o Lindu\n                            <\/p>\n<p><\/a><a data-imagesrc=\"{&quot;300&quot;:&quot;https:\\\/\\\/lastatic.ams3.cdn.digitaloceanspaces.com\\\/2026\\\/01\\\/FotoJet-5-300x200.jpg&quot;,&quot;1024&quot;:&quot;https:\\\/\\\/lastatic.ams3.cdn.digitaloceanspaces.com\\\/2026\\\/01\\\/FotoJet-5-1024x683.jpg&quot;,&quot;1536&quot;:&quot;https:\\\/\\\/lastatic.ams3.cdn.digitaloceanspaces.com\\\/2026\\\/01\\\/FotoJet-5-1536x1024.jpg&quot;,&quot;500&quot;:&quot;https:\\\/\\\/lastatic.ams3.cdn.digitaloceanspaces.com\\\/2026\\\/01\\\/FotoJet-5-500x333.jpg&quot;,&quot;800&quot;:&quot;https:\\\/\\\/lastatic.ams3.cdn.digitaloceanspaces.com\\\/2026\\\/01\\\/FotoJet-5-800x533.jpg&quot;,&quot;1800&quot;:&quot;https:\\\/\\\/lastatic.ams3.cdn.digitaloceanspaces.com\\\/2026\\\/01\\\/FotoJet-5.jpg&quot;}\" data-focuspoint=\"&quot;&quot;\" data-p=\"2491277\" href=\"https:\/\/www.la.lv\/vecums-nav-spriedums-5-pazimes-kas-liecina-ka-jus-novecojat-loti-veiksmigi\" class=\"content-item lazy-load\" wp_automatic_readability=\"27\" rel=\"nofollow noopener\" target=\"_blank\"><\/p>\n<p>                                <img decoding=\"async\" src=\"\" alt=\"\" style=\"\" data-imageid=\"\"\/><\/p>\n<p>\n                                                Vecums nav spriedums: 5 paz\u012bmes, kas liecina, ka j\u016bs novecojat \u013coti veiksm\u012bgi\n                            <\/p>\n<p><\/a><a data-imagesrc=\"{&quot;300&quot;:&quot;https:\\\/\\\/lastatic.ams3.cdn.digitaloceanspaces.com\\\/2026\\\/01\\\/afp_36n63th-300x200.jpg&quot;,&quot;1024&quot;:&quot;https:\\\/\\\/lastatic.ams3.cdn.digitaloceanspaces.com\\\/2026\\\/01\\\/afp_36n63th-1024x683.jpg&quot;,&quot;1536&quot;:&quot;https:\\\/\\\/lastatic.ams3.cdn.digitaloceanspaces.com\\\/2026\\\/01\\\/afp_36n63th-1536x1024.jpg&quot;,&quot;500&quot;:&quot;https:\\\/\\\/lastatic.ams3.cdn.digitaloceanspaces.com\\\/2026\\\/01\\\/afp_36n63th-500x333.jpg&quot;,&quot;800&quot;:&quot;https:\\\/\\\/lastatic.ams3.cdn.digitaloceanspaces.com\\\/2026\\\/01\\\/afp_36n63th-800x533.jpg&quot;,&quot;2560&quot;:&quot;https:\\\/\\\/lastatic.ams3.cdn.digitaloceanspaces.com\\\/2026\\\/01\\\/afp_36n63th-scaled.jpg&quot;}\" data-focuspoint=\"&quot;&quot;\" data-p=\"2492733\" href=\"https:\/\/www.la.lv\/tas-nav-normali-bet-ta-tas-ir-slaidins-atklaj-pratam-neaptveramas-lietas-kas-notiek-ar-rietumu-sankcijam-pret-krievijas-militaro-rupniecibu\" class=\"content-item lazy-load\" wp_automatic_readability=\"27.5\" rel=\"nofollow noopener\" target=\"_blank\"><\/p>\n<p>                                <img decoding=\"async\" src=\"\" alt=\"\" style=\"\" data-imageid=\"\"\/><\/p>\n<p>                                TV24<\/p>\n<p>                                            \u201cTas nav norm\u0101li, bet t\u0101 tas ir!\u201d Slaidi\u0146\u0161 atkl\u0101j pr\u0101tam neaptveramas lietas, kas notiek ar Rietumu sankcij\u0101m pret Krievijas milit\u0101ro r\u016bpniec\u012bbu\n                            <\/p>\n<p><\/a><br \/>\n        <a class=\"read-more\" href=\"https:\/\/www.la.lv\/top\" rel=\"nofollow noopener\" target=\"_blank\">Las\u012bt citas zi\u0146as<\/a><\/p>\n<p>Visvair\u0101k satraukuma pilnu jaut\u0101jumu bija no Ogres puses, kur, ac\u012bmredzot, \u0161\u012b dabas par\u0101d\u012bba bija visizteiksm\u012bg\u0101k\u0101 un visvair\u0101k paman\u0101m\u0101. K\u0101 LA.lv v\u0113st\u012bja aculieciniece: \u201cP\u0113k\u0161\u0146i debes\u012bs uzplaiksn\u012bja kaut kas zils, liels un spo\u017es un tad pazuda, bet visa pamale zilgana bija ilg\u0101ku laiku!\u201d<\/p>\n<p>Par l\u012bdz\u012bgiem nov\u0113rojumiem liecin\u0101ja ar\u012b daudzie jaut\u0101jumi soci\u0101lajos t\u012bklos: kas notiek, kas tas bija, vai j\u016bs ar\u012b redz\u0113j\u0101t?<\/p>\n<p>    CITI \u0160OBR\u012aD LASA<\/p>\n<blockquote class=\"twitter-tweet\" wp_automatic_readability=\"5.2231404958678\">\n<p lang=\"lv\" dir=\"ltr\">Ir ir smuks. Burtnieku meteoru stacija. <a href=\"https:\/\/t.co\/uSZCZEcuJT\" rel=\"nofollow\">pic.twitter.com\/uSZCZEcuJT<\/a><\/p>\n<p>\u2014 J\u0101nis \u0160atrovskis (@JSatrovskis) <a href=\"https:\/\/twitter.com\/JSatrovskis\/status\/2011540813671444789?ref_src=twsrc%5Etfw\" rel=\"nofollow noopener\" target=\"_blank\">January 14, 2026<\/a><\/p>\n<\/blockquote>\n<blockquote class=\"twitter-tweet\" data-conversation=\"none\" wp_automatic_readability=\"8.0649350649351\">\n<p lang=\"lv\" dir=\"ltr\">Laaabais! \ud83d\ude00 \u0160eit jau ar visu asti. Man\u0113j\u0101 &#8220;pa zemu&#8221;, tik vien k\u0101 zibspuldzi dab\u016bja kadr\u0101.<\/p>\n<p>\u2014 Martins Berg\u0161teins (@MeteoLatvia) <a href=\"https:\/\/twitter.com\/MeteoLatvia\/status\/2011544609235878256?ref_src=twsrc%5Etfw\" rel=\"nofollow noopener\" target=\"_blank\">January 14, 2026<\/a><\/p>\n<\/blockquote>\n<blockquote class=\"twitter-tweet\" data-conversation=\"none\" wp_automatic_readability=\"6.5287356321839\">\n<p lang=\"lv\" dir=\"ltr\">\u0160auuusm\u012bgi spilgts bija! Visas debesis uzspr\u0101ga!<\/p>\n<p>\u2014 Dadzh (@Dadzh) <a href=\"https:\/\/twitter.com\/Dadzh\/status\/2011529456750641334?ref_src=twsrc%5Etfw\" rel=\"nofollow noopener\" target=\"_blank\">January 14, 2026<\/a><\/p>\n<\/blockquote>\n<blockquote class=\"twitter-tweet\" wp_automatic_readability=\"6.5934065934066\">\n<p lang=\"lv\" dir=\"ltr\">Net\u0101lu no Raganas ar\u012b bija redzams.<\/p>\n<p>\u2014 T\u0101lbrauc\u0113js (@Peteris55469371) <a href=\"https:\/\/twitter.com\/Peteris55469371\/status\/2011550769250738309?ref_src=twsrc%5Etfw\" rel=\"nofollow noopener\" target=\"_blank\">January 14, 2026<\/a><\/p>\n<\/blockquote>\n<blockquote class=\"twitter-tweet\" wp_automatic_readability=\"9.9088471849866\">\n<p lang=\"lv\" dir=\"ltr\">\ud83c\uddf1\ud83c\uddfb Auto videore\u0123istrators pie Jaunolaines fiks\u0113ja meteora sadeg\u0161anu atmosf\u0113r\u0101. Sadeg\u0161ana notika virs automa\u0161\u012bnas jumta, t\u0101d\u0113\u013c redzama tikai gaisma no sadeg\u0161anas (kamer\u0101 iestat\u012bts vasaras laiks \u2014 par 1 stundu vair\u0101k). Augst\u0101kas kvalit\u0101tes video pie <a href=\"https:\/\/twitter.com\/MeteoLatvia?ref_src=twsrc%5Etfw\" rel=\"nofollow noopener\" target=\"_blank\">@MeteoLatvia<\/a>.<a href=\"https:\/\/twitter.com\/hashtag\/Jaunolaine?src=hash&amp;ref_src=twsrc%5Etfw\" rel=\"nofollow noopener\" target=\"_blank\">#Jaunolaine<\/a>\u2026 <a href=\"https:\/\/t.co\/rmUdJzLywe\" rel=\"nofollow\">pic.twitter.com\/rmUdJzLywe<\/a><\/p>\n<p>\u2014 BreakingLV (@breakinglv) <a href=\"https:\/\/twitter.com\/breakinglv\/status\/2011541457967202697?ref_src=twsrc%5Etfw\" rel=\"nofollow noopener\" target=\"_blank\">January 14, 2026<\/a><\/p>\n<\/blockquote>\n<p>T\u0113mas<\/p>\n<p>    SAIST\u012aTIE RAKSTI<\/p>\n<p>                            <script async src=\"https:\/\/platform.twitter.com\/widgets.js\" charset=\"utf-8\"><\/script><\/p>\n","protected":false},"excerpt":{"rendered":"Aculiecinieka foto no Ogres puses. \u201cJa k\u0101ds v\u0113l \u0161ovakar (14.01.) ap pl. 21.00 debes\u012bs paman\u012bja spo\u017eu uzliesmojumu-tas bija&hellip;\n","protected":false},"author":2,"featured_media":105411,"comment_status":"","ping_status":"","sticky":false,"template":"","format":"standard","meta":{"footnotes":""},"categories":[12],"tags":[23,28,29,32,33,22,30,31,35,39,38,36,37,34,40,20,26,27,24,25,21],"class_list":{"0":"post-105410","1":"post","2":"type-post","3":"status-publish","4":"format-standard","5":"has-post-thumbnail","7":"category-latvija","8":"tag-aktualitates","9":"tag-breaking-news","10":"tag-breakingnews","11":"tag-featured-news","12":"tag-featurednews","13":"tag-headlines","14":"tag-latest-news","15":"tag-latestnews","16":"tag-latvia","17":"tag-latvian","18":"tag-latviesu","19":"tag-latviesu-valoda","20":"tag-latviesuvaloda","21":"tag-latvija","22":"tag-lv","23":"tag-news","24":"tag-popularakas-zinas","25":"tag-popularakaszinas","26":"tag-top-stories","27":"tag-topstories","28":"tag-zinas"},"share_on_mastodon":{"url":"https:\/\/pubeurope.com\/@lv\/115898819840198704","error":""},"_links":{"self":[{"href":"https:\/\/www.europesays.com\/lv\/wp-json\/wp\/v2\/posts\/105410","targetHints":{"allow":["GET"]}}],"collection":[{"href":"https:\/\/www.europesays.com\/lv\/wp-json\/wp\/v2\/posts"}],"about":[{"href":"https:\/\/www.europesays.com\/lv\/wp-json\/wp\/v2\/types\/post"}],"author":[{"embeddable":true,"href":"https:\/\/www.europesays.com\/lv\/wp-json\/wp\/v2\/users\/2"}],"replies":[{"embeddable":true,"href":"https:\/\/www.europesays.com\/lv\/wp-json\/wp\/v2\/comments?post=105410"}],"version-history":[{"count":0,"href":"https:\/\/www.europesays.com\/lv\/wp-json\/wp\/v2\/posts\/105410\/revisions"}],"wp:featuredmedia":[{"embeddable":true,"href":"https:\/\/www.europesays.com\/lv\/wp-json\/wp\/v2\/media\/105411"}],"wp:attachment":[{"href":"https:\/\/www.europesays.com\/lv\/wp-json\/wp\/v2\/media?parent=105410"}],"wp:term":[{"taxonomy":"category","embeddable":true,"href":"https:\/\/www.europesays.com\/lv\/wp-json\/wp\/v2\/categories?post=105410"},{"taxonomy":"post_tag","embeddable":true,"href":"https:\/\/www.europesays.com\/lv\/wp-json\/wp\/v2\/tags?post=105410"}],"curies":[{"name":"wp","href":"https:\/\/api.w.org\/{rel}","templated":true}]}}