{"id":105412,"date":"2026-01-15T11:13:15","date_gmt":"2026-01-15T11:13:15","guid":{"rendered":"https:\/\/www.europesays.com\/lv\/105412\/"},"modified":"2026-01-15T11:13:15","modified_gmt":"2026-01-15T11:13:15","slug":"sorit-kurzeme-un-latvijas-centralaja-dala-autoceli-sniegoti-un-apledo-strada-64-ziemas-tehnikas-vienibas","status":"publish","type":"post","link":"https:\/\/www.europesays.com\/lv\/105412\/","title":{"rendered":"\u0160or\u012bt Kurzem\u0113 un Latvijas centr\u0101laj\u0101 da\u013c\u0101 autoce\u013ci sniegoti un apledo, str\u0101d\u0101 64 ziemas tehnikas vien\u012bbas"},"content":{"rendered":"<p>\u0160or\u012bt uz plkst. 6.30 sniegs un apledojums Kurzem\u0113 un Latvijas centr\u0101laj\u0101 da\u013c\u0101 apgr\u016btina brauk\u0161anu pa valsts galvenajiem un re\u0123ion\u0101lajiem autoce\u013ciem. Sniegotos ce\u013ca posmus t\u012bra un kaisa ar pretsl\u012bdes materi\u0101liem. Lai uzlabotu brauk\u0161anas apst\u0101k\u013cus, ce\u013cu uztur\u0113\u0161anas darbos iesaist\u012btas 64 ziemas dienesta tehnikas vien\u012bbas.<\/p>\n<p>Apgr\u016btin\u0101ti brauk\u0161anas apst\u0101k\u013ci uz valsts galvenajiem autoce\u013ciem:<\/p>\n<ul class=\"red-bullets\">\n<li>Tallinas \u0161oseja (A1) posm\u0101 no Ber\u0123iem l\u012bdz Zvejniekciema stacijai;<\/li>\n<li>R\u012bgas apvedce\u013c\u0161 ( Salaspils-Baltezers) (A4) vis\u0101 posm\u0101;<\/li>\n<li>R\u012bgas apvedce\u013c\u0161 (Salaspils-Bab\u012bte) (A5) vis\u0101 posm\u0101;<\/li>\n<li>Daugavpils \u0161osejas (A6) posm\u0101 no R\u012bgas l\u012bdz Saulesd\u0101rzam;<\/li>\n<li>Bauskas \u0161oseja (A7) posm\u0101 no \u0136ekavas apvedce\u013ca l\u012bdz Dzimtmisai;<\/li>\n<li>Jelgavas \u0161oseja (A8) vis\u0101 posm\u0101;<\/li>\n<li>Liep\u0101jas \u0161osejas (A9) vis\u0101 posm\u0101;<\/li>\n<li>Ventspils \u0161osejas (A10) vis\u0101 posm\u0101;<\/li>\n<li>Liep\u0101ja-Lietuvas robe\u017ea(Rucava) (A11) vis\u0101 posm\u0101.<\/li>\n<\/ul>\n<p>Uz re\u0123ion\u0101lajiem autoce\u013ciem apgr\u016btin\u0101ta brauk\u0161ana ir Kurzem\u0113 un Dobeles, Jelgavas, R\u012bgas, Al\u016bksnes un Gulbenes \u00a0apk\u0101rtn\u0113.<\/p>\n<p>Aicin\u0101m autovad\u012bt\u0101jus r\u0113\u0137in\u0101ties ar laikapst\u0101k\u013ciem, pl\u0101nojot braucienus, atv\u0113l\u0113t papildu laiku ce\u013cam, izv\u0113l\u0113ties brauk\u0161anas \u0101trumu, kas atbilst ce\u013cu seguma st\u0101voklim, k\u0101 ar\u012b dro\u0161u distanci.<\/p>\n<p>Ar brauk\u0161anas apst\u0101k\u013ciem valsts ce\u013cu t\u012bkl\u0101 ikviens var iepaz\u012bties kart\u0113 VSIA\u00a0Latvijas Valsts ce\u013ci\u00a0(LVC) m\u0101jaslap\u0101\u00a0<a href=\"https:\/\/eur05.safelinks.protection.outlook.com\/?url=http%3A%2F%2Fwww.lvceli.lv%2F&amp;data=05%7C02%7Csic%40lvceli.lv%7C06f64b87d38d47015e6e08de53ef18e6%7Cabb448e43502490e8f905ca74b58a659%7C0%7C0%7C639040483865052611%7CUnknown%7CTWFpbGZsb3d8eyJFbXB0eU1hcGkiOnRydWUsIlYiOiIwLjAuMDAwMCIsIlAiOiJXaW4zMiIsIkFOIjoiTWFpbCIsIldUIjoyfQ%3D%3D%7C0%7C%7C%7C&amp;sdata=p7CjavF7dTouqRyr64a1j%2FfzsQjOi9QPcrWJNHt6lzs%3D&amp;reserved=0\" rel=\"nofollow noopener\" target=\"_blank\">www.lvceli.lv<\/a>.<\/p>\n<p>Par apgr\u016btin\u0101tiem brauk\u0161anas apst\u0101k\u013ciem vai citiem ar satiksmi un ce\u013cu st\u0101vokli saist\u012btiem nov\u0113rojumiem aicin\u0101m inform\u0113t VSIA\u00a0Latvijas Valsts ce\u013ci, zvanot uz diennakts bezmaksas informat\u012bvo t\u0101lruni 80005555, k\u0101 ar\u012b uz\u0146\u0113muma kontos soci\u0101l\u0101s sazi\u0146as t\u012bklos\u00a0<a href=\"https:\/\/eur05.safelinks.protection.outlook.com\/?url=https%3A%2F%2Fx.com%2FLVceli&amp;data=05%7C02%7Csic%40lvceli.lv%7C06f64b87d38d47015e6e08de53ef18e6%7Cabb448e43502490e8f905ca74b58a659%7C0%7C0%7C639040483865070464%7CUnknown%7CTWFpbGZsb3d8eyJFbXB0eU1hcGkiOnRydWUsIlYiOiIwLjAuMDAwMCIsIlAiOiJXaW4zMiIsIkFOIjoiTWFpbCIsIldUIjoyfQ%3D%3D%7C0%7C%7C%7C&amp;sdata=kZpVM9ukf9qaDwR3NnNXFtcWpdR6i3hvfKgAwyznHNM%3D&amp;reserved=0\" rel=\"nofollow noopener\" target=\"_blank\">X<\/a>\u00a0un\u00a0<a href=\"https:\/\/eur05.safelinks.protection.outlook.com\/?url=https%3A%2F%2Fwww.facebook.com%2FLVCELI%2F&amp;data=05%7C02%7Csic%40lvceli.lv%7C06f64b87d38d47015e6e08de53ef18e6%7Cabb448e43502490e8f905ca74b58a659%7C0%7C0%7C639040483865082167%7CUnknown%7CTWFpbGZsb3d8eyJFbXB0eU1hcGkiOnRydWUsIlYiOiIwLjAuMDAwMCIsIlAiOiJXaW4zMiIsIkFOIjoiTWFpbCIsIldUIjoyfQ%3D%3D%7C0%7C%7C%7C&amp;sdata=y36RCzpKnLM0BV9pZVGxCJQIcjfVc13qPbG35xfhoDk%3D&amp;reserved=0\" rel=\"nofollow noopener\" target=\"_blank\">Facebook<\/a>.<\/p>\n","protected":false},"excerpt":{"rendered":"\u0160or\u012bt uz plkst. 6.30 sniegs un apledojums Kurzem\u0113 un Latvijas centr\u0101laj\u0101 da\u013c\u0101 apgr\u016btina brauk\u0161anu pa valsts galvenajiem un&hellip;\n","protected":false},"author":2,"featured_media":105413,"comment_status":"","ping_status":"","sticky":false,"template":"","format":"standard","meta":{"footnotes":""},"categories":[5],"tags":[23,28,29,32,33,22,30,31,35,39,38,36,37,34,40,20,26,27,24,25,21],"class_list":{"0":"post-105412","1":"post","2":"type-post","3":"status-publish","4":"format-standard","5":"has-post-thumbnail","7":"category-aktualitates","8":"tag-aktualitates","9":"tag-breaking-news","10":"tag-breakingnews","11":"tag-featured-news","12":"tag-featurednews","13":"tag-headlines","14":"tag-latest-news","15":"tag-latestnews","16":"tag-latvia","17":"tag-latvian","18":"tag-latviesu","19":"tag-latviesu-valoda","20":"tag-latviesuvaloda","21":"tag-latvija","22":"tag-lv","23":"tag-news","24":"tag-popularakas-zinas","25":"tag-popularakaszinas","26":"tag-top-stories","27":"tag-topstories","28":"tag-zinas"},"share_on_mastodon":{"url":"https:\/\/pubeurope.com\/@lv\/115898823708821351","error":""},"_links":{"self":[{"href":"https:\/\/www.europesays.com\/lv\/wp-json\/wp\/v2\/posts\/105412","targetHints":{"allow":["GET"]}}],"collection":[{"href":"https:\/\/www.europesays.com\/lv\/wp-json\/wp\/v2\/posts"}],"about":[{"href":"https:\/\/www.europesays.com\/lv\/wp-json\/wp\/v2\/types\/post"}],"author":[{"embeddable":true,"href":"https:\/\/www.europesays.com\/lv\/wp-json\/wp\/v2\/users\/2"}],"replies":[{"embeddable":true,"href":"https:\/\/www.europesays.com\/lv\/wp-json\/wp\/v2\/comments?post=105412"}],"version-history":[{"count":0,"href":"https:\/\/www.europesays.com\/lv\/wp-json\/wp\/v2\/posts\/105412\/revisions"}],"wp:featuredmedia":[{"embeddable":true,"href":"https:\/\/www.europesays.com\/lv\/wp-json\/wp\/v2\/media\/105413"}],"wp:attachment":[{"href":"https:\/\/www.europesays.com\/lv\/wp-json\/wp\/v2\/media?parent=105412"}],"wp:term":[{"taxonomy":"category","embeddable":true,"href":"https:\/\/www.europesays.com\/lv\/wp-json\/wp\/v2\/categories?post=105412"},{"taxonomy":"post_tag","embeddable":true,"href":"https:\/\/www.europesays.com\/lv\/wp-json\/wp\/v2\/tags?post=105412"}],"curies":[{"name":"wp","href":"https:\/\/api.w.org\/{rel}","templated":true}]}}