{"id":105414,"date":"2026-01-15T11:14:08","date_gmt":"2026-01-15T11:14:08","guid":{"rendered":"https:\/\/www.europesays.com\/lv\/105414\/"},"modified":"2026-01-15T11:14:08","modified_gmt":"2026-01-15T11:14:08","slug":"emilija-klarka-pec-speles-troniem-beigam-atvadas-no-fantazijas-zanra-vairs-nekadu-puku-lente-lv-2","status":"publish","type":"post","link":"https:\/\/www.europesays.com\/lv\/105414\/","title":{"rendered":"Em\u012blija Kl\u0101rka p\u0113c &#8220;Sp\u0113les tro\u0146iem&#8221; beig\u0101m atvad\u0101s no fant\u0101zijas \u017eanra: &#8220;Vairs nek\u0101du p\u016b\u0137u&#8221;\u00a0\u2014\u00a0Lente.lv"},"content":{"rendered":"<p>Ce\u013c\u0161 prom no fant\u0101zijas<\/p>\n<p>Slaven\u0101 aktrise Em\u012blija Kl\u0101rka, kura devi\u0146us gadus atveidoja Daenerys Targaryen lomu seri\u0101l\u0101 &#8220;Sp\u0113les tro\u0146i&#8221;, pazi\u0146ojusi, ka ir beigusi nodarboties ar fant\u0101zijas \u017eanru. Intervij\u0101 vi\u0146a atkl\u0101jusi, ka skat\u012bt\u0101ji vi\u0146u vairs diez vai redz\u0113s s\u0113\u017eam uz p\u016b\u0137a vai pat vien\u0101 kadr\u0101 ar k\u0101du no \u0161iem mitolo\u0123iskajiem rad\u012bjumiem.<\/p>\n<p>Kl\u0101rka atceras, ka seri\u0101la nosl\u0113gums vi\u0146ai rad\u012bjis &#8220;psiholo\u0123isku sabrukumu&#8221;. &#8220;T\u0101 bija pirm\u0101 reize man\u0101 profesion\u0101laj\u0101 dz\u012bv\u0113, kad apst\u0101jos,&#8221; st\u0101sta aktrise. &#8220;Man notika piln\u012bgs psiholo\u0123iskais sabrukums. Lik\u0101s, ka pand\u0113mija pien\u0101ca \u012bstaj\u0101 laik\u0101.&#8221;<\/p>\n<p>Reakcija uz seri\u0101la fin\u0101lu<\/p>\n<p>Kl\u0101rka, kura par Daenerys lomu sa\u0146\u0113musi \u010detras nomin\u0101cijas presti\u017eajai &#8220;Emmy&#8221; balvai, ar\u012b apliecin\u0101jusi, ka saprot skat\u012bt\u0101ju dusmas par seri\u0101la fin\u0101lu. Vi\u0146as varone seri\u0101la p\u0113d\u0113j\u0101s s\u0113rij\u0101s k\u013cuva par vienu no galvenajiem \u013caundariem, pirms vi\u0146u nogalin\u0101ja D\u017eons Snows.<\/p>\n<p>Aktrise atkl\u0101jusi, ka bijusi piln\u012bgi apmulsu\u0161i, kad izlas\u012bjusi p\u0113d\u0113j\u0101s scen\u0101rija lapas. &#8220;Tas notika negaid\u012bti. Es to nekad negaid\u012bju. Es raud\u0101ju un devos pastaig\u0101. Atgriezos p\u0113c piec\u0101m stund\u0101m ar tulzn\u0101m uz k\u0101j\u0101m un dom\u0101m: &#8220;K\u0101 es to izdar\u012b\u0161u?&#8221;<\/p>\n<p>Aktrises kol\u0113\u0123es skat\u012bjums<\/p>\n<p>J\u0101atg\u0101dina, ka Em\u012blijas Kl\u0101rkas kol\u0113\u0123e &#8220;Sp\u0113\u013cu tro\u0146os&#8221; Sofija T\u0113rnere iepriek\u0161 pazi\u0146oja, ka bija vien\u012bg\u0101 aktrise \u0161ov\u0101, kuru apmierin\u0101jis st\u0101sta nosl\u0113gums. P\u0113d\u0113j\u0101s sezonas \u0101tr\u0101k sekoja izn\u0101k\u0161anai M\u0101rtina gr\u0101mat\u0101m, t\u0101p\u0113c seri\u0101la veidot\u0101ji cent\u0101s pa\u0161i nosl\u0113gt vair\u0101kus si\u017eeta pavedienus. Rezult\u0101t\u0101 vi\u0146i sask\u0101r\u0101s ar negat\u012bvu publikas reakciju, lai gan cer\u0113ja uz 50\/50 uztveri.<\/p>\n<p>Jauni izaicin\u0101jumi un karjeras virziens<\/p>\n<p>Septi\u0146us gadus p\u0113c &#8220;Sp\u0113\u013cu tro\u0146iem&#8221; Em\u012blija pievienojusies jaunam teleprojektam \u2013 spiego\u0161anas dr\u0101mai &#8220;Poni&#8221; (&#8220;Pony&#8221;), kas st\u0101sta par Aukst\u0101 kara laikiem un demonstr\u0113ta &#8220;Peacock&#8221; platform\u0101. Taj\u0101 aktrise atveido ASV v\u0113stniec\u012bbas sekret\u0101ri Maskav\u0101 un C\u012b\u0145U a\u0123enti.<\/p>\n<p>Kl\u0101rka uzskata, ka ilgais laiks p\u0113c &#8220;Sp\u0113\u013cu tro\u0146iem&#8221; \u013c\u0101vis vi\u0146ai apzin\u0101ties savu autonomiju darba izv\u0113l\u0113. &#8220;Liela da\u013ca manas karjeras neatspogu\u013coja manu gaumi, es it k\u0101 iz\u0161\u0101vos no lielgabala.&#8221;<\/p>\n<p>HBO turpina att\u012bst\u012bt &#8220;Sp\u0113\u013cu tro\u0146u&#8221; pasauli<\/p>\n<p>Tikm\u0113r HBO &#8220;kars\u0113&#8221; darbu pie turpm\u0101kiem seri\u0101liem, kas saist\u012bti ar &#8220;Sp\u0113\u013cu tro\u0146u&#8221; pasauli, ne tikai &#8220;M\u0101jas drakonam&#8221; (&#8220;House of the Dragon&#8221;) un &#8220;Septi\u0146u Karal\u012bbu bru\u0146iniekam&#8221; (&#8220;A Knight of the Seven Kingdoms&#8221;). Ir idejas ar\u012b potenci\u0101liem turpin\u0101jumiem, ja tic\u0113t D\u017eord\u017ea R. R. M\u0101rtina teiktajam.<\/p>\n","protected":false},"excerpt":{"rendered":"Ce\u013c\u0161 prom no fant\u0101zijas Slaven\u0101 aktrise Em\u012blija Kl\u0101rka, kura devi\u0146us gadus atveidoja Daenerys Targaryen lomu seri\u0101l\u0101 &#8220;Sp\u0113les tro\u0146i&#8221;,&hellip;\n","protected":false},"author":2,"featured_media":105365,"comment_status":"","ping_status":"","sticky":false,"template":"","format":"standard","meta":{"footnotes":""},"categories":[19],"tags":[25260,25258,89,25261,90,35,39,38,36,37,34,40,8779,25259],"class_list":{"0":"post-105414","1":"post","2":"type-post","3":"status-publish","4":"format-standard","5":"has-post-thumbnail","7":"category-izklaide","8":"tag-daenerys-targaryen","9":"tag-emilija-klarka","10":"tag-entertainment","11":"tag-fantazijas-zanrs","12":"tag-izklaide","13":"tag-latvia","14":"tag-latvian","15":"tag-latviesu","16":"tag-latviesu-valoda","17":"tag-latviesuvaloda","18":"tag-latvija","19":"tag-lv","20":"tag-seriala-finals","21":"tag-speles-troni"},"share_on_mastodon":{"url":"https:\/\/pubeurope.com\/@lv\/115898827592239078","error":""},"_links":{"self":[{"href":"https:\/\/www.europesays.com\/lv\/wp-json\/wp\/v2\/posts\/105414","targetHints":{"allow":["GET"]}}],"collection":[{"href":"https:\/\/www.europesays.com\/lv\/wp-json\/wp\/v2\/posts"}],"about":[{"href":"https:\/\/www.europesays.com\/lv\/wp-json\/wp\/v2\/types\/post"}],"author":[{"embeddable":true,"href":"https:\/\/www.europesays.com\/lv\/wp-json\/wp\/v2\/users\/2"}],"replies":[{"embeddable":true,"href":"https:\/\/www.europesays.com\/lv\/wp-json\/wp\/v2\/comments?post=105414"}],"version-history":[{"count":0,"href":"https:\/\/www.europesays.com\/lv\/wp-json\/wp\/v2\/posts\/105414\/revisions"}],"wp:featuredmedia":[{"embeddable":true,"href":"https:\/\/www.europesays.com\/lv\/wp-json\/wp\/v2\/media\/105365"}],"wp:attachment":[{"href":"https:\/\/www.europesays.com\/lv\/wp-json\/wp\/v2\/media?parent=105414"}],"wp:term":[{"taxonomy":"category","embeddable":true,"href":"https:\/\/www.europesays.com\/lv\/wp-json\/wp\/v2\/categories?post=105414"},{"taxonomy":"post_tag","embeddable":true,"href":"https:\/\/www.europesays.com\/lv\/wp-json\/wp\/v2\/tags?post=105414"}],"curies":[{"name":"wp","href":"https:\/\/api.w.org\/{rel}","templated":true}]}}