{"id":105418,"date":"2026-01-15T11:20:11","date_gmt":"2026-01-15T11:20:11","guid":{"rendered":"https:\/\/www.europesays.com\/lv\/105418\/"},"modified":"2026-01-15T11:20:11","modified_gmt":"2026-01-15T11:20:11","slug":"latvijas-lellu-teatri-top-izrade-par-vientulibu-vientuliba-diena","status":"publish","type":"post","link":"https:\/\/www.europesays.com\/lv\/105418\/","title":{"rendered":"Latvijas Le\u013c\u013cu te\u0101tr\u012b top izr\u0101de par vientul\u012bbu Vient\u016b\u013c\u012bba \/ Diena"},"content":{"rendered":"<p>Izr\u0101des veidot\u0101ja Anna Kli\u0161\u0101ne atz\u012bst: \u201cMana vecm\u0101mi\u0146a man nesen jaut\u0101ja: \u201cVai Tev vienai m\u0101j\u0101s nav vientu\u013ci?\u201d Pirms atbild\u0113t, nodom\u0101ju, ka vientul\u012bba jau ne\u0161\u0137iro. T\u0101 uzgl\u016bn nemanot k\u0101 lauva, kas gaida \u012bsto mirkli uzbrukt med\u012bjumam. Nek\u013c\u016bsim vientul\u012bbai par med\u012bjumu.\u201d<\/p>\n<p>&#13;<br \/>\n&#13;<\/p>\n<p>Kopum\u0101 izr\u0101de po\u0113tiski v\u0113sta par vientul\u012bbu vecumdien\u0101s. Izr\u0101des aprakst\u0101 min\u0113ts: [&#8230;] vi\u0146a tur s\u0113\u017e sav\u0101 kr\u0113sl\u0101 un gaida. Br\u012b\u017eiem gada skait\u013ci un atmi\u0146as sakr\u012bt vien\u0101 \u010dup\u0101, bet tad atkal savelkas kamol\u0101 no visiem m\u0101jas st\u016briem k\u0101 t\u0101di putek\u013ci. Vi\u0146a gaida&#8230; Ko? Kad k\u0101ds atv\u0113rs durvis vai logu, gaida k\u0101du pasac\u012btu v\u0101rdu, k\u0101du gl\u0101stu, kaut vai nev\u0113r\u012bgu acu skatu. Tu vari vairs ne\u0113st saldumus, atmest sm\u0113\u0137\u0113\u0161anu, vari iz\u0101rst\u0113ties no gripas ar \u0101rsta izrakst\u012bt\u0101m z\u0101l\u0113m. Bet k\u0101das ir z\u0101les pret vientul\u012bbu? Iet tur, kur tu neb\u016bsi viens? Bet vai neb\u016bt vienam noz\u012bm\u0113 to pa\u0161u, ko neb\u016bt vientu\u013cam? Un ko dar\u012bt, ja esi viens, vientu\u013c\u0161 un v\u0113l piedev\u0101m t\u016b\u013c\u012bgs? Atliek gaid\u012bt. Bet ko?<\/p>\n<p>&#13;<br \/>\n&#13;<\/p>\n<p>Izr\u0101des veidot\u0101js Agris N\u0101tre skaidro: \u201cLai k\u0101ds b\u016btu ce\u013c\u0161, tam kaut kad pien\u0101ks beigas. Un katram ce\u013cabiedram, ar kuru kop\u0101 ejam, ir savas krustceles, savi l\u012bkumi un nog\u0101zes, t\u0101pat savs ce\u013ca garums. Ko dar\u012bt, ja ce\u013cabiedru ce\u013ci apr\u0101vu\u0161ies vai aizvedu\u0161i cit\u0101 virzien\u0101? Vai var turpin\u0101t iet ar\u012b viens? Un ko dar\u012bt, ja vienam vairs nav sp\u0113ka?\u201d<\/p>\n<p>&#13;<br \/>\n&#13;<\/p>\n<p>Izr\u0101di veido Anna Kli\u0161\u0101ne un Agris N\u0101tre, m\u016bzikas autors Sta\u0146islavs Ku\u013cikovs un gaismu m\u0101kslinieks Niks Cipruss.<\/p>\n<p>&#13;<br \/>\n&#13;<\/p>\n<p>Lom\u0101s: Anna Kli\u0161\u0101ne, Agris N\u0101tre.<\/p>\n<p>&#13;<br \/>\n&#13;<\/p>\n<p>Vair\u0101k &#8211;\u00a0<a href=\"https:\/\/www.lelluteatris.lv\/lv\/izrades\/latviesu-trupa\/kamerzale\/vientuliba\" target=\"_blank\" rel=\"nofollow noopener\">www.lelluteatris.lv<\/a><\/p>\n<p>&#13;<\/p>\n","protected":false},"excerpt":{"rendered":"Izr\u0101des veidot\u0101ja Anna Kli\u0161\u0101ne atz\u012bst: \u201cMana vecm\u0101mi\u0146a man nesen jaut\u0101ja: \u201cVai Tev vienai m\u0101j\u0101s nav vientu\u013ci?\u201d Pirms atbild\u0113t,&hellip;\n","protected":false},"author":2,"featured_media":105419,"comment_status":"","ping_status":"","sticky":false,"template":"","format":"standard","meta":{"footnotes":""},"categories":[19],"tags":[89,90,35,39,38,36,37,34,40],"class_list":{"0":"post-105418","1":"post","2":"type-post","3":"status-publish","4":"format-standard","5":"has-post-thumbnail","7":"category-izklaide","8":"tag-entertainment","9":"tag-izklaide","10":"tag-latvia","11":"tag-latvian","12":"tag-latviesu","13":"tag-latviesu-valoda","14":"tag-latviesuvaloda","15":"tag-latvija","16":"tag-lv"},"share_on_mastodon":{"url":"https:\/\/pubeurope.com\/@lv\/115898851146476524","error":""},"_links":{"self":[{"href":"https:\/\/www.europesays.com\/lv\/wp-json\/wp\/v2\/posts\/105418","targetHints":{"allow":["GET"]}}],"collection":[{"href":"https:\/\/www.europesays.com\/lv\/wp-json\/wp\/v2\/posts"}],"about":[{"href":"https:\/\/www.europesays.com\/lv\/wp-json\/wp\/v2\/types\/post"}],"author":[{"embeddable":true,"href":"https:\/\/www.europesays.com\/lv\/wp-json\/wp\/v2\/users\/2"}],"replies":[{"embeddable":true,"href":"https:\/\/www.europesays.com\/lv\/wp-json\/wp\/v2\/comments?post=105418"}],"version-history":[{"count":0,"href":"https:\/\/www.europesays.com\/lv\/wp-json\/wp\/v2\/posts\/105418\/revisions"}],"wp:featuredmedia":[{"embeddable":true,"href":"https:\/\/www.europesays.com\/lv\/wp-json\/wp\/v2\/media\/105419"}],"wp:attachment":[{"href":"https:\/\/www.europesays.com\/lv\/wp-json\/wp\/v2\/media?parent=105418"}],"wp:term":[{"taxonomy":"category","embeddable":true,"href":"https:\/\/www.europesays.com\/lv\/wp-json\/wp\/v2\/categories?post=105418"},{"taxonomy":"post_tag","embeddable":true,"href":"https:\/\/www.europesays.com\/lv\/wp-json\/wp\/v2\/tags?post=105418"}],"curies":[{"name":"wp","href":"https:\/\/api.w.org\/{rel}","templated":true}]}}