{"id":105420,"date":"2026-01-15T11:23:30","date_gmt":"2026-01-15T11:23:30","guid":{"rendered":"https:\/\/www.europesays.com\/lv\/105420\/"},"modified":"2026-01-15T11:23:30","modified_gmt":"2026-01-15T11:23:30","slug":"asv-turpinas-sasutums-par-imigracijas-agentu-nosautu-sievieti-mineapole-incidenti-ari-citas-pilsetas-lente-lv","status":"publish","type":"post","link":"https:\/\/www.europesays.com\/lv\/105420\/","title":{"rendered":"ASV turpin\u0101s sa\u0161utums par imigr\u0101cijas a\u0123entu no\u0161autu sievieti Mineapol\u0113; incidenti ar\u012b cit\u0101s pils\u0113t\u0101s\u00a0\u2014\u00a0Lente.lv"},"content":{"rendered":"<p>ASV satricina tra\u0123isks incidents Mineapol\u0113<\/p>\n<p>ASV sabiedr\u012bb\u0101 pla\u0161u rezonansi un neapmierin\u0101t\u012bbu izrais\u012bjis tra\u0123isks incidents Minesotas \u0161tat\u0101, Mineapoles pils\u0113t\u0101, kur 37 gadus vecu sievieti uz ielas sadursmes laik\u0101 no\u0161\u0101vu\u0161i Imigr\u0101cijas un muitas izpildes dienesta (ICE) a\u0123enti. K\u0101 inform\u0113 Latvijas Sabiedriskie Mediji, \u0161is notikums, kas notika net\u0101lu no vietas, kur 2020. gad\u0101 dz\u012bv\u012bbu zaud\u0113ja D\u017eord\u017es Floids, izrais\u012bjis masu protestus un pla\u0161as diskusijas par imigr\u0101cijas politiku un a\u0123entu darb\u012bbu. Paral\u0113li \u0161im incidentam, cit\u0101 ASV pils\u0113t\u0101 Portlend\u0101, Oregonas \u0161tat\u0101, ICE a\u0123enti sa\u0161\u0101vu\u0161i v\u0113l divus cilv\u0113kus, kas v\u0113l vair\u0101k saasin\u0101jis spriedzi.<\/p>\n<p>Notikuma apst\u0101k\u013cu izmekl\u0113\u0161ana un protestu vilnis<\/p>\n<p>Saska\u0146\u0101 ar publiskotajiem videoincidenta materi\u0101liem, 37 gadus vec\u0101 Ren\u0113 Nikola Guda, tr\u012bs b\u0113rnu m\u0101te un ASV pilsone, ar savu automa\u0161\u012bnu \u0161\u0137ietami blo\u0137\u0113jusi ce\u013cu. Kad pie vi\u0146as pien\u0101ku\u0161i divi ICE a\u0123enti, sieviete nav v\u0113l\u0113jusies iesaist\u012bties sarun\u0101s un m\u0113\u0123in\u0101jusi aizbraukt. \u0160aj\u0101 br\u012bd\u012b viens no a\u0123entiem raid\u012bjis \u0161\u0101vienus caur vi\u0146as automa\u0161\u012bnas v\u0113jstiklu, kas beig\u0101s izr\u0101d\u012bj\u0101s let\u0101li. \u0160obr\u012bd notiku\u0161\u0101 izmekl\u0113\u0161anu veic Feder\u0101lais izmekl\u0113\u0161anas birojs (FIB). Notiku\u0161ais ir izrais\u012bjis satraukumu Mineapol\u0113, kur pie incidenta vietas pulc\u0113j\u0101s simtiem cilv\u0113ku, lai piemin\u0113tu nogalin\u0101to sievieti un protest\u0113tu pret ICE un pa\u0161reiz\u0113j\u0101s administr\u0101cijas imigr\u0101cijas politiku, pieprasot masveida aiztur\u0113\u0161anas un deport\u0101cijas oper\u0101ciju izbeig\u0161anu un taisn\u012bgu izmekl\u0113\u0161anu. Protesti pret ICE nav aprobe\u017eoju\u0161ies tikai ar Mineapoli, tie izc\u0113lu\u0161ies ar\u012b cit\u0101s ASV pils\u0113t\u0101s, tostarp \u0145ujork\u0101, Va\u0161ington\u0101, Losand\u017eelos\u0101 un Sietl\u0101.<\/p>\n<p>Politisk\u0101s reakcijas un aps\u016bdz\u012bbas<\/p>\n<p>Demokr\u0101tu politi\u0137i, tostarp Minesotas gubernators Tims Volcs un Mineapoles m\u0113rs D\u017eeikobs Frejs, ir stingri apstr\u012bd\u0113ju\u0161i ICE amatpersonu r\u012bc\u012bbas attaisnojumu, uzsverot, ka vald\u012bbas darb\u012bb\u0101m ir j\u0101kalpo cilv\u0113kiem, nevis j\u0101rada draudi vi\u0146u dz\u012bv\u012bbai. Vi\u0146i kritiz\u0113 biju\u0161\u0101s Trampa administr\u0101cijas \u012bstenoto imigr\u0101cijas politiku k\u0101 b\u012bstamu un sensacion\u0101listisku, kas apdraud sabiedr\u012bbas dro\u0161\u012bbu un rad\u012bjusi bailes un konfliktus. Savuk\u0101rt ASV iek\u0161zemes dro\u0161\u012bbas ministre Kristi Noema aizst\u0101v\u0113jusi ICE amatpersonu r\u012bc\u012bbu, vienlaikus nor\u0101dot, ka uz Mineapoli tiks nos\u016bt\u012bti papildu feder\u0101lie a\u0123enti, lai nodro\u0161in\u0101tu ICE darbinieku dro\u0161\u012bbu protestu laik\u0101. Noema aps\u016bdz\u0113jusi demokr\u0101tus vardarb\u012bbas veicin\u0101\u0161an\u0101 pils\u0113t\u0101.<\/p>\n<p>Pla\u0161\u0101ks konteksts un ICE darb\u012bba<\/p>\n<p>Mineapole ir viena no vair\u0101k\u0101m pils\u0113t\u0101m, kur\u0101 Trampa administr\u0101cijas laik\u0101 tika izvietoti ICE darbinieki, veicot reidus pret imigrantiem. ICE ir ASV Iek\u0161zemes dro\u0161\u012bbas departamenta a\u0123ent\u016bra, kas atbild par imigr\u0101cijas likumu izpildi un izraid\u012b\u0161anas oper\u0101cij\u0101m. Tom\u0113r t\u0101s agres\u012bv\u0101s darb\u012bbas, pretrun\u012bgi v\u0113rt\u0113t\u0101s kampa\u0146as un militariz\u0101cija ir izrais\u012bju\u0161as iev\u0113rojamu sabiedr\u012bbas atbalsta kritumu un ba\u017eas par atbild\u012bbas tr\u016bkumu un pilso\u0146u ties\u012bbu p\u0101rk\u0101pumiem. ICE darbinieki bie\u017ei tiek kritiz\u0113ti par masku valk\u0101\u0161anu, lai aizsarg\u0101tu savu identit\u0101ti, un nemar\u0137\u0113tu transportl\u012bdzek\u013cu izmanto\u0161anu.<\/p>\n<p>Portlendas incidents un pieaugo\u0161ais spiediens<\/p>\n<p>Tra\u0123iskais incidents Mineapol\u0113 nav vien\u012bgais \u0161\u0101da veida gad\u012bjums p\u0113d\u0113j\u0101s dien\u0101s. Oregonas \u0161tata pils\u0113t\u0101 Portlend\u0101 ICE a\u0123enti sa\u0161\u0101vu\u0161i divus cilv\u0113kus, kas v\u0113l vair\u0101k pastiprina neapmierin\u0101t\u012bbu un satraukumu par dienesta darb\u012bbas metod\u0113m. \u0160ie notikumi liecina par pieaugo\u0161o spriedzi ASV attiec\u012bb\u0101 uz imigr\u0101cijas politiku un ties\u012bbaizsardz\u012bbas iest\u0101\u017eu darb\u012bbu, radot spiedienu uz politi\u0137iem un sabiedr\u012bbu mekl\u0113t risin\u0101jumus un nodro\u0161in\u0101t atbild\u012bbu.<\/p>\n","protected":false},"excerpt":{"rendered":"ASV satricina tra\u0123isks incidents Mineapol\u0113 ASV sabiedr\u012bb\u0101 pla\u0161u rezonansi un neapmierin\u0101t\u012bbu izrais\u012bjis tra\u0123isks incidents Minesotas \u0161tat\u0101, Mineapoles pils\u0113t\u0101,&hellip;\n","protected":false},"author":2,"featured_media":105421,"comment_status":"","ping_status":"","sticky":false,"template":"","format":"standard","meta":{"footnotes":""},"categories":[14],"tags":[23,57,25263,28,29,32,33,22,24393,30,31,35,39,38,36,37,34,40,24843,20,26,27,4204,25264,24,25,54,55,56,21,58],"class_list":{"0":"post-105420","1":"post","2":"type-post","3":"status-publish","4":"format-standard","5":"has-post-thumbnail","7":"category-zinas-no-arvalstim","8":"tag-aktualitates","9":"tag-arvalstim","10":"tag-asv-imigracijas-politika","11":"tag-breaking-news","12":"tag-breakingnews","13":"tag-featured-news","14":"tag-featurednews","15":"tag-headlines","16":"tag-ice","17":"tag-latest-news","18":"tag-latestnews","19":"tag-latvia","20":"tag-latvian","21":"tag-latviesu","22":"tag-latviesu-valoda","23":"tag-latviesuvaloda","24":"tag-latvija","25":"tag-lv","26":"tag-mineapole","27":"tag-news","28":"tag-popularakas-zinas","29":"tag-popularakaszinas","30":"tag-protesti","31":"tag-sievietes-nosausana","32":"tag-top-stories","33":"tag-topstories","34":"tag-world","35":"tag-world-news","36":"tag-worldnews","37":"tag-zinas","38":"tag-zinas-no-arvalstim"},"share_on_mastodon":{"url":"","error":"Validation failed: Text character limit of 500 exceeded"},"_links":{"self":[{"href":"https:\/\/www.europesays.com\/lv\/wp-json\/wp\/v2\/posts\/105420","targetHints":{"allow":["GET"]}}],"collection":[{"href":"https:\/\/www.europesays.com\/lv\/wp-json\/wp\/v2\/posts"}],"about":[{"href":"https:\/\/www.europesays.com\/lv\/wp-json\/wp\/v2\/types\/post"}],"author":[{"embeddable":true,"href":"https:\/\/www.europesays.com\/lv\/wp-json\/wp\/v2\/users\/2"}],"replies":[{"embeddable":true,"href":"https:\/\/www.europesays.com\/lv\/wp-json\/wp\/v2\/comments?post=105420"}],"version-history":[{"count":0,"href":"https:\/\/www.europesays.com\/lv\/wp-json\/wp\/v2\/posts\/105420\/revisions"}],"wp:featuredmedia":[{"embeddable":true,"href":"https:\/\/www.europesays.com\/lv\/wp-json\/wp\/v2\/media\/105421"}],"wp:attachment":[{"href":"https:\/\/www.europesays.com\/lv\/wp-json\/wp\/v2\/media?parent=105420"}],"wp:term":[{"taxonomy":"category","embeddable":true,"href":"https:\/\/www.europesays.com\/lv\/wp-json\/wp\/v2\/categories?post=105420"},{"taxonomy":"post_tag","embeddable":true,"href":"https:\/\/www.europesays.com\/lv\/wp-json\/wp\/v2\/tags?post=105420"}],"curies":[{"name":"wp","href":"https:\/\/api.w.org\/{rel}","templated":true}]}}