{"id":105436,"date":"2026-01-15T11:37:07","date_gmt":"2026-01-15T11:37:07","guid":{"rendered":"https:\/\/www.europesays.com\/lv\/105436\/"},"modified":"2026-01-15T11:37:07","modified_gmt":"2026-01-15T11:37:07","slug":"aizsardzibas-ministrija-aicina-jaunos-sportistus-brivpratigi-pieteikties-dienestam-zemessardze","status":"publish","type":"post","link":"https:\/\/www.europesays.com\/lv\/105436\/","title":{"rendered":"Aizsardz\u012bbas ministrija aicina jaunos sportistus br\u012bvpr\u0101t\u012bgi pieteikties dienestam Zemessardz\u0113"},"content":{"rendered":"<p>2027. gad\u0101 VAD pl\u0101nots iesaukt 2800 jaunie\u0161us, 2028. gad\u0101 &#8211; 4000. Pl\u0101nots saglab\u0101t eso\u0161o tendenci, ka ziemas iesaukumi ir maz\u0101ki, bet vasaras iesaukumi &#8211; ar liel\u0101ku jaunie\u0161u skaitu.<\/p>\n<p>VAD likums Saeim\u0101 tika pie\u0146emts 2023. gada apr\u012bl\u012b. Tas nosaka pien\u0101kumu dien\u0113t valsts aizsardz\u012bbas dienest\u0101 katram Latvijas pilsonim &#8211; v\u012brietim viena gada laik\u0101 p\u0113c 18 gadu vecuma sasnieg\u0161anas, vai, ja pilsonis turpina ieg\u016bt izgl\u012bt\u012bbu pamata vai vid\u0113j\u0101s izgl\u012bt\u012bbas pak\u0101p\u0113 &#8211; viena gada laik\u0101 p\u0113c izgl\u012bt\u012bbas iest\u0101des absolv\u0113\u0161anas, bet ne v\u0113l\u0101k k\u0101 l\u012bdz 24 gadu vecumam. Vienlaikus noteikts, ka VAD br\u012bvpr\u0101t\u012bgi var pieteikties Latvijas pilso\u0146i &#8211; v\u012brie\u0161i un sievietes no 18 l\u012bdz 27 gadu vecuma sasnieg\u0161anai.<\/p>\n<p>VAD dienests dal\u0101s tr\u012bs veidos. Pirmk\u0101rt, 11 m\u0113ne\u0161i Nacion\u0101lo bru\u0146oto sp\u0113ku regul\u0101ro sp\u0113ku vai Zemessardzes vien\u012bb\u0101. Otrk\u0101rt, pieci gadi Zemessardz\u0113 kopum\u0101, pildot dienesta uzdevumus ne maz\u0101k k\u0101 21 individu\u0101l\u0101s apm\u0101c\u012bbas dienu un ne vair\u0101k k\u0101 7 kolekt\u012bv\u0101s apm\u0101c\u012bbas dienas katru gadu. Tre\u0161k\u0101rt augstskolu un koled\u017eu studentiem paredz\u0113t\u0101 rezerves virsnieka programma, kuras kop\u0113jais apm\u0101c\u012bbu un dienesta uzdevumu izpildes laiks nav maz\u0101ks par 180 dien\u0101m.<\/p>\n<p>Jau zi\u0146ots, ka Latvijas basketbola klubs &#8220;R\u012bgas ze\u013c\u013ci&#8221; uz laiku ir zaud\u0113jis sasp\u0113les vad\u012bt\u0101ju Juri V\u012btolu, kur\u0161 ir iesaukts VAD. Vi\u0146am dienesta laik\u0101 pied\u0101v\u0101 p\u0101rst\u0101v\u0113t armijas basketbola komandu, kas gan sp\u0113l\u0113 krietni zem\u0101k\u0101 amatieru l\u012bmen\u012b &#8211; Entuziastu basketbola l\u012bg\u0101, kas ir \u0101rpus Latvijas Basketbola l\u012bgu sist\u0113mas.<\/p>\n","protected":false},"excerpt":{"rendered":"2027. gad\u0101 VAD pl\u0101nots iesaukt 2800 jaunie\u0161us, 2028. gad\u0101 &#8211; 4000. Pl\u0101nots saglab\u0101t eso\u0161o tendenci, ka ziemas iesaukumi&hellip;\n","protected":false},"author":2,"featured_media":105437,"comment_status":"","ping_status":"","sticky":false,"template":"","format":"standard","meta":{"footnotes":""},"categories":[5],"tags":[626,23,463,28,29,32,33,22,30,31,35,39,38,36,37,34,40,20,26,27,24,25,21],"class_list":{"0":"post-105436","1":"post","2":"type-post","3":"status-publish","4":"format-standard","5":"has-post-thumbnail","7":"category-aktualitates","8":"tag-aizsardzibas-ministrija","9":"tag-aktualitates","10":"tag-armija","11":"tag-breaking-news","12":"tag-breakingnews","13":"tag-featured-news","14":"tag-featurednews","15":"tag-headlines","16":"tag-latest-news","17":"tag-latestnews","18":"tag-latvia","19":"tag-latvian","20":"tag-latviesu","21":"tag-latviesu-valoda","22":"tag-latviesuvaloda","23":"tag-latvija","24":"tag-lv","25":"tag-news","26":"tag-popularakas-zinas","27":"tag-popularakaszinas","28":"tag-top-stories","29":"tag-topstories","30":"tag-zinas"},"share_on_mastodon":{"url":"https:\/\/pubeurope.com\/@lv\/115898918039594228","error":""},"_links":{"self":[{"href":"https:\/\/www.europesays.com\/lv\/wp-json\/wp\/v2\/posts\/105436","targetHints":{"allow":["GET"]}}],"collection":[{"href":"https:\/\/www.europesays.com\/lv\/wp-json\/wp\/v2\/posts"}],"about":[{"href":"https:\/\/www.europesays.com\/lv\/wp-json\/wp\/v2\/types\/post"}],"author":[{"embeddable":true,"href":"https:\/\/www.europesays.com\/lv\/wp-json\/wp\/v2\/users\/2"}],"replies":[{"embeddable":true,"href":"https:\/\/www.europesays.com\/lv\/wp-json\/wp\/v2\/comments?post=105436"}],"version-history":[{"count":0,"href":"https:\/\/www.europesays.com\/lv\/wp-json\/wp\/v2\/posts\/105436\/revisions"}],"wp:featuredmedia":[{"embeddable":true,"href":"https:\/\/www.europesays.com\/lv\/wp-json\/wp\/v2\/media\/105437"}],"wp:attachment":[{"href":"https:\/\/www.europesays.com\/lv\/wp-json\/wp\/v2\/media?parent=105436"}],"wp:term":[{"taxonomy":"category","embeddable":true,"href":"https:\/\/www.europesays.com\/lv\/wp-json\/wp\/v2\/categories?post=105436"},{"taxonomy":"post_tag","embeddable":true,"href":"https:\/\/www.europesays.com\/lv\/wp-json\/wp\/v2\/tags?post=105436"}],"curies":[{"name":"wp","href":"https:\/\/api.w.org\/{rel}","templated":true}]}}