{"id":105444,"date":"2026-01-15T11:45:15","date_gmt":"2026-01-15T11:45:15","guid":{"rendered":"https:\/\/www.europesays.com\/lv\/105444\/"},"modified":"2026-01-15T11:45:15","modified_gmt":"2026-01-15T11:45:15","slug":"suninens-startes-zviedrijas-wrc-rallija","status":"publish","type":"post","link":"https:\/\/www.europesays.com\/lv\/105444\/","title":{"rendered":"Suninens start\u0113s Zviedrijas WRC rallij\u0101"},"content":{"rendered":"<p>Foto: Sania Svinarenko<\/p>\n<p>Biju\u0161ais WRC pilots T\u0113mu Suninens pazi\u0146ojis, ka atgriez\u012bsies pasaules rallija \u010dempion\u0101t\u0101 (WRC) ar jaunu automa\u0161\u012bnu un jaunu st\u016brmani.<\/p>\n<p>31 gadu vecais Suninens pag\u0101ju\u0161aj\u0101 sezon\u0101 nestart\u0113ja nevien\u0101 rallij\u0101. Nesen vi\u0146\u0161 atkl\u0101ja, ka vi\u0146a m\u0113r\u0137is \u0161ogad ir piedal\u012bties da\u017eos WRC posmos ar Rally2 klases automa\u0161\u012bnu un pier\u0101d\u012bt sevi, raugoties uz 2027. gadu.<\/p>\n<p>Saska\u0146\u0101 ar Somijas mediju zi\u0146oto, tika teikts, ka Suninens WRC var\u0113tu atgriezties febru\u0101r\u012b un start\u0113t WRC sezonas otraj\u0101 posm\u0101 Zviedrij\u0101. K\u013cuvis zin\u0101ms, ka t\u0101 ar\u012b notiks un Suninens ar &#8221;Delta Rally&#8221; komandas &#8221;Toyota GR Yaris Rally2&#8221; start\u0113s Zviedrijas WRC rallij\u0101.\u00a0<\/p>\n<p>&#8221;Man ir \u013coti labas saj\u016btas pirms Zviedrijas rallija, un ar nepaciet\u012bbu to gaidu. Ziemas ralliji man vienm\u0113r ir labi padevu\u0161ies, un brauk\u0161ana pa sniegu un ledu Zviedrij\u0101 ir tie\u0161i tas, kas man \u0161aj\u0101 sport\u0101 pat\u012bk visvair\u0101k,&#8221; sac\u012bja T\u0113mu Suninens.<\/p>\n<p><img loading=\"lazy\" decoding=\"async\" src=\"https:\/\/www.europesays.com\/lv\/wp-content\/uploads\/2026\/01\/Clipboard_01-15-2026_04.jpg\" width=\"420\" height=\"286\"\/><\/p>\n<p>&#8221;Sagaidu smagu un \u013coti l\u012bdzv\u0113rt\u012bgu c\u012b\u0146u. Zviedrija ir t\u012brs \u0101truma rallijs, kur rezult\u0101tu nosaka brauc\u0113js un automa\u0161\u012bna, un par uzticam\u012bbu nav j\u0101uztraucas tik daudz. Ja viss saliksies kop\u0101 un sp\u0113sim par\u0101d\u012bt savu lab\u0101ko sniegumu, uzskatu, ka no Zviedrijas ir iesp\u0113jams aizbraukt ar patie\u0161\u0101m sp\u0113c\u012bgu rezult\u0101tu,&#8221; t\u0101 soms.<\/p>\n<p>K\u0101 jau tas tika iepriek\u0161 run\u0101ts, tad vi\u0146a st\u016brmane WRC b\u016bs Janni Husi, kas savu st\u016brmanes karjeru s\u0101ka pirms nedaudz vair\u0101k nek\u0101 trim gadiem.  Pag\u0101ju\u0161aj\u0101 sezon\u0101 vi\u0146a las\u012bja stenogrammu Jari-Mati Latvalam Eiropas  V\u0113sturisk\u0101 rallija \u010dempion\u0101t\u0101. Latvala izc\u012bn\u012bja \u010dempiontitulu, ta\u010du Husi  st\u016brma\u0146u titulu nesa\u0146\u0113ma, jo bija spiesta izlaist divus posmus.  Pag\u0101ju\u0161aj\u0101 gad\u0101 Husi str\u0101d\u0101ja ar\u012b Toyota WRC komand\u0101, piedaloties Gravel Crew darb\u0101 asfalta rallijos.<br \/>\n<img loading=\"lazy\" decoding=\"async\" src=\"https:\/\/www.europesays.com\/lv\/wp-content\/uploads\/2026\/01\/524768753_24260791380240907_8832205996188278130_n.jpg\" width=\"420\" height=\"243\"\/><\/p>\n<p>Husi un Latvala. Foto: Geert Depuydt<\/p>\n<p>Latvala  ar\u012b \u0161ogad start\u0113s Eiropas V\u0113sturiskaj\u0101 rallija \u010dempion\u0101t\u0101 un ir  uzaicin\u0101jis Husi pievienoties vi\u0146am v\u0113lreiz. Tom\u0113r, p\u0113c Latvalas teikt\u0101,  Husi ir mekl\u0113jusi iesp\u0113ju nok\u013c\u016bt pasaules rallija \u010dempion\u0101t\u0101, un \u0161\u0101da  iesp\u0113ja tagad vi\u0146ai ir pav\u0113rusies kop\u0101 ar Suninenu.<\/p>\n<p>&#8221;Protams, mums abiem b\u016bs m\u0101c\u012b\u0161an\u0101s process. Motiv\u0101cija ab\u0101s pus\u0113s ir \u013coti augsta, un m\u0113s gribam darbu paveikt k\u0101rt\u012bgi. Zviedrijas rallij\u0101 kop\u0101 ar Husi dodos ar p\u0101rliec\u012bbu,&#8221; rezum\u0113ja Suninens. &#8221;M\u0113s nopietni str\u0101d\u0101jam ar\u012b pie t\u0101, lai \u0161ogad programm\u0101 pievienotu v\u0113l vair\u0101k ralliju. \u0160aj\u0101 sport\u0101 tam ir j\u0101sakr\u012bt vair\u0101kiem apst\u0101k\u013ciem, ta\u010du iecere noteikti nav vienreiz\u0113js starts,&#8221; sac\u012bja Suninens.<\/p>\n<p>\u0160is b\u016bs Husi otrais starts Zviedrijas rallij\u0101. Savu WRC debiju vi\u0146a piedz\u012bvoja 2024. gad\u0101, start\u0113jot kop\u0101 ar Lauri Jona. &#8221;T\u0113mu  ir augst\u0101k\u0101 l\u012bme\u0146a pilots, un es ar lielu prieku k\u0101pju ma\u0161\u012bn\u0101 kop\u0101 ar  vi\u0146u. Mums abiem ir augstas amb\u012bcijas. Ir lieliski atgriezties WRC2  sacens\u012bb\u0101s jau sezonas pa\u0161\u0101 s\u0101kum\u0101,&#8221; sac\u012bja Husi.<\/p>\n<p><img loading=\"lazy\" decoding=\"async\" height=\"273\" width=\"420\" src=\"https:\/\/www.europesays.com\/lv\/wp-content\/uploads\/2026\/01\/Clipboard05_93.jpg\"\/><br \/>Foto: www.facebook.com\/motorsportsuninen<br \/>\n<br \/>Atg\u0101din\u0101sim, ka Suninens 2023. gad\u0101 piedal\u012bj\u0101s \u010detros WRC posmos ar &#8221;Hyundai Rally1&#8221; automa\u0161\u012bnu un cent\u0101s ieg\u016bt r\u016bpn\u012bcas brauc\u0113ja vietu Hyundai komand\u0101 2024. gada sezonai. \u0160\u012b iesp\u0113ja nepiepild\u012bj\u0101s, ta\u010du vi\u0146\u0161 piedal\u012bj\u0101s piecos WRC posmos ar &#8221;Hyundai Rally2&#8221; auto. Sezona izv\u0113rt\u0101s sare\u017e\u0123\u012bta, jo Hyundai tehniskais komplekts nebija \u012bpa\u0161i konkur\u0113tsp\u0113j\u012bgs.<\/p>\n<p>Pag\u0101ju\u0161aj\u0101 gad\u0101 Suninens koncentr\u0113j\u0101s uz trenera darbu un bija mentors vair\u0101kiem jaunajiem talantiem.\u00a0&#8221;J\u016btu, ka mans vecums un pieredze b\u016btu ide\u0101li piem\u0113roti darbam ar jaunaj\u0101m automa\u0161\u012bn\u0101m. Turkl\u0101t man joproj\u0101m ir motiv\u0101cija braukt un sacensties,&#8221;\u00a0port\u0101lam RallyJournal.com teica soms.<\/p>\n","protected":false},"excerpt":{"rendered":"Foto: Sania Svinarenko Biju\u0161ais WRC pilots T\u0113mu Suninens pazi\u0146ojis, ka atgriez\u012bsies pasaules rallija \u010dempion\u0101t\u0101 (WRC) ar jaunu automa\u0161\u012bnu&hellip;\n","protected":false},"author":2,"featured_media":105445,"comment_status":"","ping_status":"","sticky":false,"template":"","format":"standard","meta":{"footnotes":""},"categories":[17],"tags":[35,39,38,36,37,34,40,67],"class_list":{"0":"post-105444","1":"post","2":"type-post","3":"status-publish","4":"format-standard","5":"has-post-thumbnail","7":"category-sports","8":"tag-latvia","9":"tag-latvian","10":"tag-latviesu","11":"tag-latviesu-valoda","12":"tag-latviesuvaloda","13":"tag-latvija","14":"tag-lv","15":"tag-sports"},"share_on_mastodon":{"url":"https:\/\/pubeurope.com\/@lv\/115898949483568847","error":""},"_links":{"self":[{"href":"https:\/\/www.europesays.com\/lv\/wp-json\/wp\/v2\/posts\/105444","targetHints":{"allow":["GET"]}}],"collection":[{"href":"https:\/\/www.europesays.com\/lv\/wp-json\/wp\/v2\/posts"}],"about":[{"href":"https:\/\/www.europesays.com\/lv\/wp-json\/wp\/v2\/types\/post"}],"author":[{"embeddable":true,"href":"https:\/\/www.europesays.com\/lv\/wp-json\/wp\/v2\/users\/2"}],"replies":[{"embeddable":true,"href":"https:\/\/www.europesays.com\/lv\/wp-json\/wp\/v2\/comments?post=105444"}],"version-history":[{"count":0,"href":"https:\/\/www.europesays.com\/lv\/wp-json\/wp\/v2\/posts\/105444\/revisions"}],"wp:featuredmedia":[{"embeddable":true,"href":"https:\/\/www.europesays.com\/lv\/wp-json\/wp\/v2\/media\/105445"}],"wp:attachment":[{"href":"https:\/\/www.europesays.com\/lv\/wp-json\/wp\/v2\/media?parent=105444"}],"wp:term":[{"taxonomy":"category","embeddable":true,"href":"https:\/\/www.europesays.com\/lv\/wp-json\/wp\/v2\/categories?post=105444"},{"taxonomy":"post_tag","embeddable":true,"href":"https:\/\/www.europesays.com\/lv\/wp-json\/wp\/v2\/tags?post=105444"}],"curies":[{"name":"wp","href":"https:\/\/api.w.org\/{rel}","templated":true}]}}