{"id":105448,"date":"2026-01-15T11:49:11","date_gmt":"2026-01-15T11:49:11","guid":{"rendered":"https:\/\/www.europesays.com\/lv\/105448\/"},"modified":"2026-01-15T11:49:11","modified_gmt":"2026-01-15T11:49:11","slug":"skotija-nezeligi-noslepkavots-latvijas-pilsonis-gimene-sero-arturs-bija-loti-milets-dels-tevs-un-dzivesbiedrs-jauns-lv","status":"publish","type":"post","link":"https:\/\/www.europesays.com\/lv\/105448\/","title":{"rendered":"Skotij\u0101 ne\u017e\u0113l\u012bgi noslepkavots Latvijas pilsonis. \u0122imene s\u0113ro: &quot;Art\u016brs bija \u013coti m\u012bl\u0113ts d\u0113ls, t\u0113vs un dz\u012bvesbiedrs&quot; &#8211; Jauns.lv"},"content":{"rendered":"<ol>\n<li><a href=\"https:\/\/news.google.com\/rss\/articles\/CBMi4gFBVV95cUxOUE1PSldXOWVFd3RfWUlLc0U1NzNZZFJPdFo5dTBVbkhfWkFhblRnTFVPRHJDODRpRVlfX25CanNWT1BfYnR5aVdJeUVWeDd4U1lENlUzYVkwRmFCQTZXVW5ZdS1ES3I1d0RzeXhOTDMyN0JMdXhBT2N1YWNqbzVLRHVXbGVTTnBSSlV4Ml9Kb2FDZHZhOHZPTjFiYzZyRHFEYVFQSkhYSVMxcW12X2JUdVk0a3ZCVTM0blctYWRXb2EweXN2WDRZZzdmWEZVZWp2bVVMZEk3SndaSzdCYUs3MVZn?oc=5\" target=\"_blank\" rel=\"nofollow noopener\">Skotij\u0101 ne\u017e\u0113l\u012bgi noslepkavots Latvijas pilsonis. \u0122imene s\u0113ro: &#8220;Art\u016brs bija \u013coti m\u012bl\u0113ts d\u0113ls, t\u0113vs un dz\u012bvesbiedrs&#8221;<\/a>&nbsp;&nbsp;Jauns.lv<\/li>\n<li><a href=\"https:\/\/news.google.com\/rss\/articles\/CBMigAFBVV95cUxOSE1kMzFxT3ZDZnhQRmtHLVFobTlwVVV4SV9ZN01FTHl5SHdDV3NUYnlLVU9lY3J5amFnTXZvSWJHZzhDUy1sNWQ3Q19pNFZJbVlUbHZfRUczd1liZUVjV1BNaEFPYnpFSlhUekJfT1A5ZGdpMEl6NGJSd1dRWlIybw?oc=5\" target=\"_blank\" rel=\"nofollow noopener\">Skotij\u0101 nogalin\u0101ts Latvijas valstspieder\u012bgais<\/a>&nbsp;&nbsp;Apollo.lv<\/li>\n<li><a href=\"https:\/\/news.google.com\/rss\/articles\/CBMitwFBVV95cUxQcVd1MmxWeTc2OC1mOGM4ZGlzYXg5S1VxN0w4NVhjWmJieGVFQ3BnTGNVMk1CS0hpNlUxYjVKNlNxWURZaFhvdmJ4Yk9zM1JzVThBSHVyeW04Tm9TLVRFdGRTVE5teUxLdnBCMEp3QnFhQUpYQzk1LWJ3UUwtamgzQmd2VFVyWnk3U2hFRkxmSVFOYU5oZnhGU0dBNzRaTWZxRDNxSFE3VjNFeHFIZUo4djNvMm9DY1k?oc=5\" target=\"_blank\" rel=\"nofollow noopener\">Skotij\u0101 vardarb\u012bgi nogalin\u0101ts Latvijas pilsonis Art\u016brs; aizdom\u0101s tur\u0113tie \u2013 t\u0113vs un d\u0113ls<\/a>&nbsp;&nbsp;tv3.lv<\/li>\n<li><a href=\"https:\/\/news.google.com\/rss\/articles\/CBMilAFBVV95cUxOaFNwOThxUXY2TU8zME9fQy1ndnFrNWNqZW5DVFJuU01FbV9waEdXdDNMVGRwSGUwXy1MQ0V5X3J1T2R1NDhBeGxLVndzVmZGYVRwOURjYTl0MUFkcWFiZ183elFPQ21VVEtOaVlrR00tZEhaUnliVjJjVW9BUnVtQVVPM3NlZS1peWRoM3V3QXNUbnJq?oc=5\" target=\"_blank\" rel=\"nofollow noopener\">Skotijas pils\u0113t\u0101 Invernes\u0101 nodurts Latvijas valstspieder\u012bgais<\/a>&nbsp;&nbsp;TVNET<\/li>\n<\/ol>\n","protected":false},"excerpt":{"rendered":"Skotij\u0101 ne\u017e\u0113l\u012bgi noslepkavots Latvijas pilsonis. \u0122imene s\u0113ro: &#8220;Art\u016brs bija \u013coti m\u012bl\u0113ts d\u0113ls, t\u0113vs un dz\u012bvesbiedrs&#8221;&nbsp;&nbsp;Jauns.lv Skotij\u0101 nogalin\u0101ts Latvijas&hellip;\n","protected":false},"author":2,"featured_media":105449,"comment_status":"","ping_status":"","sticky":false,"template":"","format":"standard","meta":{"footnotes":""},"categories":[5],"tags":[23,28,29,32,33,22,30,31,35,39,38,36,37,34,40,20,26,27,24,25,21],"class_list":{"0":"post-105448","1":"post","2":"type-post","3":"status-publish","4":"format-standard","5":"has-post-thumbnail","7":"category-aktualitates","8":"tag-aktualitates","9":"tag-breaking-news","10":"tag-breakingnews","11":"tag-featured-news","12":"tag-featurednews","13":"tag-headlines","14":"tag-latest-news","15":"tag-latestnews","16":"tag-latvia","17":"tag-latvian","18":"tag-latviesu","19":"tag-latviesu-valoda","20":"tag-latviesuvaloda","21":"tag-latvija","22":"tag-lv","23":"tag-news","24":"tag-popularakas-zinas","25":"tag-popularakaszinas","26":"tag-top-stories","27":"tag-topstories","28":"tag-zinas"},"share_on_mastodon":{"url":"https:\/\/pubeurope.com\/@lv\/115898965201407151","error":""},"_links":{"self":[{"href":"https:\/\/www.europesays.com\/lv\/wp-json\/wp\/v2\/posts\/105448","targetHints":{"allow":["GET"]}}],"collection":[{"href":"https:\/\/www.europesays.com\/lv\/wp-json\/wp\/v2\/posts"}],"about":[{"href":"https:\/\/www.europesays.com\/lv\/wp-json\/wp\/v2\/types\/post"}],"author":[{"embeddable":true,"href":"https:\/\/www.europesays.com\/lv\/wp-json\/wp\/v2\/users\/2"}],"replies":[{"embeddable":true,"href":"https:\/\/www.europesays.com\/lv\/wp-json\/wp\/v2\/comments?post=105448"}],"version-history":[{"count":0,"href":"https:\/\/www.europesays.com\/lv\/wp-json\/wp\/v2\/posts\/105448\/revisions"}],"wp:featuredmedia":[{"embeddable":true,"href":"https:\/\/www.europesays.com\/lv\/wp-json\/wp\/v2\/media\/105449"}],"wp:attachment":[{"href":"https:\/\/www.europesays.com\/lv\/wp-json\/wp\/v2\/media?parent=105448"}],"wp:term":[{"taxonomy":"category","embeddable":true,"href":"https:\/\/www.europesays.com\/lv\/wp-json\/wp\/v2\/categories?post=105448"},{"taxonomy":"post_tag","embeddable":true,"href":"https:\/\/www.europesays.com\/lv\/wp-json\/wp\/v2\/tags?post=105448"}],"curies":[{"name":"wp","href":"https:\/\/api.w.org\/{rel}","templated":true}]}}