{"id":105454,"date":"2026-01-15T11:54:10","date_gmt":"2026-01-15T11:54:10","guid":{"rendered":"https:\/\/www.europesays.com\/lv\/105454\/"},"modified":"2026-01-15T11:54:10","modified_gmt":"2026-01-15T11:54:10","slug":"latgale-atklata-vel-viena-nelegala-cigaresu-razotne","status":"publish","type":"post","link":"https:\/\/www.europesays.com\/lv\/105454\/","title":{"rendered":"Latgal\u0113 atkl\u0101ta v\u0113l viena neleg\u0101la cigare\u0161u ra\u017eotne"},"content":{"rendered":"<p class=\"lead\">\n                                Valsts policija sadarb\u012bb\u0101 ar Valsts robe\u017esardzi Latgales re\u0123ion\u0101 atkl\u0101jusi v\u0113l vienu neleg\u0101lu cigare\u0161u ra\u017eotni, kas saist\u012bta ar iepriek\u0161 atkl\u0101tu starptautisku organiz\u0113t\u0101s noziedz\u012bbas t\u012bklu. T\u0101 darb\u012bba tika aptur\u0113ta 2024. gada nogal\u0113, aizturot 32 personas un konfisc\u0113jot gandr\u012bz 300 miljonus cigare\u0161u. Izmekl\u0113\u0161an\u0101 noskaidrots, ka viena persona figur\u0113 abos krimin\u0101lprocesos, inform\u0113 Valsts policija.\n                            <\/p>\n<p>Jaun\u0101 ra\u017eotne atkl\u0101ta 2025. gad\u0101, policijai veicot operat\u012bvos pas\u0101kumus. Taj\u0101 konstat\u0113ta profesion\u0101la cigare\u0161u ra\u017eo\u0161anas l\u012bnija, 35 miljoni da\u017e\u0101du marku cigare\u0161u, k\u0101 ar\u012b nepiecie\u0161am\u0101s izejvielas. Procesu\u0101lo darb\u012bbu laik\u0101 aiztur\u0113ti se\u0161i v\u012brie\u0161i, no kuriem viens jau bija iesaist\u012bts iepriek\u0161\u0113j\u0101 krimin\u0101lproces\u0101 par neleg\u0101lu cigare\u0161u ra\u017eo\u0161anu un kontrabandu.<\/p>\n<p>Krimin\u0101lprocess s\u0101kts saska\u0146\u0101 ar Krimin\u0101llikuma 221. panta tre\u0161o da\u013cu \u2014 par tabakas izstr\u0101d\u0101jumu nelikum\u012bgu izgatavo\u0161anu, uzglab\u0101\u0161anu un p\u0101rvieto\u0161anu realiz\u0101cijas nol\u016bk\u0101 liel\u0101 apm\u0113r\u0101 organiz\u0113t\u0101 grup\u0101. Izmekl\u0113\u0161anas gait\u0101 2025. gada decembr\u012b Latgales un R\u012bgas re\u0123ion\u0101 veiktas vair\u0101kas sankcion\u0113tas krat\u012b\u0161anas, kuru laik\u0101 iz\u0146emta ar\u012b sasmalcin\u0101ta tabaka vair\u0101k nek\u0101 1,6 tonnu apm\u0113r\u0101, ra\u017eo\u0161anas iek\u0101rtas, izejvielas un Krievijas Feder\u0101cijas un Baltkrievijas akc\u012bzes markas.<\/p>\n<p>Papildu inform\u0101cija par iesp\u0113jamu v\u0113l vienu nelikum\u012bgu ra\u017eo\u0161anas vietu \u013c\u0101va robe\u017esargiem neatliekam\u012bbas k\u0101rt\u012bb\u0101 veikt krat\u012b\u0161anu, kur\u0101 atrastas ra\u017eo\u0161anas izejvielas un kravas automa\u0161\u012bnu piekab\u0113s pasl\u0113pta cigare\u0161u ra\u017eo\u0161anas iek\u0101rta.<\/p>\n<p><img decoding=\"async\" class=\"img-fluid mb-3\" loading=\"lazy\" src=\"https:\/\/www.europesays.com\/lv\/wp-content\/uploads\/2026\/01\/202601151209356968bcdf0f36e.jpg\" alt=\"Neleg\u0101la cigare\u0161u ra\u017eotne.\"\/><\/p>\n<p> Valsts policija atkl\u0101j neleg\u0101lu cigare\u0161u ra\u017eotni <\/p>\n<p> Valsts policija atkl\u0101j neleg\u0101lu cigare\u0161u ra\u017eotni <\/p>\n<p> Neleg\u0101la cigare\u0161u ra\u017eotne. <\/p>\n<p>Saskatot organiz\u0113t\u0101s noziedz\u012bbas paz\u012bmes, krimin\u0101lprocess nodots Valsts policijas Organiz\u0113t\u0101s noziedz\u012bbas smago un s\u0113rijveida noziegumu apkaro\u0161anas p\u0101rvaldei. Vienai personai piem\u0113rots aizdom\u0101s tur\u0113t\u0101 statuss, tiesa apcietin\u0101jumu nepiem\u0113roja, nosakot ar br\u012bv\u012bbas at\u0146em\u0161anu nesaist\u012btus dro\u0161\u012bbas l\u012bdzek\u013cus. P\u0101r\u0113jiem pieciem v\u012brie\u0161iem piem\u0113rots personas, pret kuru s\u0101kts krimin\u0101lprocess, statuss. Izmekl\u0113\u0161ana turpin\u0101s.<\/p>\n<p>\u0160obr\u012bd Valsts policija turpina izmekl\u0113\u0161anu abos augst\u0101kmin\u0113tajos krimin\u0101lprocesos \u2013 gan \u0161aj\u0101 jaunatkl\u0101taj\u0101 neleg\u0101lo cigare\u0161u ra\u017eotnes liet\u0101, gan 2024. gada nogal\u0113 atkl\u0101taj\u0101 liet\u0101, par ko zi\u0146ots <a href=\"https:\/\/www.lasi.lv\/par-svarigo\/latvija\/aiztur-32-nelegalas-tabakas-razotajus.22899\" rel=\"nofollow noopener\" target=\"_blank\">iepriek\u0161<\/a>.<\/p>\n<p class=\"paragraph-muted\">Izv\u0113lies savu soct\u012bklu platformu, lai sekotu LASI.LV: <a href=\"https:\/\/www.facebook.com\/portals.lasi.lv\" target=\"_blank\" rel=\"noopener noreferrer nofollow\">Facebook<\/a>, <a href=\"https:\/\/twitter.com\/lasilvportals\" target=\"_blank\" rel=\"noopener noreferrer nofollow\">X<\/a>, <a href=\"https:\/\/bsky.app\/profile\/lasilv.bsky.social\" target=\"_blank\" rel=\"noopener noreferrer nofollow\">Bluesky<\/a>, <a href=\"https:\/\/www.draugiem.lv\/lasilv\/?pg=4\" target=\"_blank\" rel=\"noopener noreferrer nofollow\">Draugiem<\/a>, <a href=\"https:\/\/www.threads.com\/@lasilv_zinas\" rel=\"nofollow noopener\" target=\"_blank\">Threads<\/a> vai ar\u012b <a href=\"https:\/\/www.instagram.com\/lasilv_zinas\/\" target=\"_blank\" rel=\"noopener noreferrer nofollow\">Instagram<\/a>. Pievienojies m\u016bsu las\u012bt\u0101ju pulkam, lai sa\u0146emtu \u012bpa\u0161i tev atlas\u012btu noder\u012bgu, praktisku un aktu\u0101lu saturu.\u00a0<\/p>\n<p style=\"margin-left:auto;\">Pieraksties LASI.LV redaktora v\u0113stkopai <a href=\"https:\/\/lasi.lv\/vestkopa\/lasi-lv-galvena-redaktora-vestkopa\" rel=\"nofollow noopener\" target=\"_blank\">\u0161eit<\/a>.<\/p>\n<p>Pieraksties v\u0113stkopai un divas reizes ned\u0113\u013c\u0101 sa\u0146em padzi\u013cin\u0101tu LASI.LV galven\u0101 redaktora aktu\u0101lo zi\u0146u, kompetentu viedok\u013cu un interesant\u0101ko interviju apkopojumu.<\/p>\n<p>Ko tu sa\u0146emsi:<\/p>\n<ul>\n<li>Daudzveid\u012bgus koment\u0101rus un kompetentus Latvijas Mediju \u017eurn\u0101listu un autoru viedok\u013cus par aktu\u0101lo<\/li>\n<li>Ekspertu koment\u0101rus par da\u017e\u0101diem praktiskiem, noder\u012bgiem tematiem<\/li>\n<li>Aizraujo\u0161us materi\u0101lus par v\u0113sturi, psiholo\u0123iju, kult\u016bru<\/li>\n<li>Gata \u0160\u013c\u016bkas karikat\u016bru<\/li>\n<li>Tav\u0101 e-pasta kast\u012bt\u0113 katru ceturtdienu<\/li>\n<\/ul>\n<p style=\"margin-left:auto;\">\u00a0<\/p>\n<p><script async src=\"https:\/\/platform.twitter.com\/widgets.js\" charset=\"utf-8\"><\/script><script async src=\"\/\/www.instagram.com\/embed.js\"><\/script><\/p>\n","protected":false},"excerpt":{"rendered":"Valsts policija sadarb\u012bb\u0101 ar Valsts robe\u017esardzi Latgales re\u0123ion\u0101 atkl\u0101jusi v\u0113l vienu neleg\u0101lu cigare\u0161u ra\u017eotni, kas saist\u012bta ar iepriek\u0161&hellip;\n","protected":false},"author":2,"featured_media":105455,"comment_status":"","ping_status":"","sticky":false,"template":"","format":"standard","meta":{"footnotes":""},"categories":[12],"tags":[23,28,29,32,33,22,30,31,35,39,38,36,37,34,40,20,26,27,24,25,21],"class_list":{"0":"post-105454","1":"post","2":"type-post","3":"status-publish","4":"format-standard","5":"has-post-thumbnail","7":"category-latvija","8":"tag-aktualitates","9":"tag-breaking-news","10":"tag-breakingnews","11":"tag-featured-news","12":"tag-featurednews","13":"tag-headlines","14":"tag-latest-news","15":"tag-latestnews","16":"tag-latvia","17":"tag-latvian","18":"tag-latviesu","19":"tag-latviesu-valoda","20":"tag-latviesuvaloda","21":"tag-latvija","22":"tag-lv","23":"tag-news","24":"tag-popularakas-zinas","25":"tag-popularakaszinas","26":"tag-top-stories","27":"tag-topstories","28":"tag-zinas"},"share_on_mastodon":{"url":"https:\/\/pubeurope.com\/@lv\/115898984959806041","error":""},"_links":{"self":[{"href":"https:\/\/www.europesays.com\/lv\/wp-json\/wp\/v2\/posts\/105454","targetHints":{"allow":["GET"]}}],"collection":[{"href":"https:\/\/www.europesays.com\/lv\/wp-json\/wp\/v2\/posts"}],"about":[{"href":"https:\/\/www.europesays.com\/lv\/wp-json\/wp\/v2\/types\/post"}],"author":[{"embeddable":true,"href":"https:\/\/www.europesays.com\/lv\/wp-json\/wp\/v2\/users\/2"}],"replies":[{"embeddable":true,"href":"https:\/\/www.europesays.com\/lv\/wp-json\/wp\/v2\/comments?post=105454"}],"version-history":[{"count":0,"href":"https:\/\/www.europesays.com\/lv\/wp-json\/wp\/v2\/posts\/105454\/revisions"}],"wp:featuredmedia":[{"embeddable":true,"href":"https:\/\/www.europesays.com\/lv\/wp-json\/wp\/v2\/media\/105455"}],"wp:attachment":[{"href":"https:\/\/www.europesays.com\/lv\/wp-json\/wp\/v2\/media?parent=105454"}],"wp:term":[{"taxonomy":"category","embeddable":true,"href":"https:\/\/www.europesays.com\/lv\/wp-json\/wp\/v2\/categories?post=105454"},{"taxonomy":"post_tag","embeddable":true,"href":"https:\/\/www.europesays.com\/lv\/wp-json\/wp\/v2\/tags?post=105454"}],"curies":[{"name":"wp","href":"https:\/\/api.w.org\/{rel}","templated":true}]}}