{"id":105456,"date":"2026-01-15T11:55:17","date_gmt":"2026-01-15T11:55:17","guid":{"rendered":"https:\/\/www.europesays.com\/lv\/105456\/"},"modified":"2026-01-15T11:55:17","modified_gmt":"2026-01-15T11:55:17","slug":"asv-militara-iejauksanas-irana-varetu-notikt-jau-tuvako-24-stundu-laika","status":"publish","type":"post","link":"https:\/\/www.europesays.com\/lv\/105456\/","title":{"rendered":"ASV milit\u0101ra iejauk\u0161an\u0101s Ir\u0101n\u0101 var\u0113tu notikt jau tuv\u0101ko 24 stundu laik\u0101"},"content":{"rendered":"<p>\u0160ie izteikumi seko virknei sign\u0101lu, kas p\u0113d\u0113jo stundu laik\u0101 liecina par ASV milit\u0101ras r\u012bc\u012bbas pietuvo\u0161anos.<\/p>\n<p>Pirmk\u0101rt, <a href=\"https:\/\/tv3.lv\/zinas\/arvalstis\/lielbritanija-izved-militaro-personalu-no-asv-bazes-katara\/\" rel=\"nofollow noopener\" target=\"_blank\">Lielbrit\u0101nija<\/a> un <a href=\"https:\/\/tv3.lv\/zinas\/arvalstis\/daziem-darbiniekiem-ieteikts-pamest-asv-militaro-bazi-katara\/\" rel=\"nofollow noopener\" target=\"_blank\">ASV<\/a> s\u0101ku\u0161as izvest person\u0101lu no gaisa sp\u0113ku b\u0101zes Katar\u0101, \u0146emot v\u0113r\u0101 Ir\u0101nas draudus veikt atbildes triecienus pret ASV milit\u0101raj\u0101m b\u0101z\u0113m re\u0123ion\u0101 gad\u012bjum\u0101, ja tai tiktu uzbrukts.<\/p>\n<p>Otrk\u0101rt, Ir\u0101na, k\u0101 \u0161odien zi\u0146oja Reuters, ir br\u012bdin\u0101jusi kaimi\u0146valstis par iesp\u0113jamu atbildes r\u012bc\u012bbu, ja notiktu \u0101r\u0113js milit\u0101rs uzbrukums.<\/p>\n<p>Tre\u0161k\u0101rt, nakt\u012b uzrun\u0101jot protest\u0113t\u0101jus Ir\u0101n\u0101, Donalds Tramps aicin\u0101ja vi\u0146us \u201cturpin\u0101t protestus\u201d, piebilstot, ka <a href=\"https:\/\/tv3.lv\/zinas\/arvalstis\/irana-varetu-but-nogalinati-jau-gandriz-2000-protestetaju-tramps-sola-ka-palidziba-ir-cela\/\" rel=\"nofollow noopener\" target=\"_blank\">\u201cpal\u012bdz\u012bba ir ce\u013c\u0101\u201d<\/a>, tom\u0113r s\u012bk\u0101k nepaskaidrojot, ko ar to dom\u0101jis.<\/p>\n<p>Ceturtk\u0101rt, It\u0101lija un Polija mudin\u0101jusi savus pilso\u0146us nekav\u0113joties pamest Ir\u0101nu.<\/p>\n<p>Papildu spriedzi rada ar\u012b inform\u0101cija par Ir\u0101nas sabiedroto grup\u0113jumu \u201cHezbollah\u201d Lib\u0101n\u0101. Saska\u0146\u0101 ar Reuters diplom\u0101ti pag\u0101ju\u0161aj\u0101 ned\u0113\u013c\u0101 l\u016bgu\u0161i \u0161im Ir\u0101nas atbalst\u012btajam grup\u0113jumam sniegt garantijas, ka tas neveiks milit\u0101ras darb\u012bbas gad\u012bjum\u0101, ja ASV vai Izra\u0113la uzbruktu Ir\u0101nai. K\u0101 zi\u0146ots, Lib\u0101nas paramilit\u0101rais grup\u0113jums nepl\u0101no r\u012bkoties, ja trieciens Ir\u0101nai neb\u016btu uzskat\u0101ms par \u201ceksistenci\u0101lu apdraud\u0113jumu\u201d.<\/p>\n<p>Pieaugo\u0161\u0101 spriedze Tuvajos Austrumos liek starptautiskajai sabiedr\u012bbai ar ba\u017e\u0101m v\u0113rot notikumu att\u012bst\u012bbu, jo iesp\u0113jamai ASV milit\u0101rai r\u012bc\u012bbai var\u0113tu b\u016bt pla\u0161as sekas re\u0123ion\u0101lajai dro\u0161\u012bbai.<\/p>\n<p class=\"tv3-fw-500\">Zi\u0146o par k\u013c\u016bdu rakst\u0101<\/p>\n<p class=\"d-md-block d-none\">Iez\u012bm\u0113 k\u013c\u016bdaino tekstu un spied Ctrl+Enter.<\/p>\n<p class=\"d-md-none d-block\">Iez\u012bm\u0113 k\u013c\u016bdaino tekstu un zi\u0146o par to!<\/p>\n","protected":false},"excerpt":{"rendered":"\u0160ie izteikumi seko virknei sign\u0101lu, kas p\u0113d\u0113jo stundu laik\u0101 liecina par ASV milit\u0101ras r\u012bc\u012bbas pietuvo\u0161anos. Pirmk\u0101rt, Lielbrit\u0101nija un&hellip;\n","protected":false},"author":2,"featured_media":105457,"comment_status":"","ping_status":"","sticky":false,"template":"","format":"standard","meta":{"footnotes":""},"categories":[5],"tags":[23,25270,28,29,32,33,22,30,31,35,39,38,36,37,34,40,20,26,27,24,25,21],"class_list":{"0":"post-105456","1":"post","2":"type-post","3":"status-publish","4":"format-standard","5":"has-post-thumbnail","7":"category-aktualitates","8":"tag-aktualitates","9":"tag-asviranatuvie-austrumi","10":"tag-breaking-news","11":"tag-breakingnews","12":"tag-featured-news","13":"tag-featurednews","14":"tag-headlines","15":"tag-latest-news","16":"tag-latestnews","17":"tag-latvia","18":"tag-latvian","19":"tag-latviesu","20":"tag-latviesu-valoda","21":"tag-latviesuvaloda","22":"tag-latvija","23":"tag-lv","24":"tag-news","25":"tag-popularakas-zinas","26":"tag-popularakaszinas","27":"tag-top-stories","28":"tag-topstories","29":"tag-zinas"},"share_on_mastodon":{"url":"https:\/\/pubeurope.com\/@lv\/115898988854662047","error":""},"_links":{"self":[{"href":"https:\/\/www.europesays.com\/lv\/wp-json\/wp\/v2\/posts\/105456","targetHints":{"allow":["GET"]}}],"collection":[{"href":"https:\/\/www.europesays.com\/lv\/wp-json\/wp\/v2\/posts"}],"about":[{"href":"https:\/\/www.europesays.com\/lv\/wp-json\/wp\/v2\/types\/post"}],"author":[{"embeddable":true,"href":"https:\/\/www.europesays.com\/lv\/wp-json\/wp\/v2\/users\/2"}],"replies":[{"embeddable":true,"href":"https:\/\/www.europesays.com\/lv\/wp-json\/wp\/v2\/comments?post=105456"}],"version-history":[{"count":0,"href":"https:\/\/www.europesays.com\/lv\/wp-json\/wp\/v2\/posts\/105456\/revisions"}],"wp:featuredmedia":[{"embeddable":true,"href":"https:\/\/www.europesays.com\/lv\/wp-json\/wp\/v2\/media\/105457"}],"wp:attachment":[{"href":"https:\/\/www.europesays.com\/lv\/wp-json\/wp\/v2\/media?parent=105456"}],"wp:term":[{"taxonomy":"category","embeddable":true,"href":"https:\/\/www.europesays.com\/lv\/wp-json\/wp\/v2\/categories?post=105456"},{"taxonomy":"post_tag","embeddable":true,"href":"https:\/\/www.europesays.com\/lv\/wp-json\/wp\/v2\/tags?post=105456"}],"curies":[{"name":"wp","href":"https:\/\/api.w.org\/{rel}","templated":true}]}}